{"id":598358,"date":"2025-12-14T08:54:17","date_gmt":"2025-12-14T08:54:17","guid":{"rendered":"https:\/\/www.europesays.com\/fr\/598358\/"},"modified":"2025-12-14T08:54:17","modified_gmt":"2025-12-14T08:54:17","slug":"depuis-le-cambriolage-au-louvre-les-musees-francais-sous-tension","status":"publish","type":"post","link":"https:\/\/www.europesays.com\/fr\/598358\/","title":{"rendered":"Depuis le cambriolage au Louvre, les mus\u00e9es fran\u00e7ais sous tension"},"content":{"rendered":"<p>                     <img loading=\"lazy\" decoding=\"async\" src=\"https:\/\/www.europesays.com\/fr\/wp-content\/uploads\/2025\/12\/9014418_upload-1-dvezrnkgkttm-maxnewsworldsix732071.jpg\" alt=\"Apr\u00e8s un vol au Mus\u00e9e national Adrien-Dubouch\u00e9, \u00e0 Limoges, le 4\u00a0septembre\u00a02025.\"   width=\"664\" height=\"443\"\/>    Apr\u00e8s un vol au Mus\u00e9e national Adrien-Dubouch\u00e9, \u00e0 Limoges, le 4\u00a0septembre\u00a02025.  FRANCK LAGIER\/MAXPPP                 <\/p>\n<p class=\"article__paragraph  \">Ancien d\u2019Interpol (l\u2019organisation internationale de la police criminelle), pass\u00e9 par les renseignements g\u00e9n\u00e9raux fran\u00e7ais et le service s\u00e9curit\u00e9 s\u00fbret\u00e9 du minist\u00e8re de la culture o\u00f9 il avait audit\u00e9 plus de 700 lieux culturels, St\u00e9phane Th\u00e9fo coulait une retraite qui\u00e8te et heureuse \u00e0 Lyon. Mais <a href=\"https:\/\/www.lemonde.fr\/cambriolage-au-louvre\/\" rel=\"nofollow noopener\" target=\"_blank\">le vol rocambolesque au Louvre<\/a>, dimanche 19\u00a0octobre, lui a brusquement fait reprendre du service. \u00ab\u00a0On me sollicite de partout, sourit le sexag\u00e9naire qui fait dix ans de moins.\u00a0Ce vol, qui \u00e9tait \u00e0 la fois astucieux et culott\u00e9, a \u00e9t\u00e9 un \u00e9lectrochoc.\u00a0\u00bb Pas un jour sans qu\u2019un conservateur d\u2019un mus\u00e9e arch\u00e9ologique ou le maire d\u2019une commune rurale inquiet de la protection de son \u00e9glise l\u2019appelle pour des audits ou des formations.<\/p>\n<p class=\"article__paragraph  \">On comprend leur panique\u00a0: entre septembre et octobre, en France, pas moins de sept \u00e9tablissements culturels ont \u00e9t\u00e9 vis\u00e9s par des cambriolages. Dans la nuit du 3 au 4\u00a0septembre, <a href=\"https:\/\/www.lemonde.fr\/societe\/article\/2025\/09\/04\/un-musee-de-limoges-cambriole-le-vol-estime-a-au-moins-6-millions-d-euros_6638888_3224.html\" rel=\"nofollow noopener\" target=\"_blank\">vol au Mus\u00e9e national Adrien-Dubouch\u00e9, \u00e0 Limoges<\/a>. Deux plats et un vase en porcelaine de Chine, class\u00e9s Tr\u00e9sors nationaux, d\u00e9rob\u00e9s. Montant du butin estim\u00e9\u00a0: 6\u00a0millions d\u2019euros.<\/p>\n<p class=\"article__paragraph  \">Dans la nuit du 15 au 16\u00a0septembre, <a href=\"https:\/\/www.lemonde.fr\/societe\/article\/2025\/10\/21\/vol-au-museum-national-d-histoire-naturelle-a-paris-une-ressortissante-chinoise-mise-en-examen-et-placee-en-detention-provisoire_6648522_3224.html\" rel=\"nofollow noopener\" target=\"_blank\">le Mus\u00e9um national d\u2019histoire naturelle, \u00e0 Paris<\/a>, est d\u00e9lest\u00e9 de 6\u00a0kilogrammes de p\u00e9pites d\u2019or. Syst\u00e8me d\u2019alarme d\u00e9faillant. Un pr\u00e9judice \u00e9valu\u00e9 \u00e0 600\u00a0000\u00a0euros. Le Mus\u00e9e Cognacq-Jay, \u00e0 Paris, o\u00f9 des vitrines furent cass\u00e9es \u00e0 la hache en plein jour, et le Mus\u00e9e du Pr\u00e9sident-Jacques-Chirac, \u00e0 Sarran (Corr\u00e8ze), \u00e0 deux reprises, comptent \u00e9galement parmi les victimes d\u2019une s\u00e9rie noire qui r\u00e9v\u00e8le des failles parfois b\u00e9antes de s\u00fbret\u00e9. \u00ab\u00a0Une bijouterie est mieux prot\u00e9g\u00e9e qu\u2019un mus\u00e9e qui est une cible \u00e9minemment molle, contrairement aux banques ou aux grands joailliers\u00a0\u00bb, dit St\u00e9phane Th\u00e9fo.<\/p>\n<p class=\"reading-mode-only \"><strong>Il vous reste 84.42% de cet article \u00e0 lire. La suite est r\u00e9serv\u00e9e aux abonn\u00e9s.<\/strong><\/p>\n","protected":false},"excerpt":{"rendered":"Apr\u00e8s un vol au Mus\u00e9e national Adrien-Dubouch\u00e9, \u00e0 Limoges, le 4\u00a0septembre\u00a02025. FRANCK LAGIER\/MAXPPP Ancien d\u2019Interpol (l\u2019organisation internationale de&hellip;\n","protected":false},"author":2,"featured_media":598359,"comment_status":"","ping_status":"","sticky":false,"template":"","format":"standard","meta":{"footnotes":""},"categories":[1358],"tags":[1348,1384,1385,1386,58,59,1011,27],"class_list":{"0":"post-598358","1":"post","2":"type-post","3":"status-publish","4":"format-standard","5":"has-post-thumbnail","7":"category-arts-et-design","8":"tag-arts","9":"tag-arts-and-design","10":"tag-arts-et-design","11":"tag-design","12":"tag-divertissement","13":"tag-entertainment","14":"tag-fr","15":"tag-france"},"share_on_mastodon":{"url":"https:\/\/pubeurope.com\/@fr\/115717084661570709","error":""},"_links":{"self":[{"href":"https:\/\/www.europesays.com\/fr\/wp-json\/wp\/v2\/posts\/598358","targetHints":{"allow":["GET"]}}],"collection":[{"href":"https:\/\/www.europesays.com\/fr\/wp-json\/wp\/v2\/posts"}],"about":[{"href":"https:\/\/www.europesays.com\/fr\/wp-json\/wp\/v2\/types\/post"}],"author":[{"embeddable":true,"href":"https:\/\/www.europesays.com\/fr\/wp-json\/wp\/v2\/users\/2"}],"replies":[{"embeddable":true,"href":"https:\/\/www.europesays.com\/fr\/wp-json\/wp\/v2\/comments?post=598358"}],"version-history":[{"count":0,"href":"https:\/\/www.europesays.com\/fr\/wp-json\/wp\/v2\/posts\/598358\/revisions"}],"wp:featuredmedia":[{"embeddable":true,"href":"https:\/\/www.europesays.com\/fr\/wp-json\/wp\/v2\/media\/598359"}],"wp:attachment":[{"href":"https:\/\/www.europesays.com\/fr\/wp-json\/wp\/v2\/media?parent=598358"}],"wp:term":[{"taxonomy":"category","embeddable":true,"href":"https:\/\/www.europesays.com\/fr\/wp-json\/wp\/v2\/categories?post=598358"},{"taxonomy":"post_tag","embeddable":true,"href":"https:\/\/www.europesays.com\/fr\/wp-json\/wp\/v2\/tags?post=598358"}],"curies":[{"name":"wp","href":"https:\/\/api.w.org\/{rel}","templated":true}]}}