{"id":598362,"date":"2025-12-14T08:57:14","date_gmt":"2025-12-14T08:57:14","guid":{"rendered":"https:\/\/www.europesays.com\/fr\/598362\/"},"modified":"2025-12-14T08:57:14","modified_gmt":"2025-12-14T08:57:14","slug":"les-rares-confidences-de-florent-pagny-sur-la-fin-de-son-couple-avec-vanessa-paradis-elle-est-partie-avec","status":"publish","type":"post","link":"https:\/\/www.europesays.com\/fr\/598362\/","title":{"rendered":"Les rares confidences de Florent Pagny sur la fin de son couple avec Vanessa Paradis, \u00ab Elle est partie avec&#8230; \u00bb"},"content":{"rendered":"<p>Florent Pagny \u00e9tait de passage sur le plateau de Quotidien ce<br \/>\nvendredi 12 d\u00e9cembre, invit\u00e9 par Yann Barth\u00e8s. Une venue tr\u00e8s<br \/>\nattendue, \u00e0 l\u2019occasion de la sortie r\u00e9cente de son album Grandeur<br \/>\nnature, paru en septembre dernier, mais aussi pour parler de<br \/>\nl\u2019impressionnante tourn\u00e9e <strong>qu\u2019il pr\u00e9pare d\u00e8s mars<br \/>\n2026.<\/strong> \u00c0 64 ans, le chanteur appara\u00eet apais\u00e9 et surtout<br \/>\nconfiant. Il a \u00e9voqu\u00e9 son travail, ses projets\u2026 mais aussi des<br \/>\nsujets beaucoup plus personnels. Forc\u00e9ment, son \u00e9tat de sant\u00e9 a \u00e9t\u00e9<br \/>\nabord\u00e9. En r\u00e9mission de son cancer du poumon, Florent Pagny se<br \/>\nmontre prudent, mais optimiste. Il a confi\u00e9 avoir arr\u00eat\u00e9 de fumer<br \/>\ndepuis plusieurs ann\u00e9es et <strong>suivre ses contr\u00f4les<br \/>\nm\u00e9dicaux<\/strong> avec beaucoup de s\u00e9rieux. \u00ab \u00c7a va, \u00e7a va !<br \/>\n<strong>On contr\u00f4le tout.<\/strong> \u00c7a fait maintenant trois ans que<br \/>\nje suis \u00e0 jour avec mes contr\u00f4les \u00bb, a-t-il expliqu\u00e9.<\/p>\n<p>Florent Pagny annonce un nouvel album et \u00e9voque son combat sans<br \/>\nd\u00e9tour<\/p>\n<p>Sans dramatiser, il rappelle toutefois que <strong>la maladie<br \/>\nreste impr\u00e9visible.<\/strong> \u00ab C\u2019est une saloperie, \u00e7a peut<br \/>\nd\u00e9barquer n\u2019importe quand \u00bb, l\u00e2che-t-il, lucide. D\u2019ailleurs,<br \/>\n<a href=\"https:\/\/www.melty.fr\/people\/florent-pagny-face-au-cancer-il-a-deja-tout-prevu-pour-son-enterrement-les-choses-saggravent-2242415.html\" rel=\"nofollow noopener\" target=\"_blank\"><br \/>\nil a m\u00eame pr\u00e9vu son enterrement.<\/a> Malgr\u00e9 les traitements lourds,<br \/>\nl\u2019artiste assure que sa voix n\u2019a jamais \u00e9t\u00e9 affect\u00e9e. M\u00eame pendant<br \/>\nles chimioth\u00e9rapies, il continuait \u00e0 chanter et \u00e0 assurer son r\u00f4le<br \/>\nde coach dans The Voice. \u00ab Juste apr\u00e8s les chimios, pendant une<br \/>\nsemaine, c\u2019\u00e9tait compliqu\u00e9. Mais apr\u00e8s, \u00e7a allait \u00bb,<br \/>\nraconte-t-il avec humour, se souvenant de ses apparitions t\u00e9l\u00e9<br \/>\n<strong>\u00ab avec une dr\u00f4le de tronche \u00bb,<\/strong> mais<br \/>\ntoujours avec l\u2019\u00e9nergie intacte.<\/p>\n<p>Au fil de l\u2019interview, Florent Pagny est aussi revenu sur son<br \/>\nrythme de vie, d\u00e9sormais plus sain, et sur ses projets musicaux.<br \/>\nUne grande annonce a d\u2019ailleurs surpris les t\u00e9l\u00e9spectateurs :<br \/>\n<strong>un nouvel album est d\u00e9j\u00e0 en pr\u00e9paration.<\/strong> Le<br \/>\nchanteur a r\u00e9v\u00e9l\u00e9 que ce futur disque contiendrait plusieurs duos,<br \/>\nnotamment avec Benjamin Biolay, Christophe Ma\u00e9, Marc Lavoine ou<br \/>\nencore Al.Hy, r\u00e9v\u00e9l\u00e9e dans la premi\u00e8re saison de The Voice. Une<br \/>\nsortie pr\u00e9vue l\u2019an prochain, \u00ab tranquillement \u00bb, selon ses<br \/>\nmots.<\/p>\n<p>Surpris par la question, le chanteur se confie sur Vanessa<br \/>\nParadis<\/p>\n<p>Mais le moment qui a <strong>le plus marqu\u00e9 l\u2019interview<\/strong><br \/>\nest arriv\u00e9 lorsqu\u2019un documentaire diffus\u00e9 le soir m\u00eame sur France<br \/>\nT\u00e9l\u00e9visions a \u00e9t\u00e9 \u00e9voqu\u00e9. Un documentaire consacr\u00e9 \u00e0 \u00ab une<br \/>\nmusicienne que vous connaissez bien \u00bb. Yann Barth\u00e8s n\u2019a alors<br \/>\npas h\u00e9sit\u00e9 \u00e0 poser la question : \u00ab Un mot sur Vanessa ? \u00bb.<br \/>\nSurpris, Florent Pagny a r\u00e9pondu avec beaucoup de sinc\u00e9rit\u00e9. Plus<br \/>\nde trente ans apr\u00e8s leur histoire d\u2019amour tr\u00e8s m\u00e9diatis\u00e9e, le<br \/>\nchanteur a expliqu\u00e9 qu\u2019il n\u2019avait quasiment plus de contact avec<br \/>\nVanessa Paradis. \u00ab \u00c7a fait quand m\u00eame <strong>tr\u00e8s longtemps<br \/>\nque je ne l\u2019ai pas vue.<\/strong> Au moins 20, 25 ans \u00bb,<br \/>\nconfie-t-il.<\/p>\n<p>Les deux ex se sont simplement reparl\u00e9s au moment o\u00f9 Florent<br \/>\nPagny a annonc\u00e9 sa maladie, en 2023. <strong>\u00ab Le moment \u00e9tait<br \/>\nun peu plus grave \u00bb,<\/strong> pr\u00e9cise-t-il. De 1988 \u00e0 1991,<br \/>\nFlorent Pagny et Vanessa Paradis formaient pourtant l\u2019un des<br \/>\ncouples les plus comment\u00e9s de la sc\u00e8ne fran\u00e7aise. Elle n\u2019avait que<br \/>\n15 ans, lui 26. Une relation qui <strong>avait fait<br \/>\npol\u00e9mique,<\/strong> mais qu\u2019ils avaient toujours assum\u00e9e<br \/>\npubliquement.<\/p>\n<p>Florent Pagny serein sur son pass\u00e9 avec<br \/>\nVanessa Paradis : \u00ab Chacun vit sa vie \u00bb<\/p>\n<p>Aujourd\u2019hui, le chanteur regarde cette p\u00e9riode avec distance et<br \/>\ns\u00e9r\u00e9nit\u00e9. \u00ab Chacun vit sa vie, c\u2019est comme \u00e7a \u00bb,<br \/>\nr\u00e9sume-t-il simplement. Florent Pagny a m\u00eame \u00e9voqu\u00e9, sans aucune<br \/>\namertume, les chemins tr\u00e8s diff\u00e9rents qu\u2019ils ont pris apr\u00e8s leur<br \/>\ns\u00e9paration. \u00ab Elle est partie vivre sa vie avec Lenny Kravitz,<br \/>\navec Johnny Depp. Moi, j\u2019ai rencontr\u00e9 Azucena et <strong>je n\u2019ai<br \/>\npas boug\u00e9 \u00bb<\/strong><strong>,<\/strong> l\u00e2che-t-il, avec un<br \/>\nsourire. Vanessa Paradis a en effet partag\u00e9 une longue histoire<br \/>\n<a href=\"https:\/\/www.melty.fr\/people\/johnny-depp-lex-de-vanessa-paradis-semporte-apres-avoir-ete-renvoye-dun-tournage-allez-vous-faire-foutre-2247905.html\" rel=\"nofollow noopener\" target=\"_blank\"><br \/>\navec Johnny Depp,<\/a> avec qui elle a eu deux enfants, Lily-Rose et<br \/>\nJack, avant <strong>d\u2019\u00e9pouser le r\u00e9alisateur Samuel<br \/>\nBenchetrit<\/strong> en 2018.<\/p>\n<p>De son c\u00f4t\u00e9, Florent Pagny a trouv\u00e9 l\u2019amour aupr\u00e8s d\u2019Azucena<br \/>\nCaama\u00f1o, qu\u2019il a \u00e9pous\u00e9e en 2006. Ensemble, ils ont eu deux<br \/>\nenfants, A\u00ebl et Inca, et vivent une grande partie de l\u2019ann\u00e9e en<br \/>\nPatagonie. Sur ce point aussi, Florent Pagny s\u2019est montr\u00e9 tr\u00e8s<br \/>\ntouchant. Il parle de son couple <strong>comme d\u2019une<br \/>\n\u00e9vidence.<\/strong> \u00ab Le secret, c\u2019est de rencontrer sa moiti\u00e9<br \/>\n\u00bb, confie-t-il. Aujourd\u2019hui, Florent Pagny semble avoir trouv\u00e9<br \/>\nson \u00e9quilibre et c\u2019est le plus important.<\/p>\n","protected":false},"excerpt":{"rendered":"Florent Pagny \u00e9tait de passage sur le plateau de Quotidien ce vendredi 12 d\u00e9cembre, invit\u00e9 par Yann Barth\u00e8s.&hellip;\n","protected":false},"author":2,"featured_media":598363,"comment_status":"","ping_status":"","sticky":false,"template":"","format":"standard","meta":{"footnotes":""},"categories":[1355],"tags":[58,59,3109,1011,27,1361,873,10245],"class_list":{"0":"post-598362","1":"post","2":"type-post","3":"status-publish","4":"format-standard","5":"has-post-thumbnail","7":"category-musique","8":"tag-divertissement","9":"tag-entertainment","10":"tag-florent-pagny","11":"tag-fr","12":"tag-france","13":"tag-music","14":"tag-musique","15":"tag-vanessa-paradis"},"share_on_mastodon":{"url":"https:\/\/pubeurope.com\/@fr\/115717095080403018","error":""},"_links":{"self":[{"href":"https:\/\/www.europesays.com\/fr\/wp-json\/wp\/v2\/posts\/598362","targetHints":{"allow":["GET"]}}],"collection":[{"href":"https:\/\/www.europesays.com\/fr\/wp-json\/wp\/v2\/posts"}],"about":[{"href":"https:\/\/www.europesays.com\/fr\/wp-json\/wp\/v2\/types\/post"}],"author":[{"embeddable":true,"href":"https:\/\/www.europesays.com\/fr\/wp-json\/wp\/v2\/users\/2"}],"replies":[{"embeddable":true,"href":"https:\/\/www.europesays.com\/fr\/wp-json\/wp\/v2\/comments?post=598362"}],"version-history":[{"count":0,"href":"https:\/\/www.europesays.com\/fr\/wp-json\/wp\/v2\/posts\/598362\/revisions"}],"wp:featuredmedia":[{"embeddable":true,"href":"https:\/\/www.europesays.com\/fr\/wp-json\/wp\/v2\/media\/598363"}],"wp:attachment":[{"href":"https:\/\/www.europesays.com\/fr\/wp-json\/wp\/v2\/media?parent=598362"}],"wp:term":[{"taxonomy":"category","embeddable":true,"href":"https:\/\/www.europesays.com\/fr\/wp-json\/wp\/v2\/categories?post=598362"},{"taxonomy":"post_tag","embeddable":true,"href":"https:\/\/www.europesays.com\/fr\/wp-json\/wp\/v2\/tags?post=598362"}],"curies":[{"name":"wp","href":"https:\/\/api.w.org\/{rel}","templated":true}]}}