{"id":598374,"date":"2025-12-14T09:04:15","date_gmt":"2025-12-14T09:04:15","guid":{"rendered":"https:\/\/www.europesays.com\/fr\/598374\/"},"modified":"2025-12-14T09:04:15","modified_gmt":"2025-12-14T09:04:15","slug":"gigantesque-fraude-a-la-tva-de-75-millions-deuros-les-quatre-vendeurs-de-voitures-haut-de-gamme-condamnes","status":"publish","type":"post","link":"https:\/\/www.europesays.com\/fr\/598374\/","title":{"rendered":"Gigantesque fraude \u00e0 la TVA de 7,5\u00a0millions d\u2019euros\u00a0: les quatre vendeurs de voitures haut de gamme condamn\u00e9s"},"content":{"rendered":"<p>\n                                                                    l&rsquo;essentiel<br \/>\n                                                                Gr\u00e2ce \u00e0 un syst\u00e8me aussi ing\u00e9nieux qu\u2019ill\u00e9gal, des soci\u00e9t\u00e9s toulousaines offraient en moyenne 20\u00a0% de ristourne \u00e0 leurs clients sur le prix d\u2019achat de v\u00e9hicules haut de gamme. Il y\u00a0avait un loup.\n                            <\/p>\n<p>La sentence est tomb\u00e9e. Et elle fait mal au portefeuille. Quatre pr\u00e9venus, dont deux femmes, ont \u00e9t\u00e9 condamn\u00e9s \u00e0 des peines d\u2019un \u00e0 deux ans de prison avec sursis probatoire et 45\u00a0000\u00a0euros d\u2019amende par le tribunal correctionnel de Toulouse.<\/p>\n<p>Un couple doit rembourser 3,28\u00a0millions d\u2019euros au fisc. Les deux autres sont \u00ab\u00a0associ\u00e9s\u00a0\u00bb pour la premi\u00e8re \u00e0 hauteur de 102\u00a0000\u00a0euros, le deuxi\u00e8me 757\u00a0000\u00a0euros (dette fiscale). Ils sont les protagonistes d\u2019une gigantesque fraude \u00e0 la TVA, dont le pr\u00e9judice estim\u00e9 pour les finances publiques avoisinait les 7,5\u00a0millions d\u2019euros, selon l\u2019ordonnance de renvoi devant le tribunal correctionnel de Toulouse.<\/p>\n<p>TVA avantageuse sur les v\u00e9hicules haut de gamme<\/p>\n<p>L\u2019affaire a d\u00e9but\u00e9 avec le contr\u00f4le fiscal de la soci\u00e9t\u00e9 AB Auto 31, sp\u00e9cialis\u00e9e dans la vente de v\u00e9hicules d\u2019occasion. Selon le fisc, elle s\u2019appuyait\u00a0sur une autre soci\u00e9t\u00e9, B\u00a0&amp; B Diffusion, et plusieurs soci\u00e9t\u00e9s espagnoles et roumaines jouant le r\u00f4le d\u2019interm\u00e9diaire.<\/p>\n<p>Le syst\u00e8me reposait sur la vente fictive entre des constructeurs de v\u00e9hicules allemands et ces soci\u00e9t\u00e9s satellites. De fausses factures \u00e9taient alors g\u00e9n\u00e9r\u00e9es, permettant aux clients finaux de profiter d\u2019une TVA avantageuse, avec une \u00e9conomie de l\u2019ordre de 20\u00a0% sur des v\u00e9hicules haut de gamme. Et autant de moins per\u00e7u par les caisses de l\u2019\u00c9tat.<\/p>\n<p>Prison ferme requise<\/p>\n<p>Lors du proc\u00e8s, mi-novembre, la\u00a0procureure avait fustig\u00e9 dans son r\u00e9quisitoire \u00ab\u00a0une atteinte grave \u00e0 la solidarit\u00e9 nationale\u00a0\u00bb. Elle avait requis quatre ans dont deux ferme contre les g\u00e9rants des soci\u00e9t\u00e9s facturi\u00e8res, 22 mois de prison ferme contre le g\u00e9rant de B\u00a0&amp; B Diffusion, et 24 mois contre la g\u00e9rante de fait d\u2019AB Auto 31.<\/p>\n","protected":false},"excerpt":{"rendered":"l&rsquo;essentiel Gr\u00e2ce \u00e0 un syst\u00e8me aussi ing\u00e9nieux qu\u2019ill\u00e9gal, des soci\u00e9t\u00e9s toulousaines offraient en moyenne 20\u00a0% de ristourne \u00e0&hellip;\n","protected":false},"author":2,"featured_media":598375,"comment_status":"","ping_status":"","sticky":false,"template":"","format":"standard","meta":{"footnotes":""},"categories":[6],"tags":[35,33,34,1011,27,329,2722,303,2312],"class_list":{"0":"post-598374","1":"post","2":"type-post","3":"status-publish","4":"format-standard","5":"has-post-thumbnail","7":"category-economie","8":"tag-business","9":"tag-economie","10":"tag-economy","11":"tag-fr","12":"tag-france","13":"tag-france-monde","14":"tag-haute-garonne","15":"tag-justice","16":"tag-toulouse"},"share_on_mastodon":{"url":"https:\/\/pubeurope.com\/@fr\/115717122673551244","error":""},"_links":{"self":[{"href":"https:\/\/www.europesays.com\/fr\/wp-json\/wp\/v2\/posts\/598374","targetHints":{"allow":["GET"]}}],"collection":[{"href":"https:\/\/www.europesays.com\/fr\/wp-json\/wp\/v2\/posts"}],"about":[{"href":"https:\/\/www.europesays.com\/fr\/wp-json\/wp\/v2\/types\/post"}],"author":[{"embeddable":true,"href":"https:\/\/www.europesays.com\/fr\/wp-json\/wp\/v2\/users\/2"}],"replies":[{"embeddable":true,"href":"https:\/\/www.europesays.com\/fr\/wp-json\/wp\/v2\/comments?post=598374"}],"version-history":[{"count":0,"href":"https:\/\/www.europesays.com\/fr\/wp-json\/wp\/v2\/posts\/598374\/revisions"}],"wp:featuredmedia":[{"embeddable":true,"href":"https:\/\/www.europesays.com\/fr\/wp-json\/wp\/v2\/media\/598375"}],"wp:attachment":[{"href":"https:\/\/www.europesays.com\/fr\/wp-json\/wp\/v2\/media?parent=598374"}],"wp:term":[{"taxonomy":"category","embeddable":true,"href":"https:\/\/www.europesays.com\/fr\/wp-json\/wp\/v2\/categories?post=598374"},{"taxonomy":"post_tag","embeddable":true,"href":"https:\/\/www.europesays.com\/fr\/wp-json\/wp\/v2\/tags?post=598374"}],"curies":[{"name":"wp","href":"https:\/\/api.w.org\/{rel}","templated":true}]}}