{"id":598376,"date":"2025-12-14T09:05:12","date_gmt":"2025-12-14T09:05:12","guid":{"rendered":"https:\/\/www.europesays.com\/fr\/598376\/"},"modified":"2025-12-14T09:05:12","modified_gmt":"2025-12-14T09:05:12","slug":"un-incident-en-cours-sur-la-plage-bondi-beach-la-police-australienne-demande-deviter-le-secteur","status":"publish","type":"post","link":"https:\/\/www.europesays.com\/fr\/598376\/","title":{"rendered":"\u00ab\u00a0Un incident\u00a0\u00bb en cours sur la plage Bondi Beach, la police australienne demande d&rsquo;\u00e9viter le secteur"},"content":{"rendered":"<p>Sur ses r\u00e9seaux sociaux, la police de Sydney demande au public d\u2019\u00e9viter le secteur de Bondi Beach \u00e0 cause d&rsquo;un incident en cours sur place. Les forces de l&rsquo;ordre sont actuellement sur place. Deux personnes ont \u00e9t\u00e9 interpell\u00e9es et plac\u00e9es en garde \u00e0 vue.<\/p>\n<p>Dans des publications sur les r\u00e9seaux sociaux, la police de Sydney indique qu&rsquo;une intervention des forces de l&rsquo;ordre est en cours sur la plage de <a href=\"https:\/\/www.bfmtv.com\/international\/australie-une-plage-engloutie-par-des-vagues-immenses-a-sydney_AD-202204020178.html\" title=\"Australie: une plage engloutie par des vagues immenses \u00e0 Sydney\" class=\"internal_link\" target=\"_blank\" rel=\"noopener\">Bondi Beach<\/a> \u00e0 la suite d&rsquo;un \u00ab\u00a0incident\u00a0\u00bb.<\/p>\n<p>\u00ab\u00a0Toute personne pr\u00e9sente sur place est pri\u00e9e de se mettre \u00e0 l&rsquo;abri\u00a0\u00bb, soulignent les forces de l&rsquo;ordre. Deux personnes ont \u00e9t\u00e9 interpell\u00e9es et plac\u00e9es en garde \u00e0 vue.<\/p>\n<p>Sous la publication de la police, plusieurs personnes en commentaire \u00e9voquent une attaque visant des personnes juives rassembl\u00e9es pour la f\u00eate de Hanouka.<\/p>\n<p>Le gouverneur de la Nouvelle-Galles du Sud, Chris Minns, a d\u00e9clar\u00e9 que \u00ab\u00a0les informations et les images provenant de Bondi ce soir sont profond\u00e9ment bouleversantes\u00a0\u00bb. \u00ab\u00a0La police et les services d&rsquo;urgence sont sur place et le public doit suivre les conseils officiels\u00a0\u00bb, ajoute-t-il.<\/p>\n<p><strong>&gt;&gt; Plus d&rsquo;informations \u00e0 venir sur BFMTV.com\u2026<\/strong><\/p>\n","protected":false},"excerpt":{"rendered":"Sur ses r\u00e9seaux sociaux, la police de Sydney demande au public d\u2019\u00e9viter le secteur de Bondi Beach \u00e0&hellip;\n","protected":false},"author":2,"featured_media":598377,"comment_status":"","ping_status":"","sticky":false,"template":"","format":"standard","meta":{"footnotes":""},"categories":[5],"tags":[11,1011,27,14,12,28],"class_list":{"0":"post-598376","1":"post","2":"type-post","3":"status-publish","4":"format-standard","5":"has-post-thumbnail","7":"category-international","8":"tag-actualites","9":"tag-fr","10":"tag-france","11":"tag-international","12":"tag-news","13":"tag-world"},"share_on_mastodon":{"url":"https:\/\/pubeurope.com\/@fr\/115717126556884574","error":""},"_links":{"self":[{"href":"https:\/\/www.europesays.com\/fr\/wp-json\/wp\/v2\/posts\/598376","targetHints":{"allow":["GET"]}}],"collection":[{"href":"https:\/\/www.europesays.com\/fr\/wp-json\/wp\/v2\/posts"}],"about":[{"href":"https:\/\/www.europesays.com\/fr\/wp-json\/wp\/v2\/types\/post"}],"author":[{"embeddable":true,"href":"https:\/\/www.europesays.com\/fr\/wp-json\/wp\/v2\/users\/2"}],"replies":[{"embeddable":true,"href":"https:\/\/www.europesays.com\/fr\/wp-json\/wp\/v2\/comments?post=598376"}],"version-history":[{"count":0,"href":"https:\/\/www.europesays.com\/fr\/wp-json\/wp\/v2\/posts\/598376\/revisions"}],"wp:featuredmedia":[{"embeddable":true,"href":"https:\/\/www.europesays.com\/fr\/wp-json\/wp\/v2\/media\/598377"}],"wp:attachment":[{"href":"https:\/\/www.europesays.com\/fr\/wp-json\/wp\/v2\/media?parent=598376"}],"wp:term":[{"taxonomy":"category","embeddable":true,"href":"https:\/\/www.europesays.com\/fr\/wp-json\/wp\/v2\/categories?post=598376"},{"taxonomy":"post_tag","embeddable":true,"href":"https:\/\/www.europesays.com\/fr\/wp-json\/wp\/v2\/tags?post=598376"}],"curies":[{"name":"wp","href":"https:\/\/api.w.org\/{rel}","templated":true}]}}