{"id":598389,"date":"2025-12-14T09:17:17","date_gmt":"2025-12-14T09:17:17","guid":{"rendered":"https:\/\/www.europesays.com\/fr\/598389\/"},"modified":"2025-12-14T09:17:17","modified_gmt":"2025-12-14T09:17:17","slug":"un-automobiliste-decede-apres-une-sortie-de-route-pres-de-montpellier","status":"publish","type":"post","link":"https:\/\/www.europesays.com\/fr\/598389\/","title":{"rendered":"Un automobiliste d\u00e9c\u00e8de apr\u00e8s une sortie de route, pr\u00e8s de Montpellier"},"content":{"rendered":"<p>\n                                                                L\u2019accident s\u2019est produit ce samedi 13\u00a0d\u00e9cembre, vers 11\u00a0h, sur la commune de Juvignac.\n                            <\/p>\n<p>Un dramatique accident de la route s\u2019est produit ce samedi 13\u00a0d\u00e9cembre au soir, vers 23\u00a0h, sur la commune de Juvignac. Les sapeurs-pompiers de l\u2019H\u00e9rault sont intervenus sur la bretelle d\u2019acc\u00e8s n\u00b0109 pour venir en aide \u00e0 des automobilistes.<\/p>\n<p>Plusieurs tonneaux apr\u00e8s une sortie de route<\/p>\n<p>Leur v\u00e9hicule, pour une raison encore inconnue, a fait plusieurs tonneaux \u00e0 la suite d\u2019une sortie de route. \u00c0 l\u2019arriv\u00e9e des secours, une victime, \u00e2g\u00e9e d\u2019une trentaine d\u2019ann\u00e9es, se trouvait en arr\u00eat cardiorespiratoire et incarc\u00e9r\u00e9e dans l\u2019habitacle. D\u00e9gag\u00e9e par les secours, elle\u00a0n\u2019a pu \u00eatre r\u00e9anim\u00e9e.<\/p>\n<p>Une seconde victime a \u00e9t\u00e9 prise en charge pour une grave blessure \u00e0 la main. Elle a \u00e9t\u00e9 transport\u00e9e en urgence absolue vers le CHU Lapeyronie de Montpellier.<\/p>\n","protected":false},"excerpt":{"rendered":"L\u2019accident s\u2019est produit ce samedi 13\u00a0d\u00e9cembre, vers 11\u00a0h, sur la commune de Juvignac. Un dramatique accident de la&hellip;\n","protected":false},"author":2,"featured_media":598390,"comment_status":"","ping_status":"","sticky":false,"template":"","format":"standard","meta":{"footnotes":""},"categories":[9599],"tags":[1111,11,1777,674,118,1011,27,7089,2208,12,2680,25],"class_list":{"0":"post-598389","1":"post","2":"type-post","3":"status-publish","4":"format-standard","5":"has-post-thumbnail","7":"category-montpellier","8":"tag-actu","9":"tag-actualites","10":"tag-eu","11":"tag-europe","12":"tag-faits-divers","13":"tag-fr","14":"tag-france","15":"tag-herault","16":"tag-montpellier","17":"tag-news","18":"tag-occitanie","19":"tag-republique-francaise"},"share_on_mastodon":{"url":"https:\/\/pubeurope.com\/@fr\/115717173724752463","error":""},"_links":{"self":[{"href":"https:\/\/www.europesays.com\/fr\/wp-json\/wp\/v2\/posts\/598389","targetHints":{"allow":["GET"]}}],"collection":[{"href":"https:\/\/www.europesays.com\/fr\/wp-json\/wp\/v2\/posts"}],"about":[{"href":"https:\/\/www.europesays.com\/fr\/wp-json\/wp\/v2\/types\/post"}],"author":[{"embeddable":true,"href":"https:\/\/www.europesays.com\/fr\/wp-json\/wp\/v2\/users\/2"}],"replies":[{"embeddable":true,"href":"https:\/\/www.europesays.com\/fr\/wp-json\/wp\/v2\/comments?post=598389"}],"version-history":[{"count":0,"href":"https:\/\/www.europesays.com\/fr\/wp-json\/wp\/v2\/posts\/598389\/revisions"}],"wp:featuredmedia":[{"embeddable":true,"href":"https:\/\/www.europesays.com\/fr\/wp-json\/wp\/v2\/media\/598390"}],"wp:attachment":[{"href":"https:\/\/www.europesays.com\/fr\/wp-json\/wp\/v2\/media?parent=598389"}],"wp:term":[{"taxonomy":"category","embeddable":true,"href":"https:\/\/www.europesays.com\/fr\/wp-json\/wp\/v2\/categories?post=598389"},{"taxonomy":"post_tag","embeddable":true,"href":"https:\/\/www.europesays.com\/fr\/wp-json\/wp\/v2\/tags?post=598389"}],"curies":[{"name":"wp","href":"https:\/\/api.w.org\/{rel}","templated":true}]}}