{"id":598391,"date":"2025-12-14T09:18:13","date_gmt":"2025-12-14T09:18:13","guid":{"rendered":"https:\/\/www.europesays.com\/fr\/598391\/"},"modified":"2025-12-14T09:18:13","modified_gmt":"2025-12-14T09:18:13","slug":"feminines-montpellier-veut-renaitre-apres-deux-saisons-passees-bien-loin-de-ses-objectifs","status":"publish","type":"post","link":"https:\/\/www.europesays.com\/fr\/598391\/","title":{"rendered":"F\u00e9minines \u2013 Montpellier veut rena\u00eetre apr\u00e8s deux saisons pass\u00e9es bien loin de ses objectifs"},"content":{"rendered":"<p>\n                Pas facile d\u2019\u00eatre apr\u00e8s avoir \u00e9t\u00e9. Et comment\u00a0! Mais, apr\u00e8s deux saisons de vaches maigres, l\u2019op\u00e9ration reconqu\u00eate est susceptible d\u2019\u00eatre men\u00e9e \u00e0 bien dans le courant du pr\u00e9sent exercice. Tour d\u2019horizon du c\u00f4t\u00e9 de Sabath\u00e9 o\u00f9 la fine fleur locale s\u2019appr\u00eate \u00e0 \u00e9clore.\n            <\/p>\n<p>\u00ab\u00a0On se d\u00e9tache du r\u00e9sultat vous savez. Non seulement l\u2019actuel trio de t\u00eate est inaccessible*, mais le club s\u2019engage dans un projet \u00e0 long terme, comme s\u2019il s\u2019agissait de cr\u00e9er un nouveau mod\u00e8le montpelli\u00e9rain, avec du contenu et dans un super \u00e9tat d\u2019esprit.\u00a0\u00bb\u00a0Il y avait quelque chose de pr\u00e9monitoire dans les propos de St\u00e9phane Ferri\u00e8re, le coentra\u00eeneur h\u00e9raultais, mardi dernier. Oui, le score de la d\u00e9faite de samedi dernier face au concurrent direct blagnacais est en lui-m\u00eame terriblement frustrant\u00a0: 12-10. Surtout si l\u2019on consid\u00e8re que les visiteuses ont fait la course en t\u00eate (7-0, 7-3, 7-6, 10-6, 10-9) depuis l\u2019essai inscrit en force, comme \u00e0 la grande \u00e9poque des Portari\u00e8s et consorts, au bout de dix minutes \u00e0 peine.<\/p>\n<p>Une \u00ab\u00a0grosse pointure\u00a0\u00bb\u00a0Italienne peut en cacher une autre<\/p>\n<p>Mais, d\u2019un autre c\u00f4t\u00e9, il est porteur d\u2019espoir. Des \u00ab\u00a0mamans\u00a0\u00bb, ou si vous pr\u00e9f\u00e9rez des \u00ab\u00a0historiques\u00a0\u00bb\u00a0pour jouer le r\u00f4le de locomotives, des jeunes issues de la sacro-sainte formation pour leur embo\u00eeter le pas, sans oublier quelques recrues (Corradini manquait \u00e0 l\u2019appel, mais Franco, sa compatriote \u00e9galement pr\u00e9nomm\u00e9e Giada, \u00e9tait bel et bien pr\u00e9sente sur la pelouse des Ramiers)\u2026 Oui, le MHR est sur la bonne voie.<\/p>\n<p>Certes, les anciennes susceptibles d\u2019avoir connu la fin de l\u2019\u00e2ge d\u2019or (2007-2019), avec le temps, se font, forc\u00e9ment, de plus en plus rares\u00a0: Banet, Peyronnet (Morgane en l\u2019occurrence, la s\u0153ur jumelle de Marion, battue en finale \u00e0 Tarbes il y a un peu plus de six ans par certaines de ses anciennes co\u00e9quipi\u00e8res, P\u00e9got, Combebias), Prune P\u00e9got justement. Car Marine M\u00e9nager a raccroch\u00e9 les crampons tandis que Romane se consacre au rugby \u00e0 VII. Caroline Boujard, l\u2019ic\u00f4ne casqu\u00e9e de la cavalerie l\u00e9g\u00e8re, s\u2019est enr\u00f4l\u00e9e sous la banni\u00e8re des sapeurs-pompiers. On la retrouvera n\u00e9anmoins avec plaisir prochainement.<\/p>\n<p>Jennifer Troncy, courroie de transmission d\u2019un savoir faire\u00a0\u00e9rig\u00e9 en r\u00e9f\u00e9rence<\/p>\n<p>Citons bien \u00e9videmment Jennifer Troncy, l\u2019ex-internationale devenue l\u2019autre coach, avec St\u00e9phane Ferri\u00e8re, de l\u2019\u00e9quipe fanion. Alex Tulou, lui, ne fait plus partie du staff mais qu\u2019\u00e0 cela ne tienne, le groupe o\u00f9 figurent \u00e9galement Rose Bernadou, Rachel McLachlan, apr\u00e8s \u00eatre rentr\u00e9 dans le rang (la derni\u00e8re participation \u00e0 la phase finale remonte au printemps 2023) a pris un tr\u00e8s bon d\u00e9part. Succ\u00e8s aux d\u00e9pens de Grenoble et de Bobigny, correction pour le moins s\u00e9v\u00e8re (34-7, six essais \u00e0 un) de la copie rendue par l\u2019\u00e9l\u00e8ve toulonnais, autant de marqueurs (c\u2019est le cas de le dire) synonymes de dynamique positive.<\/p>\n<p>\u00ab\u00a0Il s\u2019agit d\u00e9sormais de retrouver un rang un peu plus conforme \u00e0 notre standing, mais pour l\u2019heure, croyez \u2013 le bien, nous sommes d\u00e9j\u00e0 contents d\u2019\u00eatre l\u00e0\u00a0\u00bb, poursuit, pragmatique, St\u00e9phane Ferri\u00e8re. Et pour cause, celui qui fut nagu\u00e8re le mentor des Tullistes (au glorieux pass\u00e9 eux-aussi, faut-il le rappeler aux plus jeunes\u00a0!) n\u2019est pas sans ignorer que Lons (titr\u00e9 en 2012 aux d\u00e9pens des \u00ab\u00a0Coccinelles\u00a0\u00bb) et Rennes (finaliste la saison pr\u00e9c\u00e9dente) ont provisoirement disparu des \u00e9crans radars.<\/p>\n<p>Beaucoup d\u2019humilit\u00e9 donc chez le technicien \u00e9galement pass\u00e9 par le P\u00f4le Espoirs biterrois qui, apr\u00e8s avoir d\u00e9j\u00e0 connu une exp\u00e9rience du c\u00f4t\u00e9 du v\u00e9n\u00e9rable stade Sabath\u00e9 en 2022-23, s\u2019inscrit dans un processus de reconstruction. Et quand les fondations sont solides comme c\u2019est le cas, l\u2019optimisme ne peut \u00eatre que de mise. Puisse l\u2019infirmerie se vider rapidement car de toute \u00e9vidence, samedi dernier, c\u2019est la profondeur de banc qui a priv\u00e9 les visiteuses d\u2019une possible performance sur la pelouse de leurs concurrentes directes.<\/p>\n","protected":false},"excerpt":{"rendered":"Pas facile d\u2019\u00eatre apr\u00e8s avoir \u00e9t\u00e9. Et comment\u00a0! Mais, apr\u00e8s deux saisons de vaches maigres, l\u2019op\u00e9ration reconqu\u00eate est&hellip;\n","protected":false},"author":2,"featured_media":598392,"comment_status":"","ping_status":"","sticky":false,"template":"","format":"standard","meta":{"footnotes":""},"categories":[9599],"tags":[1111,11,71101,1777,674,1011,27,71100,2208,12,2680,25],"class_list":{"0":"post-598391","1":"post","2":"type-post","3":"status-publish","4":"format-standard","5":"has-post-thumbnail","7":"category-montpellier","8":"tag-actu","9":"tag-actualites","10":"tag-elite-1-fu00e9minine","11":"tag-eu","12":"tag-europe","13":"tag-fr","14":"tag-france","15":"tag-fu00e9minines","16":"tag-montpellier","17":"tag-news","18":"tag-occitanie","19":"tag-republique-francaise"},"share_on_mastodon":{"url":"https:\/\/pubeurope.com\/@fr\/115717177764528252","error":""},"_links":{"self":[{"href":"https:\/\/www.europesays.com\/fr\/wp-json\/wp\/v2\/posts\/598391","targetHints":{"allow":["GET"]}}],"collection":[{"href":"https:\/\/www.europesays.com\/fr\/wp-json\/wp\/v2\/posts"}],"about":[{"href":"https:\/\/www.europesays.com\/fr\/wp-json\/wp\/v2\/types\/post"}],"author":[{"embeddable":true,"href":"https:\/\/www.europesays.com\/fr\/wp-json\/wp\/v2\/users\/2"}],"replies":[{"embeddable":true,"href":"https:\/\/www.europesays.com\/fr\/wp-json\/wp\/v2\/comments?post=598391"}],"version-history":[{"count":0,"href":"https:\/\/www.europesays.com\/fr\/wp-json\/wp\/v2\/posts\/598391\/revisions"}],"wp:featuredmedia":[{"embeddable":true,"href":"https:\/\/www.europesays.com\/fr\/wp-json\/wp\/v2\/media\/598392"}],"wp:attachment":[{"href":"https:\/\/www.europesays.com\/fr\/wp-json\/wp\/v2\/media?parent=598391"}],"wp:term":[{"taxonomy":"category","embeddable":true,"href":"https:\/\/www.europesays.com\/fr\/wp-json\/wp\/v2\/categories?post=598391"},{"taxonomy":"post_tag","embeddable":true,"href":"https:\/\/www.europesays.com\/fr\/wp-json\/wp\/v2\/tags?post=598391"}],"curies":[{"name":"wp","href":"https:\/\/api.w.org\/{rel}","templated":true}]}}