{"id":598393,"date":"2025-12-14T09:19:14","date_gmt":"2025-12-14T09:19:14","guid":{"rendered":"https:\/\/www.europesays.com\/fr\/598393\/"},"modified":"2025-12-14T09:19:14","modified_gmt":"2025-12-14T09:19:14","slug":"plusieurs-blesses-dont-deux-graves","status":"publish","type":"post","link":"https:\/\/www.europesays.com\/fr\/598393\/","title":{"rendered":"plusieurs bless\u00e9s, dont deux graves"},"content":{"rendered":"<p>                    Par<br \/>\n        <strong><br \/>\n            <a href=\"https:\/\/actu.fr\/auteur\/yann-rivallan\" title=\"Consulter tous les articles de Yann Rivallan\" rel=\"nofollow noopener\" target=\"_blank\">Yann Rivallan<\/a><br \/>\n                    <\/strong><\/p>\n<p>        Publi\u00e9 le<\/p>\n<p>            14 d\u00e9c. 2025 \u00e0 9h19        <\/p>\n<p>Les faits se sont produit t\u00f4t, dimanche 14 d\u00e9cembre 2025. Appel\u00e9s \u00e0 6h35, les sapeurs-pompiers sont intervenus pour <strong>un grave accident<\/strong> de la route au <a href=\"https:\/\/actu.fr\/normandie\/le-petit-quevilly_76498\" rel=\"nofollow noopener\" target=\"_blank\">Petit-Quevilly<\/a>, pr\u00e8s de Rouen. D\u2019apr\u00e8s le service d\u00e9partemental d\u2019incendie et de secours de la Seine-Maritime, deux automobilistes se sont percut\u00e9s au niveau du boulevard du 11-Novembre. <strong>Quatre victimes<\/strong> sont \u00e0 d\u00e9plorer.<\/p>\n<p>Une femme et un homme gravement bless\u00e9s<\/p>\n<p class=\" wall-content\">Sur place, les pompiers d\u00e9couvrent les deux voitures accident\u00e9es. Deux personnes sont encore pi\u00e9g\u00e9es \u00e0 l\u2019int\u00e9rieur. Les secours font appel \u00e0 leurs outils pour les d\u00e9sincarc\u00e9rer.<\/p>\n<p class=\" wall-content\">Apr\u00e8s examen, le bilan est sans appel : quatre personnes sont bless\u00e9es. Deux hommes de 32 et 30 ans sont d\u00e9clar\u00e9s \u00ab\u00a0en urgence relative\u00a0\u00bb par les secours. Deux autres victimes, une femme de 34 ans et un homme de 51 ans sont, de leur c\u00f4t\u00e9, <strong>gravement bless\u00e9s<\/strong>.<\/p>\n<p class=\" wall-content\">Les quatre bless\u00e9s sont transport\u00e9s <strong>au CHU de Rouen<\/strong>. Au total, 19 sapeurs-pompiers sont intervenus sur cet accident.<\/p>\n<p>Suivez l\u2019actualit\u00e9 de Rouen sur <a href=\"https:\/\/www.whatsapp.com\/channel\/0029VaKfnf99hXF2ddApFB1D\" rel=\"nofollow noopener\" target=\"_blank\">notre cha\u00eene WhatsApp<\/a> et sur <a href=\"https:\/\/www.tiktok.com\/@76actu.fr?lang=fr\" rel=\"nofollow noopener\" target=\"_blank\">notre compte TikTok<\/a><\/p>\n<p class=\" wall-content\">Personnalisez votre actualit\u00e9 en ajoutant vos villes et m\u00e9dias en favori avec <a href=\"https:\/\/moncompte.actu.fr\" title=\"D\u00e9couvez Mon Actu\" rel=\"nofollow noopener\" data-trk=\"{&quot;cta&quot;:{&quot;action&quot;:&quot;https:\\\/\\\/moncompte.actu.fr&quot;,&quot;category&quot;:&quot;mon compte&quot;,&quot;from&quot;:&quot;article footer&quot;,&quot;name&quot;:&quot;Mon actu&quot;,&quot;type&quot;:&quot;cta&quot;}}\" target=\"_blank\">Mon Actu<\/a>.<\/p>\n<p>                    <script async src=\"\/\/www.tiktok.com\/embed.js\"><\/script><\/p>\n","protected":false},"excerpt":{"rendered":"Par Yann Rivallan Publi\u00e9 le 14 d\u00e9c. 2025 \u00e0 9h19 Les faits se sont produit t\u00f4t, dimanche 14&hellip;\n","protected":false},"author":2,"featured_media":598394,"comment_status":"","ping_status":"","sticky":false,"template":"","format":"standard","meta":{"footnotes":""},"categories":[9587],"tags":[119,1111,11,9682,1777,674,118,1011,27,12,5161,1311,25,9590],"class_list":{"0":"post-598393","1":"post","2":"type-post","3":"status-publish","4":"format-standard","5":"has-post-thumbnail","7":"category-rouen","8":"tag-accident","9":"tag-actu","10":"tag-actualites","11":"tag-chu-rouen","12":"tag-eu","13":"tag-europe","14":"tag-faits-divers","15":"tag-fr","16":"tag-france","17":"tag-news","18":"tag-normandie","19":"tag-pompiers","20":"tag-republique-francaise","21":"tag-rouen"},"share_on_mastodon":{"url":"https:\/\/pubeurope.com\/@fr\/115717181657359540","error":""},"_links":{"self":[{"href":"https:\/\/www.europesays.com\/fr\/wp-json\/wp\/v2\/posts\/598393","targetHints":{"allow":["GET"]}}],"collection":[{"href":"https:\/\/www.europesays.com\/fr\/wp-json\/wp\/v2\/posts"}],"about":[{"href":"https:\/\/www.europesays.com\/fr\/wp-json\/wp\/v2\/types\/post"}],"author":[{"embeddable":true,"href":"https:\/\/www.europesays.com\/fr\/wp-json\/wp\/v2\/users\/2"}],"replies":[{"embeddable":true,"href":"https:\/\/www.europesays.com\/fr\/wp-json\/wp\/v2\/comments?post=598393"}],"version-history":[{"count":0,"href":"https:\/\/www.europesays.com\/fr\/wp-json\/wp\/v2\/posts\/598393\/revisions"}],"wp:featuredmedia":[{"embeddable":true,"href":"https:\/\/www.europesays.com\/fr\/wp-json\/wp\/v2\/media\/598394"}],"wp:attachment":[{"href":"https:\/\/www.europesays.com\/fr\/wp-json\/wp\/v2\/media?parent=598393"}],"wp:term":[{"taxonomy":"category","embeddable":true,"href":"https:\/\/www.europesays.com\/fr\/wp-json\/wp\/v2\/categories?post=598393"},{"taxonomy":"post_tag","embeddable":true,"href":"https:\/\/www.europesays.com\/fr\/wp-json\/wp\/v2\/tags?post=598393"}],"curies":[{"name":"wp","href":"https:\/\/api.w.org\/{rel}","templated":true}]}}