{"id":598395,"date":"2025-12-14T09:20:59","date_gmt":"2025-12-14T09:20:59","guid":{"rendered":"https:\/\/www.europesays.com\/fr\/598395\/"},"modified":"2025-12-14T09:20:59","modified_gmt":"2025-12-14T09:20:59","slug":"regis-brouard-rouen-savoure-le-succes-contre-qrm","status":"publish","type":"post","link":"https:\/\/www.europesays.com\/fr\/598395\/","title":{"rendered":"R\u00e9gis Brouard (Rouen) savoure le succ\u00e8s contre QRM"},"content":{"rendered":"<p>Le FC Rouen a r\u00e9alis\u00e9 l&rsquo;op\u00e9ration parfaite lors de <a href=\"https:\/\/www.foot-national.com\/data\/resultat-national.html\" rel=\"nofollow noopener\" target=\"_blank\">la seizi\u00e8me journ\u00e9e<\/a> du championnat National. En remportant le derby normand face \u00e0 QRM (<a href=\"https:\/\/www.foot-national.com\/actus\/national-rouen-reprend-la-tete-du-championnat-grace-a-sa-victoire-dans-le-derby-face-a-qrm-932950\" rel=\"nofollow noopener\" target=\"_blank\">1-0<\/a>) vendredi soir, les Rouennais ont profit\u00e9 du match nul de Dijon \u00e0 Ch\u00e2teauroux (<a href=\"https:\/\/www.foot-national.com\/actus\/national-j16-dijon-cale-orleans-se-replace-le-fbbp-respire-un-grand-coup-932944\" rel=\"nofollow noopener\" target=\"_blank\">0-0<\/a>) pour s&#8217;emparer \u00e0 nouveau de la premi\u00e8re place du classement.<\/p>\n<p><strong>\u00ab\u00a0On a impos\u00e9 notre tempo\u00a0\u00bb<\/strong><\/p>\n<p>Au micro de <a href=\"https:\/\/www.paris-normandie.fr\/id682028\/article\/2025-12-13\/videos-football-les-reactions-de-brouard-et-valeri-apres-la-victoire-du-fc-rouen\" rel=\"nofollow noopener\" target=\"_blank\">Paris-Normandie<\/a>, l&rsquo;entra\u00eeneur du FC Rouen, R\u00e9gis Brouard, est revenu sur le sc\u00e9nario du match, reconnaissant la qualit\u00e9 de la premi\u00e8re p\u00e9riode tout en soulignant un rel\u00e2chement apr\u00e8s la pause. Le technicien s&rsquo;est montr\u00e9 satisfait de la ma\u00eetrise affich\u00e9e initialement par son \u00e9quipe : \u00ab\u00a0Je trouve qu\u2019on a fait une tr\u00e8s bonne premi\u00e8re mi-temps pendant laquelle on a ma\u00eetris\u00e9 les choses. On a impos\u00e9 notre tempo, je pense qu\u2019on les a inqui\u00e9t\u00e9s sur les bases de pressing m\u00eame si on s\u2019est fait transpercer quelques fois. Chaque \u00e9quipe avait son plan de jeu, \u00e7a s\u2019est bien vu.\u00a0\u00bb Cependant, Brouard a point\u00e9 du doigt la baisse de r\u00e9gime observ\u00e9e en seconde p\u00e9riode : \u00ab\u00a0Et en deuxi\u00e8me p\u00e9riode, je ne sais pas pourquoi on est tomb\u00e9 dans le pi\u00e8ge du faux rythme.\u00a0\u00bb<\/p>\n<p><strong>\u00ab\u00a0Les plus belles victoires, ce sont celles-ci\u00a0\u00bb<\/strong><\/p>\n<p>Malgr\u00e9 cette seconde mi-temps moins aboutie, l&rsquo;entra\u00eeneur a valoris\u00e9 le caract\u00e8re de son groupe, soulignant que les victoires obtenues dans la difficult\u00e9 sont souvent les plus significatives. Surtout, R\u00e9gis Brouard a adress\u00e9 un message clair aux supporters, annon\u00e7ant une seconde partie de saison haletante : \u00ab\u00a0Mais les plus belles victoires, ce sont celles-ci. Notre public va devoir s\u2019attendre \u00e0 une deuxi\u00e8me partie de championnat palpitante.\u00a0\u00bb Ce succ\u00e8s permet au FC Rouen d&rsquo;aborder la suite avec confiance, fort d&rsquo;une place de leader qui valide la dynamique actuelle de l&rsquo;\u00e9quipe.<\/p>\n<p>Partagez cette info avec vos amis et vos proches en cliquant ici<br \/>Pour r\u00e9sumer<\/p>\n<p>Le FC Rouen a r\u00e9alis\u00e9 l&rsquo;op\u00e9ration parfaite lors de la seizi\u00e8me journ\u00e9e du championnat National. En remportant le derby normand face \u00e0 QRM (1-0) vendredi soir, les Rouennais ont profit\u00e9 du match nul de Dijon \u00e0 Ch\u00e2teauroux (0-0) pour s&#8217;emparer \u00e0 nouveau de la premi\u00e8re place du classement.<\/p>\n<p> <img decoding=\"async\" width=\"76\" height=\"76\" loading=\"lazy\" src=\"https:\/\/static.wui.fr\/images_v3\/avatar-footnational.png\" alt=\"Aris Djennadi\"\/><\/p>\n","protected":false},"excerpt":{"rendered":"Le FC Rouen a r\u00e9alis\u00e9 l&rsquo;op\u00e9ration parfaite lors de la seizi\u00e8me journ\u00e9e du championnat National. En remportant le&hellip;\n","protected":false},"author":2,"featured_media":598396,"comment_status":"","ping_status":"","sticky":false,"template":"","format":"standard","meta":{"footnotes":""},"categories":[9587],"tags":[1111,11,1777,674,1011,27,59645,12,5161,25,9590],"class_list":{"0":"post-598395","1":"post","2":"type-post","3":"status-publish","4":"format-standard","5":"has-post-thumbnail","7":"category-rouen","8":"tag-actu","9":"tag-actualites","10":"tag-eu","11":"tag-europe","12":"tag-fr","13":"tag-france","14":"tag-national-actus","15":"tag-news","16":"tag-normandie","17":"tag-republique-francaise","18":"tag-rouen"},"share_on_mastodon":{"url":"https:\/\/pubeurope.com\/@fr\/115717190228732774","error":""},"_links":{"self":[{"href":"https:\/\/www.europesays.com\/fr\/wp-json\/wp\/v2\/posts\/598395","targetHints":{"allow":["GET"]}}],"collection":[{"href":"https:\/\/www.europesays.com\/fr\/wp-json\/wp\/v2\/posts"}],"about":[{"href":"https:\/\/www.europesays.com\/fr\/wp-json\/wp\/v2\/types\/post"}],"author":[{"embeddable":true,"href":"https:\/\/www.europesays.com\/fr\/wp-json\/wp\/v2\/users\/2"}],"replies":[{"embeddable":true,"href":"https:\/\/www.europesays.com\/fr\/wp-json\/wp\/v2\/comments?post=598395"}],"version-history":[{"count":0,"href":"https:\/\/www.europesays.com\/fr\/wp-json\/wp\/v2\/posts\/598395\/revisions"}],"wp:featuredmedia":[{"embeddable":true,"href":"https:\/\/www.europesays.com\/fr\/wp-json\/wp\/v2\/media\/598396"}],"wp:attachment":[{"href":"https:\/\/www.europesays.com\/fr\/wp-json\/wp\/v2\/media?parent=598395"}],"wp:term":[{"taxonomy":"category","embeddable":true,"href":"https:\/\/www.europesays.com\/fr\/wp-json\/wp\/v2\/categories?post=598395"},{"taxonomy":"post_tag","embeddable":true,"href":"https:\/\/www.europesays.com\/fr\/wp-json\/wp\/v2\/tags?post=598395"}],"curies":[{"name":"wp","href":"https:\/\/api.w.org\/{rel}","templated":true}]}}