{"id":598399,"date":"2025-12-14T09:25:23","date_gmt":"2025-12-14T09:25:23","guid":{"rendered":"https:\/\/www.europesays.com\/fr\/598399\/"},"modified":"2025-12-14T09:25:23","modified_gmt":"2025-12-14T09:25:23","slug":"dancefloor-geant-spectacles-gratuits-trois-bonnes-raisons-de-participer-au-festival-waterproof-a-rennes","status":"publish","type":"post","link":"https:\/\/www.europesays.com\/fr\/598399\/","title":{"rendered":"Dancefloor g\u00e9ant, spectacles gratuits\u2026 Trois (bonnes) raisons de participer au festival Waterproof \u00e0 Rennes"},"content":{"rendered":"<p>                    Par<br \/>\n        <strong><br \/>\n            <a href=\"https:\/\/actu.fr\/auteur\/laurene-fertin\" title=\"Consulter tous les articles de Laur\u00e8ne Fertin\" target=\"_blank\" rel=\"noopener\">Laur\u00e8ne Fertin<\/a><br \/>\n                    <\/strong><\/p>\n<p>        Publi\u00e9 le<\/p>\n<p>            14 d\u00e9c. 2025 \u00e0 10h05        <\/p>\n<p>Il en est \u00e0 sa 7\u1d49 \u00e9dition et se renouvelle encore\u2009: <strong>le festival Waterproof,<\/strong> consacr\u00e9 \u00e0 <strong>la danse<\/strong> sous toutes ses facettes, arrive dans la capitale bretonne <strong>d\u00e8s le 28\u00a0janvier <\/strong>et jusqu\u2019au 8\u00a0f\u00e9vrier 2026.<\/p>\n<p class=\" wall-content\">Spectacles, conf\u00e9rences dans\u00e9es, bals, d\u00e9gustations\u2026 L\u2019\u00e9v\u00e9nement r\u00e9unit <strong>69 rendez-vous<\/strong> \u00e0 Rennes et dans la m\u00e9tropole. <strong>Plusieurs g\u00e9n\u00e9rations d\u2019artistes<\/strong> seront pr\u00e9sentes, aux horizons diff\u00e9rents\u2009: certains sont en effet originaires du Grand Ouest, de Suisse, de Tunisie, du Qu\u00e9bec ou encore des \u00c9tats-Unis.<\/p>\n<p class=\" wall-content\"><a href=\"https:\/\/www.instagram.com\/p\/DSE5K_RgEL-\/embed\" title=\"Ouvrir le lien sur Instagram\" target=\"_blank\" rel=\"noopener\">Visualiser le contenu sur Instagram<\/a><\/p>\n<p>Choisissez le th\u00e8me qui vous sied<\/p>\n<p class=\" wall-content\">Le festival Waterproof choisit volontairement de distinguer<strong> les spectacles par th\u00e8me<\/strong> et non par ordre chronologique. Id\u00e9al pour d\u00e9couvrir la danse si l\u2019on ne sait pas o\u00f9 mettre v\u00e9ritablement le pied\u2026<\/p>\n<p class=\" wall-content\">Le premier th\u00e8me est celui de la <strong>connexion,<\/strong> du <strong>lien,<\/strong> et de la <strong>tendresse<\/strong> avec, en ouverture du festival, Ces gens qui restent, propos\u00e9 par la Compagnie Aniaan. <strong>Ce spectacle d\u2019envergure<\/strong> se d\u00e9roulera sur la <strong>place de la Mairie<\/strong>, \u00e0 Rennes\u2009: une exp\u00e9rience collective port\u00e9e par <strong>20, 50 ou encore 100 danseurs et danseuses<\/strong> venus de tous horizons. <strong>Tout le monde pourra y participer.<\/strong><\/p>\n<blockquote class=\"ac-article-quote wall-content\">\n<p>Ils et elles seront l\u00e0, sur la grande place, connect\u00e9s les uns aux autres, quelle que soit la m\u00e9t\u00e9o\u2026 Pour former ensemble un v\u00e9ritable tableau vivant, mouvant, o\u00f9 le souffle, l&rsquo;\u00e9lan et le sourire deviennent mati\u00e8re \u00e0 danser. <\/p>\n<p>    <strong>Festival Waterproof<\/strong>\n            <\/p><\/blockquote>\n<p class=\" wall-content\">L\u2019an dernier, le festival avait consacr\u00e9 son ouverture \u00e0 <a href=\"https:\/\/actu.fr\/bretagne\/rennes_35238\/c-est-un-arret-sur-image-en-gare-de-rennes-plus-de-100-personnes-ont-danse-un-slow-geant-en-silence_62136803.html\" target=\"_blank\" rel=\"noopener\">un slow XXL en gare de Rennes<\/a>.<\/p>\n<p class=\" wall-content\">Le deuxi\u00e8me th\u00e8me parle <strong>d\u2019adelphit\u00e9,<\/strong> de <strong>transmission<\/strong> et <strong>d\u2019h\u00e9ritage<\/strong> avec\u2009:<\/p>\n<p>Votre r\u00e9gion, votre actu !<\/p>\n<p>Recevez chaque jour les infos qui comptent pour vous.<\/p>\n<p>\t<a href=\"https:\/\/actu.fr\/newsletter\" class=\"ac-btn ac-btn--corner ac-btn--medium ac-btn--blue800\" target=\"_blank\" rel=\"noopener\">S&rsquo;incrire<\/a><\/p>\n<ul class=\" wall-content\">\n<li>Ab\u00eemes de Linda Hayford, une plong\u00e9e organique et visuelle au coeur du hip-hop\u2009;<\/li>\n<li>Donne-moi la main de David Rolland et Elise Lerat, une happy manif ;<\/li>\n<li>Ndjou Ndjou par Ekilibro Noah de la Compagnie Obosso, au rythme du Mbali Etoudi, une danse traditionnelle acrobatique originaire du Cameroun ;<\/li>\n<li>Raw, de Sandrine Lescourant de la Compagnie Kila\u00ef, \u00e9voquant le parcours en mouvement de quatre danseuses.<\/li>\n<\/ul>\n<p class=\" wall-content\">Enfin, le troisi\u00e8me \u00e9voque la <strong>l\u00e9g\u00e8ret\u00e9 <\/strong>et le <strong>plaisir\u2009<\/strong>:<\/p>\n<ul class=\" wall-content\">\n<li>Ar\u00f4me ar\u00f4me de la Compagnie La Grive, une d\u00e9gustation chor\u00e9graphique o\u00f9 breuvages seront propos\u00e9s aux enfants et familles\u2009;<\/li>\n<li>\u00b0UP de Fouad Boussouf, une rencontre complice entre un foot freestyle et un violoniste\u2009;<\/li>\n<li>Mouver les buissons de Bruce Chiefare, une exp\u00e9rience ludique entre danse hip-hop et musique verte.<\/li>\n<\/ul>\n<p>    <img   decoding=\"async\" loading=\"lazy\" src=\"https:\/\/www.europesays.com\/fr\/wp-content\/uploads\/2025\/12\/17-soiiif-aromearome-c-morgan-richard-960x640.jpg\" alt=\"xx\" width=\"960\" height=\"640\"\/><br \/>\n    Le spectacle Ar\u00f4me ar\u00f4me m\u00eale danse et d\u00e9gustations. (\u00a9Morgan Richard \/ transmis \u00e0 actu Rennes)Des spectacles accessibles<\/p>\n<p class=\" wall-content\">Cette ann\u00e9e encore, le festival souhaite que la danse soit accessible \u00e0 toutes et tous et propose <strong>17 rendez-vous gratuits.<\/strong> Souvenez-vous, l\u2019an dernier, nous vous en avions s\u00e9lectionn\u00e9s<a href=\"https:\/\/actu.fr\/bretagne\/rennes_35238\/festival-de-danse-waterproof-a-rennes-voici-les-10-spectacles-gratuits-a-ne-surtout-pas-manquer_62035165.html\" target=\"_blank\" rel=\"noopener\"> 10 \u00e0 voir absolument.<\/a><\/p>\n<p class=\" wall-content\">Pour cette 7\u1d49 \u00e9dition, <strong>la carte Waterpass<\/strong> \u00e0 10\u00a0euros permet d\u2019acc\u00e9der, par ailleurs, \u00e0 un tarif avantageux \u2013 voire gratuit \u2013\u00a0sur la majorit\u00e9 des propositions. Celle-ci sera bient\u00f4t disponible sur <a href=\"https:\/\/festival-waterproof.fr\/\" target=\"_blank\" rel=\"noopener\">le site de l\u2019\u00e9v\u00e9nement,<\/a> mais \u00e9galement au Triangle.<\/p>\n<p>Le festival Waterproof en chiffres<\/p>\n<p>Le festival Waterproof recoupe 69 rendez-vous, dont :<br \/>&#8211; 19 spectacles ;<br \/>&#8211; 40 repr\u00e9sentations ;<br \/>&#8211; 17 rendez-vous gratuits ;<br \/>&#8211;\u00a012\u00a0\u00e9v\u00e9nements de pratique ;<br \/>&#8211; 3 projections ;<br \/>&#8211; 2 dancefloors ;<br \/>&#8211; 1 exposition.<\/p>\n<p>Un dancefloor g\u00e9ant<\/p>\n<p class=\" wall-content\">Il en a fait sa renomm\u00e9e\u2009: <strong>le marathon de la danse<\/strong> du festival revient \u00e9galement en 2026, le samedi 31\u00a0janvier pr\u00e9cis\u00e9ment. Coorganis\u00e9 par le Triangle, Cit\u00e9 de la danse \u00e0 Rennes, et les Trans, ce dancefloor g\u00e9ant propose <strong>quatre heures de danse non-stop<\/strong> lors d\u2019une apr\u00e8s-midi.<\/p>\n<p class=\" wall-content\"><strong>Deux \u00e0 trois chor\u00e9graphes<\/strong> lancent <strong>des d\u00e9fis<\/strong> aux participants, d\u00e9guis\u00e9s. Ils seront accompagn\u00e9s de deux DJ. Toutes et tous veillent \u00e0 <strong>l\u2019irr\u00e9gularit\u00e9 et au non-s\u00e9rieux<\/strong> de la comp\u00e9tition. \u00c0 la fin de la session, une remise <strong>des prix r\u00e9compensera<\/strong> les danseurs et danseuses qui ont r\u00e9ussi \u00e0 se distinguer.<\/p>\n<p class=\" wall-content\">Ce marathon de la danse va par ailleurs s\u2019exporter dans trois pays puisqu\u2019il sera d\u00e9clin\u00e9 <strong>au Qu\u00e9bec,<\/strong> en France et <strong>en Tunisie<\/strong> gr\u00e2ce \u00e0 la collaboration du Triangle, de La Soufflerie \u00e0 Rez\u00e9 (Loire-Atlantique), de La Maison de la danse \u00e0 Qu\u00e9bec, sans oublier lors du festival Premi\u00e8res Chor\u00e9graphiques \u00e0 Tunis.<\/p>\n<p>Infos pratiques\u2009: la billetterie sera bient\u00f4t disponible. Pour en savoir plus, contactez-le +\u00a033 (0) 2 99 22 27 27 ou par mail <a href=\"https:\/\/actu.fr\/cdn-cgi\/l\/email-protection\" class=\"__cf_email__\" data-cfemail=\"fd94939b928ebd9b988e89948b9c91d08a9c89988f8d8f92929bd39b8f\" target=\"_blank\" rel=\"noopener\">[email\u00a0protected]<\/a>.<\/p>\n<p class=\" wall-content\">Personnalisez votre actualit\u00e9 en ajoutant vos villes et m\u00e9dias en favori avec <a href=\"https:\/\/moncompte.actu.fr\" title=\"D\u00e9couvez Mon Actu\" rel=\"nofollow noopener\" data-trk=\"{&quot;cta&quot;:{&quot;action&quot;:&quot;https:\\\/\\\/moncompte.actu.fr&quot;,&quot;category&quot;:&quot;mon compte&quot;,&quot;from&quot;:&quot;article footer&quot;,&quot;name&quot;:&quot;Mon actu&quot;,&quot;type&quot;:&quot;cta&quot;}}\" target=\"_blank\">Mon Actu<\/a>.<\/p>\n<p>                    <script async src=\"\/\/www.instagram.com\/embed.js\"><\/script><\/p>\n","protected":false},"excerpt":{"rendered":"Par Laur\u00e8ne Fertin Publi\u00e9 le 14 d\u00e9c. 2025 \u00e0 10h05 Il en est \u00e0 sa 7\u1d49 \u00e9dition et&hellip;\n","protected":false},"author":2,"featured_media":598400,"comment_status":"","ping_status":"","sticky":false,"template":"","format":"standard","meta":{"footnotes":""},"categories":[2821],"tags":[1111,11,829,1697,5972,1777,674,1011,27,1652,12,584,25],"class_list":{"0":"post-598399","1":"post","2":"type-post","3":"status-publish","4":"format-standard","5":"has-post-thumbnail","7":"category-rennes","8":"tag-actu","9":"tag-actualites","10":"tag-bretagne","11":"tag-concert","12":"tag-danse","13":"tag-eu","14":"tag-europe","15":"tag-fr","16":"tag-france","17":"tag-loisirs-culture","18":"tag-news","19":"tag-rennes","20":"tag-republique-francaise"},"share_on_mastodon":{"url":"https:\/\/pubeurope.com\/@fr\/115717206428523665","error":""},"_links":{"self":[{"href":"https:\/\/www.europesays.com\/fr\/wp-json\/wp\/v2\/posts\/598399","targetHints":{"allow":["GET"]}}],"collection":[{"href":"https:\/\/www.europesays.com\/fr\/wp-json\/wp\/v2\/posts"}],"about":[{"href":"https:\/\/www.europesays.com\/fr\/wp-json\/wp\/v2\/types\/post"}],"author":[{"embeddable":true,"href":"https:\/\/www.europesays.com\/fr\/wp-json\/wp\/v2\/users\/2"}],"replies":[{"embeddable":true,"href":"https:\/\/www.europesays.com\/fr\/wp-json\/wp\/v2\/comments?post=598399"}],"version-history":[{"count":0,"href":"https:\/\/www.europesays.com\/fr\/wp-json\/wp\/v2\/posts\/598399\/revisions"}],"wp:featuredmedia":[{"embeddable":true,"href":"https:\/\/www.europesays.com\/fr\/wp-json\/wp\/v2\/media\/598400"}],"wp:attachment":[{"href":"https:\/\/www.europesays.com\/fr\/wp-json\/wp\/v2\/media?parent=598399"}],"wp:term":[{"taxonomy":"category","embeddable":true,"href":"https:\/\/www.europesays.com\/fr\/wp-json\/wp\/v2\/categories?post=598399"},{"taxonomy":"post_tag","embeddable":true,"href":"https:\/\/www.europesays.com\/fr\/wp-json\/wp\/v2\/tags?post=598399"}],"curies":[{"name":"wp","href":"https:\/\/api.w.org\/{rel}","templated":true}]}}