{"id":598403,"date":"2025-12-14T09:27:30","date_gmt":"2025-12-14T09:27:30","guid":{"rendered":"https:\/\/www.europesays.com\/fr\/598403\/"},"modified":"2025-12-14T09:27:30","modified_gmt":"2025-12-14T09:27:30","slug":"long-format-la-cathedrale-de-strasbourg-vaut-bien-deux-messes-de-minuit","status":"publish","type":"post","link":"https:\/\/www.europesays.com\/fr\/598403\/","title":{"rendered":"Long format. La cath\u00e9drale de Strasbourg vaut bien deux messes de minuit"},"content":{"rendered":"<p>Durant la p\u00e9riode du march\u00e9 de No\u00ebl, la cath\u00e9drale mill\u00e9naire de Strasbourg est particuli\u00e8rement visit\u00e9e. Elle n\u2019en reste pas moins \u2013 et avant tout \u2013 un lieu de spiritualit\u00e9. Vivre \u00ab la plus belle messe de l\u2019ann\u00e9e \u00bb dans le monument par\u00e9 de ses habits de f\u00eate est une exp\u00e9rience inoubliable.<\/p>\n<p>&#13;<br \/>\n              photos Antonoin Utz ; \u00e9dition C\u00e9line Walter &#8211; &#13;<br \/>\n        &#13;<br \/>\n          Aujourd&rsquo;hui \u00e0 10:02&#13;<br \/>\n    &#13;<br \/>\n        &#8211; Temps de lecture : &#13;<br \/>\n  &#13;\n<\/p>\n<p>                        &#13;<br \/>\n    &#13;<br \/>\n    &#13;<br \/>\n    <a href=\"https:\/\/cdn-s-www.dna.fr\/images\/A3C147A6-A0A8-491A-A7A7-4DF8281DB20F\/NW_raw\/la-messe-de-minuit-le-soir-du-reveillon-de-noel-la-cathedrale-de-strasbourg-pleine-et-paree-de-ses-tapisseries-vibre-de-ferveur-et-de-joie-photo-antonin-utz-1764777090.jpg\" title=\"La messe de minuit. Le soir du\u00a0r\u00e9veillon de No\u00ebl, la cath\u00e9drale de Strasbourg, pleine et par\u00e9e de ses tapisseries, vibre de\u00a0ferveur et de joie. Photo Antonin Utz\" class=\"chocolat-image GA-tracking\" data-ga_type=\"click\" data-ga_category=\"D\u00e9tail\" data-ga_action=\"zoomer\" data-ga_label=\"aggrandir image\" target=\"_blank\" rel=\"noopener\">&#13;<br \/>\n        <img src=\"https:\/\/www.europesays.com\/fr\/wp-content\/uploads\/2025\/12\/la-messe-de-minuit-le-soir-du-reveillon-de-noel-la-cathedrale-de-strasbourg-pleine-et-paree-de-ses-t.jpeg\"   alt=\"La messe de minuit. Le soir du\u00a0r\u00e9veillon de No\u00ebl, la cath\u00e9drale de Strasbourg, pleine et par\u00e9e de ses tapisseries, vibre de\u00a0ferveur et de joie. Photo Antonin Utz\" fetchpriority=\"high\" decoding=\"async\" data-mobile=\"NW_detail_M|1764777090\" data-base=\"NW_detail|1764777090\"\/>&#13;<br \/>\n    <\/a>&#13;<\/p>\n<p>La messe de minuit. Le soir du\u00a0r\u00e9veillon de No\u00ebl, la cath\u00e9drale de Strasbourg, pleine et par\u00e9e de ses tapisseries, vibre de\u00a0ferveur et de joie. Photo Antonin Utz<\/p>\n","protected":false},"excerpt":{"rendered":"Durant la p\u00e9riode du march\u00e9 de No\u00ebl, la cath\u00e9drale mill\u00e9naire de Strasbourg est particuli\u00e8rement visit\u00e9e. Elle n\u2019en reste&hellip;\n","protected":false},"author":2,"featured_media":598404,"comment_status":"","ping_status":"","sticky":false,"template":"","format":"standard","meta":{"footnotes":""},"categories":[2820],"tags":[1111,11,2389,1687,2880,1777,674,107,1011,27,775,937,20881,12,15830,5889,25,104,640],"class_list":{"0":"post-598403","1":"post","2":"type-post","3":"status-publish","4":"format-standard","5":"has-post-thumbnail","7":"category-strasbourg","8":"tag-actu","9":"tag-actualites","10":"tag-alsace","11":"tag-culture-loisirs","12":"tag-edition-strasbourg","13":"tag-eu","14":"tag-europe","15":"tag-fil-info","16":"tag-fr","17":"tag-france","18":"tag-grand-est","19":"tag-histoire","20":"tag-long-format","21":"tag-news","22":"tag-noel","23":"tag-religion-croyance","24":"tag-republique-francaise","25":"tag-societe","26":"tag-strasbourg"},"share_on_mastodon":{"url":"https:\/\/pubeurope.com\/@fr\/115717213924474632","error":""},"_links":{"self":[{"href":"https:\/\/www.europesays.com\/fr\/wp-json\/wp\/v2\/posts\/598403","targetHints":{"allow":["GET"]}}],"collection":[{"href":"https:\/\/www.europesays.com\/fr\/wp-json\/wp\/v2\/posts"}],"about":[{"href":"https:\/\/www.europesays.com\/fr\/wp-json\/wp\/v2\/types\/post"}],"author":[{"embeddable":true,"href":"https:\/\/www.europesays.com\/fr\/wp-json\/wp\/v2\/users\/2"}],"replies":[{"embeddable":true,"href":"https:\/\/www.europesays.com\/fr\/wp-json\/wp\/v2\/comments?post=598403"}],"version-history":[{"count":0,"href":"https:\/\/www.europesays.com\/fr\/wp-json\/wp\/v2\/posts\/598403\/revisions"}],"wp:featuredmedia":[{"embeddable":true,"href":"https:\/\/www.europesays.com\/fr\/wp-json\/wp\/v2\/media\/598404"}],"wp:attachment":[{"href":"https:\/\/www.europesays.com\/fr\/wp-json\/wp\/v2\/media?parent=598403"}],"wp:term":[{"taxonomy":"category","embeddable":true,"href":"https:\/\/www.europesays.com\/fr\/wp-json\/wp\/v2\/categories?post=598403"},{"taxonomy":"post_tag","embeddable":true,"href":"https:\/\/www.europesays.com\/fr\/wp-json\/wp\/v2\/tags?post=598403"}],"curies":[{"name":"wp","href":"https:\/\/api.w.org\/{rel}","templated":true}]}}