{"id":598410,"date":"2025-12-14T09:32:15","date_gmt":"2025-12-14T09:32:15","guid":{"rendered":"https:\/\/www.europesays.com\/fr\/598410\/"},"modified":"2025-12-14T09:32:15","modified_gmt":"2025-12-14T09:32:15","slug":"mottronix-la-start-up-qui-reinvente-lintelligence-artificielle","status":"publish","type":"post","link":"https:\/\/www.europesays.com\/fr\/598410\/","title":{"rendered":"Mottronix, la start-up qui r\u00e9invente\u00a0l\u2019intelligence artificielle"},"content":{"rendered":"<p>Responsable de la r\u00e9daction de Loire-Atlantique de l&rsquo;IJ. Juriste de formation, il a d\u00e9but\u00e9 dans la presse locale en tant que fait-diversier avant de devenir r\u00e9dacteur en chef adjoint dans la PHR. Il a depuis bifurqu\u00e9 vers l&rsquo;actualit\u00e9 \u00e9conomique et s&rsquo;int\u00e9resse particuli\u00e8rement aux start-up, entreprises de l&rsquo;\u00e9conomie bleue, sans oublier la th\u00e9matique sport et business.<\/p>\n<p><a href=\"https:\/\/www.informateurjudiciaire.fr\/auteurs\/nicolas-le-port\/\" target=\"_blank\" rel=\"noopener\">Voir les articles<\/a><\/p>\n","protected":false},"excerpt":{"rendered":"Responsable de la r\u00e9daction de Loire-Atlantique de l&rsquo;IJ. Juriste de formation, il a d\u00e9but\u00e9 dans la presse locale&hellip;\n","protected":false},"author":2,"featured_media":598411,"comment_status":"","ping_status":"","sticky":false,"template":"","format":"standard","meta":{"footnotes":""},"categories":[2818],"tags":[1111,11,1777,674,1011,27,766,12,2636,25],"class_list":{"0":"post-598410","1":"post","2":"type-post","3":"status-publish","4":"format-standard","5":"has-post-thumbnail","7":"category-nantes","8":"tag-actu","9":"tag-actualites","10":"tag-eu","11":"tag-europe","12":"tag-fr","13":"tag-france","14":"tag-nantes","15":"tag-news","16":"tag-pays-de-la-loire","17":"tag-republique-francaise"},"share_on_mastodon":{"url":"https:\/\/pubeurope.com\/@fr\/115717232746452580","error":""},"_links":{"self":[{"href":"https:\/\/www.europesays.com\/fr\/wp-json\/wp\/v2\/posts\/598410","targetHints":{"allow":["GET"]}}],"collection":[{"href":"https:\/\/www.europesays.com\/fr\/wp-json\/wp\/v2\/posts"}],"about":[{"href":"https:\/\/www.europesays.com\/fr\/wp-json\/wp\/v2\/types\/post"}],"author":[{"embeddable":true,"href":"https:\/\/www.europesays.com\/fr\/wp-json\/wp\/v2\/users\/2"}],"replies":[{"embeddable":true,"href":"https:\/\/www.europesays.com\/fr\/wp-json\/wp\/v2\/comments?post=598410"}],"version-history":[{"count":0,"href":"https:\/\/www.europesays.com\/fr\/wp-json\/wp\/v2\/posts\/598410\/revisions"}],"wp:featuredmedia":[{"embeddable":true,"href":"https:\/\/www.europesays.com\/fr\/wp-json\/wp\/v2\/media\/598411"}],"wp:attachment":[{"href":"https:\/\/www.europesays.com\/fr\/wp-json\/wp\/v2\/media?parent=598410"}],"wp:term":[{"taxonomy":"category","embeddable":true,"href":"https:\/\/www.europesays.com\/fr\/wp-json\/wp\/v2\/categories?post=598410"},{"taxonomy":"post_tag","embeddable":true,"href":"https:\/\/www.europesays.com\/fr\/wp-json\/wp\/v2\/tags?post=598410"}],"curies":[{"name":"wp","href":"https:\/\/api.w.org\/{rel}","templated":true}]}}