{"id":598412,"date":"2025-12-14T09:33:15","date_gmt":"2025-12-14T09:33:15","guid":{"rendered":"https:\/\/www.europesays.com\/fr\/598412\/"},"modified":"2025-12-14T09:33:15","modified_gmt":"2025-12-14T09:33:15","slug":"dans-les-reserves-fabuleuses-du-museum-de-nantes","status":"publish","type":"post","link":"https:\/\/www.europesays.com\/fr\/598412\/","title":{"rendered":"dans les r\u00e9serves fabuleuses du Mus\u00e9um de Nantes"},"content":{"rendered":"<p>\n    <strong>REPORTAGE &#8211;<\/strong> Ferm\u00e9 depuis novembre, l\u2019\u00e9tablissement nantais entame un chantier de modernisation qui devrait aboutir en 2029. Avant le d\u00e9but des travaux, les collections doivent cependant \u00eatre rapatri\u00e9es dans ses r\u00e9serves. Un b\u00e2timent aux mille merveilles situ\u00e9 dans le nord de l\u2019agglom\u00e9ration.<\/p>\n<p class=\"fig-paragraph\">Depuis la rue, le b\u00e2timent ressemble presque \u00e0 n\u2019importe quel autre entrep\u00f4t. Un zeste de s\u00e9curit\u00e9 en plus. Grillages, cl\u00f4tures \u00e9lectrifi\u00e9es, poste de contr\u00f4le \u00e0 sas, cam\u00e9ras. On n\u2019entre pas comme on veut dans les r\u00e9serves du\u00a0<a href=\"http:\/\/www.lefigaro.fr\/nantes\/rechauffement-climatique-effondrement-de-la-biodiversite-a-nantes-le-musee-d-histoire-naturelle-devient-ecolo-20230618\" target=\"_blank\" data-fig-type=\"Article\" rel=\"noopener\" data-gtm-custom-categorie=\"navigation\" data-gtm-custom-action=\"crossclick\" data-gtm-custom-label=\"Contextuel\" data-gtm-event=\"customEventSPE\" data-fig-domain=\"LEFIGARO\">Mus\u00e9um d\u2019histoire naturelle de Nantes<\/a>. \u00catre un pangolin naturalis\u00e9, une mygale des tropiques ou m\u00eame un pigeon voyageur faciliterait l\u2019intrusion. Par un heureux hasard, une grande migration se pr\u00e9pare. Le mus\u00e9um pr\u00e9pare sa mue. Tout juste ferm\u00e9 au public depuis novembre,\u00a0<a href=\"http:\/\/www.lefigaro.fr\/culture\/patrimoine\/le-museum-d-histoire-naturelle-de-nantes-ferme-ses-portes-jusqu-en-2029-20251104\" target=\"_blank\" data-fig-type=\"NewsFlash\" rel=\"noopener\" data-gtm-custom-categorie=\"navigation\" data-gtm-custom-action=\"crossclick\" data-gtm-custom-label=\"Contextuel\" data-gtm-event=\"customEventSPE\" data-fig-domain=\"LEFIGARO\">l\u2019\u00e9tablissement public ne rouvrira pas avant 2029<\/a>. Plus grand, plus beau. En attendant, ses collections sont contraintes de d\u00e9m\u00e9nager du palais occup\u00e9 depuis plus de deux si\u00e8cles en centre-ville. Direction les r\u00e9serves et leurs volumes discrets de merveilles, de surprises et d\u2019\u00e9tranget\u00e9s.<\/p>\n<p class=\"fig-paragraph\">Derri\u00e8re chaque porte de cet \u00e9quipement m\u00e9tropolitain, inaugur\u00e9 en 2012 dans le nord de Nantes, se trame un univers olfactif diff\u00e9rent. Les collections zoologiques sentent le fauve refroidi. Une pi\u00e8ce \u00e9touffante o\u00f9 planent de lourds m\u00e9langes d\u2019alcool et de formol aligne des bocaux remplis de serpents et de l\u00e9zards plong\u00e9s dans diverses solutions. La salle d\u2019entomologie empeste la naphtaline, la cr\u00e9osote de h\u00eatre et l\u2019essence de Mirbane, autant de substances &#8211; d\u00e9sormais prohib\u00e9es &#8211; cens\u00e9es prot\u00e9ger les insectes morts et repousser leurs cong\u00e9n\u00e8res vivants. Plus neutre, \u00e0 vue de nez du moins, une salle unique accueille les collections ethnologiques. Les moins de 500 objets qui composent cet ensemble regroupent, p\u00eale-m\u00eale, une tenue d\u2019esquimau en peau de phoque, un masque am\u00e9rindien ha\u00efda, des sabres japonais ou encore\u2026 une peau d\u2019homme\u2026<\/p>\n<p class=\"fig-premium-paywall__infos\">\n        Cet article est r\u00e9serv\u00e9 aux abonn\u00e9s.        Il vous reste 76% \u00e0 d\u00e9couvrir.\n    <\/p>\n<p>                <img  data- alt=\"Le Figaro\" class=\"fig-img--complete fig-img\"\/><\/p>\n<p class=\"fig-premium-paywall__title\">Vente Flash<\/p>\n<p class=\"fig-premium-paywall__subtitle\">-50% sur l&rsquo;abonnement num\u00e9rique<\/p>\n<p class=\"fig-premium-paywall__connect\">\n                D\u00e9j\u00e0 abonn\u00e9\u00a0?                <a class=\"fig-premium-paywall__connect-link\" href=\"https:\/\/connect.lefigaro.fr\/login?client=horizon_web&amp;type=main&amp;redirect_uri=https%3A%2F%2Fwww.lefigaro.fr%2Fnantes%2Fmomie-egyptienne-papillons-de-guyane-et-faune-naturalisee-dans-les-reserves-fabuleuses-du-museum-de-nantes-20251214\" data-js-gtm=\"{&quot;customCategorie&quot;: &quot;conversion&quot;, &quot;customAction&quot;: &quot;before_Landing_Connexion_paywall_manuel&quot;, &quot;customLabel&quot;: &quot;bGVmaWdhcm8uZnJfXzFmMGQ2NmZlLWE4ZmItNmVjMC05MThmLWExZWFmM2E2OTI3M19fTmV3c0ZsYXNo_Momie \u00e9gyptienne, papillons de Guyane et faune naturalis\u00e9e\u00a0: dans les r\u00e9serves fabuleuses du Mus\u00e9um de Nantes_845&quot;, &quot;customIDSPE&quot;: &quot;bGVmaWdhcm8uZnJfXzFmMGQ2NmZlLWE4ZmItNmVjMC05MThmLWExZWFmM2E2OTI3M19fTmV3c0ZsYXNo&quot;, &quot;event&quot;: &quot;customEventSPE&quot;}\" target=\"_blank\" rel=\"noopener\"><br \/>\n                    Connectez-vous<br \/>\n                <\/a>\n            <\/p>\n","protected":false},"excerpt":{"rendered":"REPORTAGE &#8211; Ferm\u00e9 depuis novembre, l\u2019\u00e9tablissement nantais entame un chantier de modernisation qui devrait aboutir en 2029. Avant&hellip;\n","protected":false},"author":2,"featured_media":598413,"comment_status":"","ping_status":"","sticky":false,"template":"","format":"standard","meta":{"footnotes":""},"categories":[2818],"tags":[1111,11,1777,674,1011,27,3048,766,12,2636,25],"class_list":{"0":"post-598412","1":"post","2":"type-post","3":"status-publish","4":"format-standard","5":"has-post-thumbnail","7":"category-nantes","8":"tag-actu","9":"tag-actualites","10":"tag-eu","11":"tag-europe","12":"tag-fr","13":"tag-france","14":"tag-musee","15":"tag-nantes","16":"tag-news","17":"tag-pays-de-la-loire","18":"tag-republique-francaise"},"share_on_mastodon":{"url":"https:\/\/pubeurope.com\/@fr\/115717236627247049","error":""},"_links":{"self":[{"href":"https:\/\/www.europesays.com\/fr\/wp-json\/wp\/v2\/posts\/598412","targetHints":{"allow":["GET"]}}],"collection":[{"href":"https:\/\/www.europesays.com\/fr\/wp-json\/wp\/v2\/posts"}],"about":[{"href":"https:\/\/www.europesays.com\/fr\/wp-json\/wp\/v2\/types\/post"}],"author":[{"embeddable":true,"href":"https:\/\/www.europesays.com\/fr\/wp-json\/wp\/v2\/users\/2"}],"replies":[{"embeddable":true,"href":"https:\/\/www.europesays.com\/fr\/wp-json\/wp\/v2\/comments?post=598412"}],"version-history":[{"count":0,"href":"https:\/\/www.europesays.com\/fr\/wp-json\/wp\/v2\/posts\/598412\/revisions"}],"wp:featuredmedia":[{"embeddable":true,"href":"https:\/\/www.europesays.com\/fr\/wp-json\/wp\/v2\/media\/598413"}],"wp:attachment":[{"href":"https:\/\/www.europesays.com\/fr\/wp-json\/wp\/v2\/media?parent=598412"}],"wp:term":[{"taxonomy":"category","embeddable":true,"href":"https:\/\/www.europesays.com\/fr\/wp-json\/wp\/v2\/categories?post=598412"},{"taxonomy":"post_tag","embeddable":true,"href":"https:\/\/www.europesays.com\/fr\/wp-json\/wp\/v2\/tags?post=598412"}],"curies":[{"name":"wp","href":"https:\/\/api.w.org\/{rel}","templated":true}]}}