{"id":598414,"date":"2025-12-14T09:34:09","date_gmt":"2025-12-14T09:34:09","guid":{"rendered":"https:\/\/www.europesays.com\/fr\/598414\/"},"modified":"2025-12-14T09:34:09","modified_gmt":"2025-12-14T09:34:09","slug":"la-coordination-rurale-33-lance-un-appel-au-blocage-de-bordeaux-ce-dimanche-soir","status":"publish","type":"post","link":"https:\/\/www.europesays.com\/fr\/598414\/","title":{"rendered":"La Coordination rurale 33 lance un appel au blocage de Bordeaux ce dimanche soir"},"content":{"rendered":"<p>Dans un message post\u00e9 sur <a href=\"https:\/\/www.facebook.com\/permalink.php?story_fbid=pfbid029qz8hCGiZBn5EiTiYKCB6re8ZF1RSFX2CHXYHmTYmwetqwvAyu1A2nGJfrUFJnMil&amp;id=61571712101000\" target=\"_blank\" rel=\"nofollow noopener\">Facebook<\/a>, la CR 33 invite les viticulteurs, \u00e9leveurs, forestiers, mara\u00eechers et agriculteurs \u00e0 venir avec leurs \u00ab\u00a0tracteurs et bennes pleines\u00a0\u00bb pour se faire entendre \u00ab\u00a0face aux abattages totaux, aux d\u00e9cisions hors sol et \u00e0 une gestion d\u00e9sastreuse de la crise agricole\u00a0\u00bb.<\/p>\n<p>Vendredi 12\u00a0d\u00e9cembre, <a href=\"https:\/\/www.sudouest.fr\/economie\/agriculture\/colere-des-agriculteurs\/colere-des-agriculteurs-en-gironde-a-bordeaux-des-dechets-agricoles-deverses-et-une-carcasse-de-sanglier-pendue-par-la-cr-33-27071786.php\" target=\"_blank\" rel=\"noopener\">le syndicat avait d\u00e9j\u00e0 d\u00e9vers\u00e9 des d\u00e9chets agricoles devant des points cl\u00e9s de la ville<\/a>, comme la place de la Bourse, la Cit\u00e9 du vin, la pr\u00e9fecture de Gironde ou la Direction r\u00e9gionale de l\u2019alimentation, de l\u2019agriculture et de la for\u00eat Nouvelle-Aquitaine (Draaf). Une carcasse de sanglier avait \u00e9galement \u00e9t\u00e9 suspendue devant la Direction d\u00e9partementale de la protection des populations (DDPP) \u00e0 Bruges.<\/p>\n","protected":false},"excerpt":{"rendered":"Dans un message post\u00e9 sur Facebook, la CR 33 invite les viticulteurs, \u00e9leveurs, forestiers, mara\u00eechers et agriculteurs \u00e0&hellip;\n","protected":false},"author":2,"featured_media":598415,"comment_status":"","ping_status":"","sticky":false,"template":"","format":"standard","meta":{"footnotes":""},"categories":[2817],"tags":[1111,11,1997,1777,674,1011,27,12,2219,25],"class_list":{"0":"post-598414","1":"post","2":"type-post","3":"status-publish","4":"format-standard","5":"has-post-thumbnail","7":"category-bordeaux","8":"tag-actu","9":"tag-actualites","10":"tag-bordeaux","11":"tag-eu","12":"tag-europe","13":"tag-fr","14":"tag-france","15":"tag-news","16":"tag-nouvelle-aquitaine","17":"tag-republique-francaise"},"share_on_mastodon":{"url":"https:\/\/pubeurope.com\/@fr\/115717240647955505","error":""},"_links":{"self":[{"href":"https:\/\/www.europesays.com\/fr\/wp-json\/wp\/v2\/posts\/598414","targetHints":{"allow":["GET"]}}],"collection":[{"href":"https:\/\/www.europesays.com\/fr\/wp-json\/wp\/v2\/posts"}],"about":[{"href":"https:\/\/www.europesays.com\/fr\/wp-json\/wp\/v2\/types\/post"}],"author":[{"embeddable":true,"href":"https:\/\/www.europesays.com\/fr\/wp-json\/wp\/v2\/users\/2"}],"replies":[{"embeddable":true,"href":"https:\/\/www.europesays.com\/fr\/wp-json\/wp\/v2\/comments?post=598414"}],"version-history":[{"count":0,"href":"https:\/\/www.europesays.com\/fr\/wp-json\/wp\/v2\/posts\/598414\/revisions"}],"wp:featuredmedia":[{"embeddable":true,"href":"https:\/\/www.europesays.com\/fr\/wp-json\/wp\/v2\/media\/598415"}],"wp:attachment":[{"href":"https:\/\/www.europesays.com\/fr\/wp-json\/wp\/v2\/media?parent=598414"}],"wp:term":[{"taxonomy":"category","embeddable":true,"href":"https:\/\/www.europesays.com\/fr\/wp-json\/wp\/v2\/categories?post=598414"},{"taxonomy":"post_tag","embeddable":true,"href":"https:\/\/www.europesays.com\/fr\/wp-json\/wp\/v2\/tags?post=598414"}],"curies":[{"name":"wp","href":"https:\/\/api.w.org\/{rel}","templated":true}]}}