{"id":598418,"date":"2025-12-14T09:36:18","date_gmt":"2025-12-14T09:36:18","guid":{"rendered":"https:\/\/www.europesays.com\/fr\/598418\/"},"modified":"2025-12-14T09:36:18","modified_gmt":"2025-12-14T09:36:18","slug":"dermatose-nodulaire-plusieurs-feux-de-bottes-de-paille-au-nord-de-toulouse-durant-la-nuit","status":"publish","type":"post","link":"https:\/\/www.europesays.com\/fr\/598418\/","title":{"rendered":"Dermatose nodulaire\u00a0: plusieurs feux de bottes de paille au nord de Toulouse durant la nuit"},"content":{"rendered":"<p>\n                                                                    l&rsquo;essentiel<br \/>\n                                                                La mobilisation des agriculteurs en Haute-Garonne se poursuit. Des bottes de foin ont \u00e9t\u00e9 incendi\u00e9es sur des sites du nord toulousain, n\u00e9cessitant l\u2019intervention des pompiers. Les actions sporadiques se multiplient dans tout le d\u00e9partement.\n                            <\/p>\n<p>La mobilisation des agriculteurs se poursuit en Haute-Garonne. Au-del\u00e0 du blocage de l\u2019A64, des actions sporadiques ont lieu aux quatre coins du d\u00e9partement.<\/p>\n<p>        <img decoding=\"async\" class=\"std-img__img responsive-img\" src=\"https:\/\/www.europesays.com\/fr\/wp-content\/uploads\/2025\/12\/1765704978_188_image.jpg\" alt=\"Les agriculteurs ont mis le feu \u00e0 des bottes de paille cette nuit.\"\/><\/p>\n<p>                Les agriculteurs ont mis le feu \u00e0 des bottes de paille cette nuit.<br \/>\n                                    DDM &#8211; Anthony Feucher<\/p>\n<p>\nCette nuit, entre 2\u00a0heures et 4\u00a0heures du matin, les agriculteurs ont ainsi d\u00e9pos\u00e9 des bottes de foin sur plusieurs sites strat\u00e9giques, dont des ronds-points du Nord-Toulousain, avant de les incendier.<br \/>\nSur la route de Paris, \u00e0 Saint-Alban, juste avant le centre commercial de Fenouillet, ce sont deux \u00e9quipes de pompiers qui ont d\u00fb s\u2019atteler \u00e0 \u00e9teindre le feu.<\/p>\n<p>Les gendarmes ont \u00e9t\u00e9 \u00e9galement pr\u00e9sents. Ces sc\u00e8nes de bottes de foin en feu ont \u00e9t\u00e9 dupliqu\u00e9es sur plusieurs points tels que les p\u00e9ages de Castelnau-d\u2019Estr\u00e9tefonds, \u00e0 Saint-Jory, \u00e0 Ondes\u2026 Les pompiers ont ainsi travaill\u00e9 toute la nuit dans ce secteur pour \u00e9teindre tous ces points br\u00fblants.<\/p>\n","protected":false},"excerpt":{"rendered":"l&rsquo;essentiel La mobilisation des agriculteurs en Haute-Garonne se poursuit. Des bottes de foin ont \u00e9t\u00e9 incendi\u00e9es sur des&hellip;\n","protected":false},"author":2,"featured_media":598419,"comment_status":"","ping_status":"","sticky":false,"template":"","format":"standard","meta":{"footnotes":""},"categories":[2816],"tags":[1111,11,327,70814,33,1777,674,1011,27,2722,12,2680,25,2312],"class_list":{"0":"post-598418","1":"post","2":"type-post","3":"status-publish","4":"format-standard","5":"has-post-thumbnail","7":"category-toulouse","8":"tag-actu","9":"tag-actualites","10":"tag-agriculture","11":"tag-dermatose-nodulaire","12":"tag-economie","13":"tag-eu","14":"tag-europe","15":"tag-fr","16":"tag-france","17":"tag-haute-garonne","18":"tag-news","19":"tag-occitanie","20":"tag-republique-francaise","21":"tag-toulouse"},"share_on_mastodon":{"url":"https:\/\/pubeurope.com\/@fr\/115717249579323711","error":""},"_links":{"self":[{"href":"https:\/\/www.europesays.com\/fr\/wp-json\/wp\/v2\/posts\/598418","targetHints":{"allow":["GET"]}}],"collection":[{"href":"https:\/\/www.europesays.com\/fr\/wp-json\/wp\/v2\/posts"}],"about":[{"href":"https:\/\/www.europesays.com\/fr\/wp-json\/wp\/v2\/types\/post"}],"author":[{"embeddable":true,"href":"https:\/\/www.europesays.com\/fr\/wp-json\/wp\/v2\/users\/2"}],"replies":[{"embeddable":true,"href":"https:\/\/www.europesays.com\/fr\/wp-json\/wp\/v2\/comments?post=598418"}],"version-history":[{"count":0,"href":"https:\/\/www.europesays.com\/fr\/wp-json\/wp\/v2\/posts\/598418\/revisions"}],"wp:featuredmedia":[{"embeddable":true,"href":"https:\/\/www.europesays.com\/fr\/wp-json\/wp\/v2\/media\/598419"}],"wp:attachment":[{"href":"https:\/\/www.europesays.com\/fr\/wp-json\/wp\/v2\/media?parent=598418"}],"wp:term":[{"taxonomy":"category","embeddable":true,"href":"https:\/\/www.europesays.com\/fr\/wp-json\/wp\/v2\/categories?post=598418"},{"taxonomy":"post_tag","embeddable":true,"href":"https:\/\/www.europesays.com\/fr\/wp-json\/wp\/v2\/tags?post=598418"}],"curies":[{"name":"wp","href":"https:\/\/api.w.org\/{rel}","templated":true}]}}