{"id":598420,"date":"2025-12-14T09:37:12","date_gmt":"2025-12-14T09:37:12","guid":{"rendered":"https:\/\/www.europesays.com\/fr\/598420\/"},"modified":"2025-12-14T09:37:12","modified_gmt":"2025-12-14T09:37:12","slug":"dermatose-des-routes-toujours-bloquees-dans-le-sud-ouest-annie-genevard-attendue-lundi","status":"publish","type":"post","link":"https:\/\/www.europesays.com\/fr\/598420\/","title":{"rendered":"Dermatose\u00a0: des routes toujours bloqu\u00e9es dans le Sud-Ouest, Annie Genevard attendue lundi"},"content":{"rendered":"<p>Les \u00e9leveurs en col\u00e8re contre l&rsquo;abattage de troupeaux affect\u00e9s par la dermatose nodulaire contagieuse (DNC) bloquent toujours des routes dans le Sud-Ouest ce dimanche \u00e0 l&rsquo;appel de la Coordination rurale et la Conf\u00e9d\u00e9ration paysanne qui r\u00e9clament une large vaccination du cheptel.\n<\/p>\n<p>Les agriculteurs en col\u00e8re contre les mesures d&rsquo;abattage de troupeaux touch\u00e9s par la\u00a0<a class=\"IciLink ici-link IciArticleLink g-ici-body-regular-1 underline brand svelte-1chfe2s\" href=\"https:\/\/www.francebleu.fr\/infos\/agriculture-peche\/symptomes-abattages-des-troupeaux-vaccination-mobilisation-des-agriculteurs-que-sait-on-de-la-dermatose-nodulaire-7399093\" rel=\"nofollow noopener\" target=\"_blank\">dermatose nodulaire,<\/a>\u00a0mobilis\u00e9s depuis vendredi soir, m\u00e8nent encore plusieurs actions ce dimanche, notamment dans le Sud-Ouest, \u00e9picentre de la contestation. Plusieurs axes routiers sont toujours bloqu\u00e9s et notamment <strong>u<\/strong>ne portion de l&rsquo;A64 entre Toulouse (Haute-Garonne) et Bayonne (Pyr\u00e9n\u00e9es-Atlantiques)**, a indiqu\u00e9 Vinci Autoroutes \u00e0 7h \u00e0 l\u2019Agence Radio France. De nouveaux blocages routiers ont \u00e9t\u00e9 recens\u00e9s samedi soir, comme \u00e0 Castelsarrasin (Tarn-et-Garonne) sur l&rsquo;A62.<\/p>\n<p>La ministre de l&rsquo;Agriculture, Annie Genevard, a annonc\u00e9 ce dimanche qu&rsquo;elle se rendra lundi dans le Sud-Ouest pour assister \u00ab\u00a0au d\u00e9but de la vaccination\u00a0\u00bb de troupeaux bovins.\u00a0\u00ab\u00a0C&rsquo;est un d\u00e9fi que nous allons relever avec les \u00e9leveurs\u00a0: vacciner dans les temps les plus rapides possibles un million de b\u00eates parce que c&rsquo;est le chemin pour lutter contre la maladie. Et c&rsquo;est tr\u00e8s important cette vaccination. Je vais demain, comme je l&rsquo;ai fait d&rsquo;ailleurs en Savoie, en Haute-Savoie, dans le Jura, je vais assister aux d\u00e9buts de la vaccination sur ce territoire. Je vais m&rsquo;y rendre parce que c&rsquo;est un chemin d&rsquo;espoir pour emp\u00eacher l&rsquo;abattage des troupeaux\u00a0\u00bb, a d\u00e9clar\u00e9 la ministre sur Europe 1.<\/p>\n<p>L&rsquo;A64 toujours ferm\u00e9e entre Toulouse et Bayonne, d&rsquo;autres axes du Sud-Ouest coup\u00e9s<\/p>\n<p>Selon Vinci Autoroutes, pr\u00e8s de <strong>180 km de l&rsquo;autoroute A64<\/strong> entre Bayonne et Saint-Gaudens \u00e9taient ferm\u00e9s \u00e0 la circulation samedi soir, en raison de blocages. L&rsquo;autoroute est encore totalement coup\u00e9e ce dimanche matin entre Toulouse\u00a0<a class=\"IciLink ici-link IciArticleLink g-ici-body-regular-1 underline brand svelte-1chfe2s\" href=\"https:\/\/www.francebleu.fr\/infos\/agriculture-peche\/dermatose-nodulaire-des-agriculteurs-attendus-a-bayonne-nord-au-rond-point-de-l-autoroute-1251587\" rel=\"nofollow noopener\" target=\"_blank\">et la c\u00f4te basque<\/a>, entre les \u00e9changeurs de Briscous \/ Urt (Pyr\u00e9n\u00e9es-Atlantiques) et Montr\u00e9jau (Haute-Garonne). La bretelle de l\u2019autoroute A645, qui m\u00e8ne \u00e0 l\u2019A64, est toujours ferm\u00e9e.<\/p>\n<p>Par ailleurs, le blocage \u00e0 dur\u00e9e ind\u00e9termin\u00e9e sur la <strong>RN 20 au sud de Tarascon-sur-Ari\u00e8ge<\/strong>, axe strat\u00e9gique vers l&rsquo;Andorre et l&rsquo;Espagne, est toujours en cours selon Bison fut\u00e9, tandis que <strong>dans le Tarn-et-Garonne<\/strong>, des manifestants sont toujours pr\u00e9sents sur un \u00e9changeur \u00e0 Castelsarrasin, emp\u00eachant l&rsquo;acc\u00e8s \u00e0 l&rsquo;entr\u00e9e n\u1d52 9 sur l&rsquo;A62 en direction de Toulouse et de Bordeaux. D&rsquo;apr\u00e8s la pr\u00e9fecture, <strong>l\u2019A65<\/strong> est toujours ferm\u00e9e \u00e0 hauteur de Garlin, \u00e0 une trentaine de kilom\u00e8tres au nord de Pau, dans le sens nord-sud, et\u00a0<strong>en Gironde<\/strong>, un convoi doit partir du sud de Bordeaux en direction de la m\u00e9tropole.<\/p>\n<p>Blocages et barrages filtrants<\/p>\n<p>Dans le reste du pays,\u00a0<strong>l&rsquo;A75 est toujours bloqu\u00e9e<\/strong>\u00a0en Loz\u00e8re ce dimanche matin selon Vinci, mais <strong>l&rsquo;A7 a pu rouvrir dans la Dr\u00f4me,<\/strong> o\u00f9\u00a0<a class=\"IciLink ici-link IciArticleLink g-ici-body-regular-1 underline brand svelte-1chfe2s\" href=\"https:\/\/www.francebleu.fr\/infos\/economie-social\/dermatose-nodulaire-des-agriculteurs-de-la-coordination-rurale-bloquent-l-a7-a-proximite-du-peage-montelimar-nord-9322524\" rel=\"nofollow noopener\" target=\"_blank\">une trentaine d&rsquo;agriculteurs de la Coordination Rurale \u00e9taient mobilis\u00e9s samedi soir<\/a>\u00a0au niveau de l&rsquo;\u00e9changeur Mont\u00e9limar Nord (n\u00b017).\u00a0<a class=\"IciLink ici-link IciArticleLink g-ici-body-regular-1 underline brand svelte-1chfe2s\" href=\"https:\/\/www.francebleu.fr\/infos\/agriculture-peche\/saint-martin-de-crau-pres-de-200-agriculteurs-mobilises-pour-protester-contre-les-reponses-de-l-etat-inadmissibles-5404268\" rel=\"nofollow noopener\" target=\"_blank\">Dans les Bouches-du-Rh\u00f4ne, o\u00f9 200 personnes<\/a>\u00a0et une soixantaine de tracteurs se sont mobilis\u00e9s samedi matin \u00e0 Saint-Martin-de-Crau, pr\u00e8s d&rsquo;Arles, la circulation \u00e9tait r\u00e9tablie samedi soir au niveau du\u00a0p\u00e9age de l&rsquo;A54.<\/p>\n<p><strong>Dans les Pyr\u00e9n\u00e9es-Orientales<\/strong>, o\u00f9 une cinquantaine d&rsquo;\u00e9leveurs ont install\u00e9 un barrage filtrant sur la RN 20 samedi\u00a0<a class=\"IciLink ici-link IciArticleLink g-ici-body-regular-1 underline brand svelte-1chfe2s\" href=\"https:\/\/www.francebleu.fr\/infos\/agriculture-peche\/on-vient-de-tout-bloquer-des-eleveurs-barrent-la-n20-vers-andorre-pour-denoncer-la-gestion-de-la-dermatose-nodulaire-1314334\" rel=\"nofollow noopener\" target=\"_blank\">pr\u00e8s de Latour-de-Carol, en Cerdagne<\/a>, des agriculteurs et des habitants ont investi le <a class=\"IciLink ici-link IciArticleLink g-ici-body-regular-1 underline brand svelte-1chfe2s\" href=\"https:\/\/www.francebleu.fr\/infos\/agriculture-peche\/apres-la-cerdagne-les-eleveurs-catalans-rassembles-en-conflent-contre-la-gestion-de-la-dermatose-4965358\" rel=\"nofollow noopener\" target=\"_blank\">rond-point de Villefranche-de-Conflent vers 8h ce dimanche.<\/a><\/p>\n<p>Un million d&rsquo;animaux prochainement vaccin\u00e9s<\/p>\n<p>Au total, les autorit\u00e9s ont recens\u00e9\u00a0<strong>43 actions partout sur le territoire<\/strong>\u00a0samedi, r\u00e9unissant 2\u00a0000 manifestants, ponctu\u00e9es par endroits de\u00a0\u00ab\u00a0tensions\u00a0\u00bb, selon le minist\u00e8re de l&rsquo;Int\u00e9rieur. D&rsquo;autres actions sont annonc\u00e9es la semaine prochaine. Les agriculteurs re\u00e7us samedi par le pr\u00e9fet des Pyr\u00e9n\u00e9es-Atlantiques\u00a0pr\u00e9voient notamment de continuer \u00e0 bloquer les autoroutes jusqu\u2019\u00e0 ce que la ministre assouplisse le protocole sanitaire. Depuis l&rsquo;apparition de la dermatose nodulaire en juin en France, la strat\u00e9gie mise en place par l&rsquo;\u00c9tat implique <strong>l&rsquo;abattage de toutes les b\u00eates des foyers affect\u00e9s<\/strong>, des restrictions de mouvements des troupeaux et jusqu&rsquo;ici une \u00ab\u00a0vaccination d&rsquo;urgence\u00a0\u00bb de tous les bovins dans un rayon de 50 km autour de la zone concern\u00e9e.<\/p>\n<p>Alors que des agriculteurs ont\u00a0<a class=\"IciLink ici-link IciArticleLink g-ici-body-regular-1 underline brand svelte-1chfe2s\" href=\"https:\/\/www.francebleu.fr\/infos\/agriculture-peche\/dermatose-manifestation-a-pontarlier-devant-l-ancienne-permanence-d-annie-genevard-9063381\" rel=\"nofollow noopener\" target=\"_blank\">manifest\u00e9 devant son ancienne permanence parlementaire \u00e0 Pontarlier (Doubs)<\/a>, la ministre de l&rsquo;Agriculture\u00a0<a class=\"IciLink ici-link IciArticleLink g-ici-body-regular-1 underline brand svelte-1chfe2s\" href=\"https:\/\/www.francebleu.fr\/emissions\/l-info-d-ici-ici-occitanie\/dermatose-nous-allons-vacciner-pres-d-un-million-d-animaux-indique-la-ministre-de-l-agriculture-4109844\" rel=\"nofollow noopener\" target=\"_blank\">Annie Genevard a annonc\u00e9 samedi sur ICI Occitanie<\/a>\u00a0vouloir vacciner \u00ab\u00a0pr\u00e8s d&rsquo;un million\u00a0\u00bb d&rsquo;animaux suppl\u00e9mentaires. Les\u00a0huit d\u00e9partements du Sud-Ouest plac\u00e9s en zone r\u00e9glement\u00e9e sont concern\u00e9s, a confirm\u00e9 \u00e0 l&rsquo;AFP le minist\u00e8re, selon qui un million de b\u00eates ont d\u00e9j\u00e0 \u00e9t\u00e9 vaccin\u00e9es pour un co\u00fbt de 20 millions d&rsquo;euros.<\/p>\n<p>\u00c0 lire aussi   <img decoding=\"async\" src=\"https:\/\/www.europesays.com\/fr\/wp-content\/uploads\/2025\/12\/1765705032_822_400x400\" alt=\"\" style=\"--_image-preview:url('data:image\/jpeg;base64,\/9j\/2wBDACgcHiMeGSgjISMtKygwPGRBPDc3PHtYXUlkkYCZlo+AjIqgtObDoKrarYqMyP\/L2u71\/\/\/\/m8H\/\/\/\/6\/+b9\/\/j\/2wBDASstLTw1PHZBQXb4pYyl+Pj4+Pj4+Pj4+Pj4+Pj4+Pj4+Pj4+Pj4+Pj4+Pj4+Pj4+Pj4+Pj4+Pj4+Pj4+Pj4+Pj\/wAARCAAXACoDASIAAhEBAxEB\/8QAGAAAAwEBAAAAAAAAAAAAAAAAAAIDAQT\/xAAYEAEBAQEBAAAAAAAAAAAAAAAAARECEv\/EABcBAQEBAQAAAAAAAAAAAAAAAAECAAP\/xAAWEQEBAQAAAAAAAAAAAAAAAAAAARH\/2gAMAwEAAhEDEQA\/AOTmKyJ81SVztUbCWH0to1k7C+VKwaU+apOgFBvpmgBho0BNL\/\/Z');\" loading=\"lazy\" fetchpriority=\"low\" aria-hidden=\"true\" class=\"svelte-1cksh76 rounded\" onload=\"this.__e=event\" onerror=\"this.__e=event\"\/><\/p>\n","protected":false},"excerpt":{"rendered":"Les \u00e9leveurs en col\u00e8re contre l&rsquo;abattage de troupeaux affect\u00e9s par la dermatose nodulaire contagieuse (DNC) bloquent toujours des&hellip;\n","protected":false},"author":2,"featured_media":598421,"comment_status":"","ping_status":"","sticky":false,"template":"","format":"standard","meta":{"footnotes":""},"categories":[2816],"tags":[1111,11,1777,674,1011,27,12,2680,25,2312],"class_list":{"0":"post-598420","1":"post","2":"type-post","3":"status-publish","4":"format-standard","5":"has-post-thumbnail","7":"category-toulouse","8":"tag-actu","9":"tag-actualites","10":"tag-eu","11":"tag-europe","12":"tag-fr","13":"tag-france","14":"tag-news","15":"tag-occitanie","16":"tag-republique-francaise","17":"tag-toulouse"},"share_on_mastodon":{"url":"https:\/\/pubeurope.com\/@fr\/115717253258819816","error":""},"_links":{"self":[{"href":"https:\/\/www.europesays.com\/fr\/wp-json\/wp\/v2\/posts\/598420","targetHints":{"allow":["GET"]}}],"collection":[{"href":"https:\/\/www.europesays.com\/fr\/wp-json\/wp\/v2\/posts"}],"about":[{"href":"https:\/\/www.europesays.com\/fr\/wp-json\/wp\/v2\/types\/post"}],"author":[{"embeddable":true,"href":"https:\/\/www.europesays.com\/fr\/wp-json\/wp\/v2\/users\/2"}],"replies":[{"embeddable":true,"href":"https:\/\/www.europesays.com\/fr\/wp-json\/wp\/v2\/comments?post=598420"}],"version-history":[{"count":0,"href":"https:\/\/www.europesays.com\/fr\/wp-json\/wp\/v2\/posts\/598420\/revisions"}],"wp:featuredmedia":[{"embeddable":true,"href":"https:\/\/www.europesays.com\/fr\/wp-json\/wp\/v2\/media\/598421"}],"wp:attachment":[{"href":"https:\/\/www.europesays.com\/fr\/wp-json\/wp\/v2\/media?parent=598420"}],"wp:term":[{"taxonomy":"category","embeddable":true,"href":"https:\/\/www.europesays.com\/fr\/wp-json\/wp\/v2\/categories?post=598420"},{"taxonomy":"post_tag","embeddable":true,"href":"https:\/\/www.europesays.com\/fr\/wp-json\/wp\/v2\/tags?post=598420"}],"curies":[{"name":"wp","href":"https:\/\/api.w.org\/{rel}","templated":true}]}}