{"id":598424,"date":"2025-12-14T09:42:14","date_gmt":"2025-12-14T09:42:14","guid":{"rendered":"https:\/\/www.europesays.com\/fr\/598424\/"},"modified":"2025-12-14T09:42:14","modified_gmt":"2025-12-14T09:42:14","slug":"les-survivants-de-la-rafle-de-janvier-1943-combattants-de-la-paix","status":"publish","type":"post","link":"https:\/\/www.europesays.com\/fr\/598424\/","title":{"rendered":"Les survivants de la rafle de janvier\u00a01943, combattants de la paix"},"content":{"rendered":"<p>Devant sa t\u00e9l\u00e9vision, ce 18\u00a0novembre\u00a02025, Suzanne Fritz, \u00ab\u00a084\u00a0ans et demi\u00a0\u00bb, manque de s\u2019\u00e9trangler\u00a0: en plein congr\u00e8s des maires, le chef d\u2019\u00e9tat-major des arm\u00e9es, Fabien Mandon, vient de d\u00e9clarer que la France devait \u00ab\u00a0accepter de perdre ses enfants\u00a0\u00bb dans une possible guerre face \u00e0 la menace russe.<\/p>\n<p>\u00ab\u00a0J\u2019ai six enfants, douze petits-enfants, qu\u2019ils puissent vivre ce que j\u2019ai v\u00e9cu, les perdre, je le refuse de toutes mes forces\u00a0\u00bb, s\u2019enflamme cette petite femme aux yeux doux. \u00ab\u00a0Tout va si vite, il y a quelques mois encore, qui aurait imagin\u00e9 entendre ces paroles ?, soupire, interloqu\u00e9 lui aussi, G\u00e9rard Agresti, 73\u00a0ans. N\u2019est-on pas en train de conditionner nos esprits \u00e0 la guerre\u00a0?\u00a0\u00bb<\/p>\n<p><img alt=\"Ces Marseillais (ici avec leur avocat, Me Luongo) ont connu la guerre et la racontent aux g\u00e9n\u00e9rations suivantes.\" loading=\"lazy\" decoding=\"async\" data-nimg=\"fill\" class=\" TwicCore_img__i9TC1 undefined  undefined\" style=\"position:absolute;height:100%;width:100%;left:0;top:0;right:0;bottom:0;color:transparent;background-size:cover;background-position:50% 50%;background-repeat:no-repeat;background-image:url(&quot;data:image\/svg+xml;charset=utf-8,%3Csvg xmlns='http:\/\/www.w3.org\/2000\/svg' %3E%3Cfilter id='b' color-interpolation-filters='sRGB'%3E%3CfeGaussianBlur stdDeviation='20'\/%3E%3CfeColorMatrix values='1 0 0 0 0 0 1 0 0 0 0 0 1 0 0 0 0 0 100 -1' result='s'\/%3E%3CfeFlood x='0' y='0' width='100%25' height='100%25'\/%3E%3CfeComposite operator='out' in='s'\/%3E%3CfeComposite in2='SourceGraphic'\/%3E%3CfeGaussianBlur stdDeviation='20'\/%3E%3C\/filter%3E%3Cimage width='100%25' height='100%25' x='0' y='0' preserveAspectRatio='none' style='filter: url(%23b);' href='https:\/\/pictures.laprovence.com\/cdn-cgi\/image\/blur=250\/media\/melody\/2025\/12\/14\/ces-marseillais-ici-avec-leur-avocat-me-luongo-ont-connu-la-guerre-et-la-racontent-aux-generations-s-1765701215_ff8ced247d396449ced247d39289cev_.jpg'\/%3E%3C\/svg%3E&quot;)\"   src=\"https:\/\/www.europesays.com\/fr\/wp-content\/uploads\/2025\/12\/ces-marseillais-ici-avec-leur-avocat-me-luongo-ont-connu-la-guerre-et-la-racontent-aux-generations-s.jpeg\"\/>Ces Marseillais (ici avec leur avocat, Me Luongo) ont connu la guerre et la racontent aux g\u00e9n\u00e9rations suivantes. \/ Photo Noa Th\u00e9venin<\/p>\n<p>\u00ab\u00a0Je suis si en col\u00e8re\u00a0\u00bb, gronde \u00e0 l\u2019unisson Claude Arovas, 84\u00a0ans, quand Antoine Mignemi, 87\u00a0ans, le mart\u00e8lera jusqu\u2019\u00e0 son dernier souffle\u00a0: \u00ab\u00a0Les guerres ne sont pas une fatalit\u00e9, mais un peuple qui oublie son pass\u00e9 est condamn\u00e9 \u00e0 le revivre.\u00a0\u00bb<\/p>\n<p>Avec leurs cheveux blancs, leurs pas moins assur\u00e9s, les rides qui creusent leurs beaux visages, Suzanne, G\u00e9rard, Claude et Antoine n\u2019en sont pas moins, eux aussi, des combattants.<\/p>\n<p>\u00c0 tout le moins, des sentinelles\u00a0: la guerre qu\u2019ils m\u00e8nent se m\u00e8ne donc sans fusil ni drone, elle est tiss\u00e9e de mots et de rencontres. Tous les quatre font partie, comme 160 autres personnes, du <a href=\"https:\/\/www.laprovence.com\/article\/edition-marseille\/6531771\/le-combat-des-enfants-de-la-rafle-de-saint-jean.html\" target=\"_blank\" rel=\"noopener\">Collectif Saint-Jean 24\u00a0janvier\u00a01943<\/a>, qui \u0153uvre depuis six ans pour le souvenir de cette journ\u00e9e funeste. <a href=\"https:\/\/www.laprovence.com\/article\/papier\/5332018\/1943-marseille-sous-la-botte-nazie.html\" target=\"_blank\" rel=\"noopener\">Ce sont des passeurs de m\u00e9moire.<\/a><\/p>\n<p>\u00ab\u00a0Au moins, ils sont morts vite\u2026\u00a0\u00bb<\/p>\n<p><a href=\"https:\/\/www.laprovence.com\/article\/region\/64002996398411\/grand-format-il-y-a-80-ans-les-rafles-du-vieux-port\" target=\"_blank\" rel=\"noopener\">Entre le 22 et le 24 janvier 1943<\/a>, \u00e0 Marseille, la police fran\u00e7aise de Vichy et l\u2019occupant nazi multiplient les arrestations autour du Vieux-Port, vidant, le dernier jour, le vieux quartier Saint-Jean de ses habitants : Juifs, immigr\u00e9s, r\u00e9sistants, pauvres gens.<\/p>\n<p>Ces ruelles, ces immeubles serr\u00e9s les uns contre les autres,<a href=\"https:\/\/www.laprovence.com\/article\/region\/66666212514685\/rafles-de-1943-a-marseille-un-espace-memoriel-pour-reparer-loubli-et-soigner-lavenir\" target=\"_blank\" rel=\"noopener\"> c\u2019\u00e9tait le paysage des parents de G\u00e9rard<\/a> (9, rue du Radeau), d\u2019Antoine (66, rue Saint-Laurent), Claude (4, rue de la Rose) et Suzanne (9, rue Ch\u00e2teau Joli). Si ces adresses ne vous disent rien, c\u2019est normal : dans le cadre de l\u2019Op\u00e9ration Sultan, 1 500 immeubles furent ras\u00e9s, en l\u2019absence de leurs 20 000 habitants \u00e9vacu\u00e9s.<\/p>\n<p>12 000 personnes seront ensuite emmen\u00e9es par wagons \u00e0 bestiaux dans un casernement insalubre de Fr\u00e9jus ; 800 hommes seront, comme le p\u00e8re de G\u00e9rard, d\u00e9port\u00e9s \u00e0 Sachsenhausen, pr\u00e8s de Berlin<a href=\"https:\/\/www.laprovence.com\/article\/france-monde\/6687049\/des-marseillais-temoignent-en-allemagne-au-proces-dun-gardien-de-camp-nazi.html\" target=\"_blank\" rel=\"noopener\"> o\u00f9 84\u00a0000 prisonniers, contraints au travail forc\u00e9, d\u00e9c\u00e9deront<\/a>.<\/p>\n<p>D\u2019autres, comme les parents de Claude, Juifs venus de Gr\u00e8ce et de Turquie, seront conduits \u00e0 Drancy, puis d\u00e9port\u00e9s \u00e0 Sobibor et Auschwitz : \u00ab\u00a0Avec mon fr\u00e8re et ma s\u0153ur, la seule chose qui nous faisait un petit peu de bien, c\u2019est de savoir, gr\u00e2ce aux recherches des Klarsfeld (Serge et Beate), qu\u2019ils sont morts sept jours apr\u00e8s leur arriv\u00e9e. Au moins, ils n\u2019auront pas eu le temps d\u2019\u00eatre trop tortur\u00e9s\u2026\u00a0\u00bb<\/p>\n<p>Les trois enfants et leur grand-m\u00e8re, quant \u00e0 eux, ne devront leur salut qu\u2019au fait d\u2019avoir \u00e9t\u00e9 cach\u00e9s \u00e0 l\u2019est de Marseille, dans le quartier d\u2019\u00c9oures. \u00ab\u00a0Ensuite, nous avons \u00e9t\u00e9 recueillis par la comtesse Pastr\u00e9, qui avait mis son ch\u00e2teau \u00e0 disposition pour une trentaine de gosses\u00a0\u00bb, raconte l\u2019octog\u00e9naire. La m\u00e8re de Suzanne, Alice, dite \u00ab\u00a0Lilou\u00a0\u00bb, ouvreuse de cin\u00e9ma et r\u00e9sistante, mourra \u00e0 la fin de la guerre d\u2019une pneumonie mal soign\u00e9e.<\/p>\n<p>\u00ab\u00a0On se disait\u00a0: on est vivants, au moins, rapporte Antoine. Mais on \u00e9tait si malheureux et pauvres, on avait l\u2019impression que le ciel nous \u00e9tait tomb\u00e9 sur la t\u00eate.\u00a0\u00bb 82\u00a0ans plus tard, les yeux du vieux monsieur se voilent encore\u00a0: \u00ab\u00a0Cette trag\u00e9die, on vit toute sa vie avec.\u00a0\u00bb<\/p>\n<p>\u00ab\u00a0Plus jamais \u00e7a, ce n\u2019est pas une promesse mais un espoir\u00a0\u00bb<\/p>\n<p>Que faire de ce pass\u00e9 qui n\u2019avait jamais \u00e9t\u00e9 ni comm\u00e9mor\u00e9, ni officiellement racont\u00e9 \u00e0 Marseille\u00a0? Longtemps, rien qu\u2019une boule dans la gorge.<\/p>\n<p>\u00ab\u00a0Autour de moi, les gens mourraient, je me disais c\u2019est fichu, bient\u00f4t il n\u2019y aura plus personne pour se souvenir\u00a0\u00bb, murmure Suzanne. Le p\u00e8re de G\u00e9rard avait bien \u00e9crit sa d\u00e9portation \u00ab\u00a0pour ses petits-enfants\u00a0\u00bb, mais il aura fallu qu\u2019un avocat marseillais, Me Pascal Luongo, d\u00e9pose plainte contre X pour \u00ab\u00a0crime contre l\u2019humanit\u00e9\u00a0\u00bb (1) en janvier 2019, et au nom de quatre survivants et quatre descendants de la rafle, pour enfin soulever la chape de plomb de l\u2019Histoire.<\/p>\n<p>Poser, huit d\u00e9cennies plus tard, les justes mots sur les faits : \u00ab\u00a0Il a fallu tout ce temps pour comprendre que ce que nous avions v\u00e9cu n\u2019\u00e9tait <a href=\"https:\/\/www.laprovence.com\/article\/region\/15210857803012\/gare-darenc-a-marseille-d-ici-sont-partis-15-000-rafles-pour-certains-sans-retour\" target=\"_blank\" rel=\"noopener\">pas une \u00e9vacuation mais une rafle<\/a>.\u00a0\u00bb<\/p>\n<p>En mars 2022, une Marseillaise aujourd\u2019hui d\u00e9c\u00e9d\u00e9e, Rose-Marie Commentale, avait t\u00e9moign\u00e9 en Allemagne lors du proc\u00e8s du gardien nazi de Sachsenhausen, le camp o\u00f9 son p\u00e8re avait trouv\u00e9 la mort. Ce lundi, G\u00e9rard, Suzanne, Antoine et Claude seront \u00e0 l\u2019ambassade de France de Berlin, invit\u00e9s \u00e0 y raconter leur histoire, dans le cadre des comm\u00e9morations du 80e anniversaire de la fin de la Seconde Guerre mondiale.<\/p>\n<p>Alors que partout reviennent le fascisme et le fracas de la guerre, t\u00e9moigner est pour ces survivants, au soir de leur vie, \u00ab\u00a0un devoir\u00a0\u00bb au go\u00fbt de l\u2019urgence. Aux \u00e9l\u00e8ves qu\u2019ils rencontrent chaque ann\u00e9e, Antoine Mignemi, l\u2019ancien petit gar\u00e7on de Saint-Jean, le r\u00e9p\u00e8te inlassablement\u00a0: \u00ab\u00a0Plus jamais \u00e7a, ce n\u2019est pas une promesse, juste un espoir.\u00a0\u00bb<\/p>\n<p>(1) L\u2019enqu\u00eate ouverte par l\u2019Office central de lutte contre les crimes contre l\u2019humanit\u00e9 les g\u00e9nocides et les crimes de guerre (OCLCH), est sur le point d\u2019aboutir.<\/p>\n","protected":false},"excerpt":{"rendered":"Devant sa t\u00e9l\u00e9vision, ce 18\u00a0novembre\u00a02025, Suzanne Fritz, \u00ab\u00a084\u00a0ans et demi\u00a0\u00bb, manque de s\u2019\u00e9trangler\u00a0: en plein congr\u00e8s des maires,&hellip;\n","protected":false},"author":2,"featured_media":598425,"comment_status":"","ping_status":"","sticky":false,"template":"","format":"standard","meta":{"footnotes":""},"categories":[2814],"tags":[25555,17,1111,11,64651,1777,674,1011,27,25104,151,761,884,12,882,36356,25,104,71102],"class_list":{"0":"post-598424","1":"post","2":"type-post","3":"status-publish","4":"format-standard","5":"has-post-thumbnail","7":"category-marseille","8":"tag-25555","9":"tag-17","10":"tag-actu","11":"tag-actualites","12":"tag-combattants","13":"tag-eu","14":"tag-europe","15":"tag-fr","16":"tag-france","17":"tag-janvier","18":"tag-les","19":"tag-marseillais","20":"tag-marseille","21":"tag-news","22":"tag-provence-alpes-cote-dazur","23":"tag-rafle","24":"tag-republique-francaise","25":"tag-societe","26":"tag-survivants"},"share_on_mastodon":{"url":"https:\/\/pubeurope.com\/@fr\/115717273031896308","error":""},"_links":{"self":[{"href":"https:\/\/www.europesays.com\/fr\/wp-json\/wp\/v2\/posts\/598424","targetHints":{"allow":["GET"]}}],"collection":[{"href":"https:\/\/www.europesays.com\/fr\/wp-json\/wp\/v2\/posts"}],"about":[{"href":"https:\/\/www.europesays.com\/fr\/wp-json\/wp\/v2\/types\/post"}],"author":[{"embeddable":true,"href":"https:\/\/www.europesays.com\/fr\/wp-json\/wp\/v2\/users\/2"}],"replies":[{"embeddable":true,"href":"https:\/\/www.europesays.com\/fr\/wp-json\/wp\/v2\/comments?post=598424"}],"version-history":[{"count":0,"href":"https:\/\/www.europesays.com\/fr\/wp-json\/wp\/v2\/posts\/598424\/revisions"}],"wp:featuredmedia":[{"embeddable":true,"href":"https:\/\/www.europesays.com\/fr\/wp-json\/wp\/v2\/media\/598425"}],"wp:attachment":[{"href":"https:\/\/www.europesays.com\/fr\/wp-json\/wp\/v2\/media?parent=598424"}],"wp:term":[{"taxonomy":"category","embeddable":true,"href":"https:\/\/www.europesays.com\/fr\/wp-json\/wp\/v2\/categories?post=598424"},{"taxonomy":"post_tag","embeddable":true,"href":"https:\/\/www.europesays.com\/fr\/wp-json\/wp\/v2\/tags?post=598424"}],"curies":[{"name":"wp","href":"https:\/\/api.w.org\/{rel}","templated":true}]}}