{"id":598434,"date":"2025-12-14T09:48:15","date_gmt":"2025-12-14T09:48:15","guid":{"rendered":"https:\/\/www.europesays.com\/fr\/598434\/"},"modified":"2025-12-14T09:48:15","modified_gmt":"2025-12-14T09:48:15","slug":"cette-passerelle-de-paris-porte-desormais-le-nom-de-jane-birkin","status":"publish","type":"post","link":"https:\/\/www.europesays.com\/fr\/598434\/","title":{"rendered":"cette passerelle de Paris porte d\u00e9sormais le nom de Jane Birkin"},"content":{"rendered":"<p>                    Par<br \/>\n        <strong><br \/>\n            <a href=\"https:\/\/actu.fr\/auteur\/glenn-gillet\" title=\"Consulter tous les articles de Glenn Gillet\" target=\"_blank\" rel=\"noopener\">Glenn Gillet<\/a><br \/>\n                    <\/strong><\/p>\n<p>        Publi\u00e9 le<\/p>\n<p>            14 d\u00e9c. 2025 \u00e0 8h54        <\/p>\n<p>Si vous vous retrouvez du c\u00f4t\u00e9 du <a href=\"https:\/\/actu.fr\/ile-de-france\/paris_75056\/paris-un-homme-se-noie-lors-d-un-sauvetage-dans-le-canal-saint-denis-une-enquete-ouverte_63019485.html\" target=\"_blank\" rel=\"noopener\">canal Saint-Martin<\/a> \u00e0 Paris (10e arrondissement), vous aurez peut-\u00eatre bient\u00f4t l\u2019occasion d\u2019emprunter la <strong>nouvelle passerelle <a href=\"https:\/\/actu.fr\/economie\/deux-scripts-trouves-dans-lorne-annotes-par-serge-gainsbourg-et-jane-birkin-mis-en-vente-a-paris_63471931.html\" target=\"_blank\" rel=\"noopener\">Jane Birkin<\/a><\/strong>. Ce samedi 13\u00a0d\u00e9cembre 2025, l\u2019un des ouvrages permettant de passer d\u2019une berge \u00e0 l\u2019autre du canal a officiellement pris le nom de la <strong>chanteuse et com\u00e9dienne<\/strong> <a href=\"https:\/\/actu.fr\/ile-de-france\/paris_75056\/c-est-qu-elle-etait-aimee-aux-obseques-de-jane-birkin-l-hommage-tout-en-emotions-du-public_59890318.html\" target=\"_blank\" rel=\"noopener\">d\u00e9c\u00e9d\u00e9e en 2023<\/a>.<\/p>\n<p>\u00ab\u2009S\u2019embrasser sur la passerelle Jane Birkin\u2009\u00bb<\/p>\n<p class=\" wall-content\">L\u2019inauguration s\u2019est faite en pr\u00e9sence de ses deux filles, <strong>Lou Doillon et Charlotte Gainsbourg<\/strong>. Cette derni\u00e8re a pris la parole devant plusieurs centaines de personnes, tr\u00e8s \u00e9mue, estimant notamment que \u00ab\u2009la passerelle Jane Birkin, c\u2019est po\u00e9tique, elle aurait tellement aim\u00e9\u2009\u00bb. Elle s\u2019est aussi projet\u00e9e, imaginant les Parisiens y \u00ab\u2009fl\u00e2ner\u2009\u00bb, ou s\u2019y retrouver\u2009: \u00ab\u2009On dira au taxi \u2018la passerelle Jane Birkin, s\u2019il vous pla\u00eet\u2019. [\u2026] Se donner rendez-vous, et flirter et s\u2019embrasser, s\u2019embrasser sur la passerelle Jane Birkin\u2009\u00bb.<\/p>\n<p class=\" wall-content\">Cette passerelle, la premi\u00e8re en partant de la partie sud du canal, se trouve dans le prolongement de la rue L\u00e9on Jouhaux. Elle portait jusque-l\u00e0 le nom de <strong>\u00ab\u2009passerelle des Douanes\u2009\u00bb<\/strong>.<\/p>\n<p class=\" wall-content\">Aux c\u00f4t\u00e9s de Lou Doillon et du petit-fils de Jane Birkin, Roman de Kermadec, Charlotte Gainsbourg a ensuite d\u00e9voil\u00e9 la plaque qui surplombe les premi\u00e8res marches de l\u2019ouvrage et sur laquelle on peut lire\u2009: \u00ab\u2009Passerelle Jane Birkin (1946-2023) chanteuse, com\u00e9dienne, r\u00e9alisatrice\u2009\u00bb.<\/p>\n<p>\u00ab\u2009Il manquait un lieu\u2009\u00bb jusqu\u2019ici selon Lou Doillon<\/p>\n<p class=\" wall-content\">\u00ab\u2009Mon fils me demandait ce matin si ma m\u00e8re \u00e9tait encore morte. Alors je lui ai dit \u2018oui, mais aujourd\u2019hui, <strong>elle devient un pont<\/strong>\u2018. Et c\u2019est g\u00e9nial de pouvoir dire \u00e7a\u2009\u00bb, a plaisant\u00e9 Lou Doillon, selon qui \u00ab\u2009il manquait un lieu\u2009\u00bb. \u00ab\u2009La tranquillit\u00e9, le silence et la r\u00e9v\u00e9rence du cimeti\u00e8re ne lui allaient d\u00e9cid\u00e9ment pas\u2009\u00bb, a-t-elle poursuivi.<\/p>\n<p class=\" wall-content\">Jane Birkin, qui a tourn\u00e9 pour Michelangelo Antonioni, Jean-Luc Godard ou James Ivory, rejoint ainsi huit autres com\u00e9diennes (Arletty, Mich\u00e8le Morgan, Maria Schneider\u2026) qui ont donn\u00e9 leurs noms aux passerelles au-dessus du canal Saint-Martin.<\/p>\n<p class=\" wall-content\">\u00ab\u2009Une petite <strong>constellation de femmes libres<\/strong>, d\u2019artistes singuli\u00e8res\u2009\u00bb, a comment\u00e9 Alexandra Cordebard, la maire socialiste du Xe arrondissement, \u00e0 l\u2019origine de cette initiative. Jane Birkin \u00ab\u2009r\u00e9sonnera ici avec \u00e9vidence au milieu de toutes ces personnalit\u00e9s\u2009\u00bb, a-t-elle d\u00e9clar\u00e9 lors de la c\u00e9r\u00e9monie.<\/p>\n<p class=\" wall-content\"><strong>Avec AFP<\/strong><\/p>\n<p class=\" wall-content\">Personnalisez votre actualit\u00e9 en ajoutant vos villes et m\u00e9dias en favori avec <a href=\"https:\/\/moncompte.actu.fr\" title=\"D\u00e9couvez Mon Actu\" rel=\"nofollow noopener\" data-trk=\"{&quot;cta&quot;:{&quot;action&quot;:&quot;https:\\\/\\\/moncompte.actu.fr&quot;,&quot;category&quot;:&quot;mon compte&quot;,&quot;from&quot;:&quot;article footer&quot;,&quot;name&quot;:&quot;Mon actu&quot;,&quot;type&quot;:&quot;cta&quot;}}\" target=\"_blank\">Mon Actu<\/a>.<\/p>\n","protected":false},"excerpt":{"rendered":"Par Glenn Gillet Publi\u00e9 le 14 d\u00e9c. 2025 \u00e0 8h54 Si vous vous retrouvez du c\u00f4t\u00e9 du canal&hellip;\n","protected":false},"author":2,"featured_media":598435,"comment_status":"","ping_status":"","sticky":false,"template":"","format":"standard","meta":{"footnotes":""},"categories":[1888],"tags":[1111,1928,11,1927,10498,1777,674,1011,27,38150,12,1926,626,1925,2551,25,104],"class_list":{"0":"post-598434","1":"post","2":"type-post","3":"status-publish","4":"format-standard","5":"has-post-thumbnail","7":"category-paris","8":"tag-actu","9":"tag-actu-paris","10":"tag-actualites","11":"tag-actualites-paris","12":"tag-charlotte-gainsbourg","13":"tag-eu","14":"tag-europe","15":"tag-fr","16":"tag-france","17":"tag-jane-birkin","18":"tag-news","19":"tag-news-paris","20":"tag-paris","21":"tag-paris-news","22":"tag-patrimoine","23":"tag-republique-francaise","24":"tag-societe"},"share_on_mastodon":{"url":"https:\/\/pubeurope.com\/@fr\/115717295498429514","error":""},"_links":{"self":[{"href":"https:\/\/www.europesays.com\/fr\/wp-json\/wp\/v2\/posts\/598434","targetHints":{"allow":["GET"]}}],"collection":[{"href":"https:\/\/www.europesays.com\/fr\/wp-json\/wp\/v2\/posts"}],"about":[{"href":"https:\/\/www.europesays.com\/fr\/wp-json\/wp\/v2\/types\/post"}],"author":[{"embeddable":true,"href":"https:\/\/www.europesays.com\/fr\/wp-json\/wp\/v2\/users\/2"}],"replies":[{"embeddable":true,"href":"https:\/\/www.europesays.com\/fr\/wp-json\/wp\/v2\/comments?post=598434"}],"version-history":[{"count":0,"href":"https:\/\/www.europesays.com\/fr\/wp-json\/wp\/v2\/posts\/598434\/revisions"}],"wp:featuredmedia":[{"embeddable":true,"href":"https:\/\/www.europesays.com\/fr\/wp-json\/wp\/v2\/media\/598435"}],"wp:attachment":[{"href":"https:\/\/www.europesays.com\/fr\/wp-json\/wp\/v2\/media?parent=598434"}],"wp:term":[{"taxonomy":"category","embeddable":true,"href":"https:\/\/www.europesays.com\/fr\/wp-json\/wp\/v2\/categories?post=598434"},{"taxonomy":"post_tag","embeddable":true,"href":"https:\/\/www.europesays.com\/fr\/wp-json\/wp\/v2\/tags?post=598434"}],"curies":[{"name":"wp","href":"https:\/\/api.w.org\/{rel}","templated":true}]}}