{"id":598438,"date":"2025-12-14T09:52:19","date_gmt":"2025-12-14T09:52:19","guid":{"rendered":"https:\/\/www.europesays.com\/fr\/598438\/"},"modified":"2025-12-14T09:52:19","modified_gmt":"2025-12-14T09:52:19","slug":"yemen-deux-fils-de-lex-president-saleh-seront-juges-a-paris-pour-blanchiment-de-16-millions-deuros","status":"publish","type":"post","link":"https:\/\/www.europesays.com\/fr\/598438\/","title":{"rendered":"Y\u00e9men\u00a0: deux fils de l\u2019ex-pr\u00e9sident Saleh seront jug\u00e9s \u00e0 Paris pour blanchiment de 16\u00a0millions d\u2019euros"},"content":{"rendered":"<p class=\"paragraph text_align_left lp-f-body-02\">C\u2019est l\u2019un des pays les plus pauvres du monde, en proie \u00e0 une sanglante guerre civile. Aux confins de la p\u00e9ninsule Arabique, le Y\u00e9men s\u2019enfonce dans la mis\u00e8re et la violence. Mais avant de conna\u00eetre la guerre, le pays a subi la pr\u00e9dation. <a href=\"https:\/\/www.leparisien.fr\/international\/mort-d-ali-abdallah-saleh-la-revanche-perdue-de-l-ancien-stratege-du-yemen-04-12-2017-7433124.php\" target=\"_self\" rel=\"noopener\">L\u2019ancien pr\u00e9sident Ali Abdullah Saleh<\/a>, renvers\u00e9 en 2012 et assassin\u00e9 en 2017 apr\u00e8s avoir dirig\u00e9 le pays pendant 33 ans (la r\u00e9publique arabe du Y\u00e9men de 1978 \u00e0 1990 puis le Y\u00e9men unifi\u00e9 de 1990 \u00e0 2012) est accus\u00e9 d\u2019avoir pill\u00e9 les ressources de son pays et d\u2019en avoir fait b\u00e9n\u00e9ficier ses proches.<\/p>\n<p class=\"\">Selon nos informations, deux de ses fils \u2014 et notamment l\u2019a\u00een\u00e9 de la fratrie, Ahmed Saleh \u2014, seront jug\u00e9s en septembre 2026 \u00e0 Paris pour \u00ab blanchiment de d\u00e9tournement de fonds publics et de corruption en bande organis\u00e9e \u00bb. Ils sont soup\u00e7onn\u00e9s d\u2019avoir acquis de luxueux biens immobiliers dans la capitale gr\u00e2ce \u00e0 cet argent d\u00e9tourn\u00e9. Pilot\u00e9 par le parquet national financier (PNF), ce dossier est une nouvelle d\u00e9clinaison de ce que l\u2019on nomme <a href=\"https:\/\/www.leparisien.fr\/faits-divers\/biens-mal-acquis-un-ancien-premier-ministre-libanais-dans-le-viseur-de-la-justice-francaise-14-09-2025-VPQPIZXONFA7RNTBNEEZE6TFSM.php\" target=\"_self\" rel=\"noopener\">les \u00ab biens mal acquis \u00bb<\/a>. Les mis en cause contestent les charges.<\/p>\n","protected":false},"excerpt":{"rendered":"C\u2019est l\u2019un des pays les plus pauvres du monde, en proie \u00e0 une sanglante guerre civile. Aux confins&hellip;\n","protected":false},"author":2,"featured_media":598439,"comment_status":"","ping_status":"","sticky":false,"template":"","format":"standard","meta":{"footnotes":""},"categories":[1888],"tags":[11,1777,674,118,1011,27,14,12,626,25,3885],"class_list":{"0":"post-598438","1":"post","2":"type-post","3":"status-publish","4":"format-standard","5":"has-post-thumbnail","7":"category-paris","8":"tag-actualites","9":"tag-eu","10":"tag-europe","11":"tag-faits-divers","12":"tag-fr","13":"tag-france","14":"tag-international","15":"tag-news","16":"tag-paris","17":"tag-republique-francaise","18":"tag-yemen"},"share_on_mastodon":{"url":"https:\/\/pubeurope.com\/@fr\/115717311420358577","error":""},"_links":{"self":[{"href":"https:\/\/www.europesays.com\/fr\/wp-json\/wp\/v2\/posts\/598438","targetHints":{"allow":["GET"]}}],"collection":[{"href":"https:\/\/www.europesays.com\/fr\/wp-json\/wp\/v2\/posts"}],"about":[{"href":"https:\/\/www.europesays.com\/fr\/wp-json\/wp\/v2\/types\/post"}],"author":[{"embeddable":true,"href":"https:\/\/www.europesays.com\/fr\/wp-json\/wp\/v2\/users\/2"}],"replies":[{"embeddable":true,"href":"https:\/\/www.europesays.com\/fr\/wp-json\/wp\/v2\/comments?post=598438"}],"version-history":[{"count":0,"href":"https:\/\/www.europesays.com\/fr\/wp-json\/wp\/v2\/posts\/598438\/revisions"}],"wp:featuredmedia":[{"embeddable":true,"href":"https:\/\/www.europesays.com\/fr\/wp-json\/wp\/v2\/media\/598439"}],"wp:attachment":[{"href":"https:\/\/www.europesays.com\/fr\/wp-json\/wp\/v2\/media?parent=598438"}],"wp:term":[{"taxonomy":"category","embeddable":true,"href":"https:\/\/www.europesays.com\/fr\/wp-json\/wp\/v2\/categories?post=598438"},{"taxonomy":"post_tag","embeddable":true,"href":"https:\/\/www.europesays.com\/fr\/wp-json\/wp\/v2\/tags?post=598438"}],"curies":[{"name":"wp","href":"https:\/\/api.w.org\/{rel}","templated":true}]}}