{"id":598440,"date":"2025-12-14T09:53:15","date_gmt":"2025-12-14T09:53:15","guid":{"rendered":"https:\/\/www.europesays.com\/fr\/598440\/"},"modified":"2025-12-14T09:53:15","modified_gmt":"2025-12-14T09:53:15","slug":"la-seule-qui-rend-lalternance-possible-le-modem-soutient-la-candidate-rachida-dati","status":"publish","type":"post","link":"https:\/\/www.europesays.com\/fr\/598440\/","title":{"rendered":"\u00ab\u00a0La seule qui rend l\u2019alternance possible\u00a0\u00bb\u2026 Le MoDem soutient la candidate Rachida Dati"},"content":{"rendered":"<p>A quelques mois des <a href=\"https:\/\/www.20minutes.fr\/politique\/4191338-20251213-municipales-paris-sondage-place-gauche-unie-lfi-devant-rachida-dati-1er-tour\" target=\"_blank\" class=\"c-link c-link--is-underlined\" rel=\"nofollow noopener\">\u00e9lections de\u00a02026<\/a>, Maud Gatel, la cheffe de file du MoDem parisien, \u00e0 d\u00e9clarer qu\u2019elle s\u2019alliera avec <a href=\"https:\/\/www.20minutes.fr\/politique\/4188392-20251127-rachida-dati-devoile-tentative-enlevement-vise-fille\" target=\"_blank\" class=\"c-link c-link--is-underlined\" rel=\"nofollow noopener\">Rachida Dati<\/a> pour les municipales \u00e0 Paris. Elle estime, dans un entretien \u00e0 <a href=\"https:\/\/www.latribune.fr\/article\/la-tribune-dimanche\/politique\/3129915057017514\/maud-gatel-presidente-des-elus-modem-parisiens-rachida-dati-saura-redonner-son-eclat-a-paris\" rel=\"nofollow noopener\" target=\"_blank\" class=\"c-link c-link--is-underlined\">La Tribune du Dimanche <\/a>que la candidate LR \u00ab\u00a0est la seule qui rend l\u2019alternance possible\u00a0\u00bb.<\/p>\n<p>\u00ab\u00a0Il est temps d\u2019ouvrir un nouveau chapitre, et nous nous sommes retrouv\u00e9s dans les propositions de Rachida Dati\u00a0\u00bb, explique Maud Gatel, pr\u00e9sidente du groupe \u00ab\u00a0<a href=\"https:\/\/www.20minutes.fr\/dossier\/modem\" class=\"c-link c-link--is-underlined\" rel=\"nofollow noopener\" target=\"_blank\">MoDem<\/a> et ind\u00e9pendants\u00a0\u00bb au Conseil de Paris (8 \u00e9lus) et secr\u00e9taire g\u00e9n\u00e9rale du parti de Fran\u00e7ois Bayrou. \u00ab\u00a0D\u00e9gradation de l\u2019espace public, fuite des familles, mur budg\u00e9taire, dysfonctionnements tragiques \u00e0 l\u2019Aide sociale \u00e0 l\u2019enfance\u2026 Notre capitale n\u2019est plus administr\u00e9e. Paris est un joyau. Maire de Paris, Rachida Dati saura lui redonner son \u00e9clat\u00a0\u00bb, selon l\u2019ancienne d\u00e9put\u00e9e.<\/p>\n<\/p>\n<p>La \u00ab\u00a0fin de l\u2019anarchie dans l\u2019espace public\u00a0\u00bb<\/p>\n<p>Elle fait valoir la \u00ab\u00a0convergence\u00a0\u00bb entre leurs projets, l\u2019actuelle ministre de la Culture et maire du 7e\u00a0arrondissement s\u2019\u00e9tant \u00ab\u00a0engag\u00e9e \u00e0 reprendre plusieurs des priorit\u00e9s que nous portons\u00a0\u00bb comme \u00ab\u00a0la r\u00e9duction de la dette pour retrouver les marges de man\u0153uvre n\u00e9cessaires \u00e0 l\u2019adaptation de la ville au changement climatique\u00a0\u00bb, ou la \u00ab\u00a0fin de l\u2019anarchie dans l\u2019espace public\u00a0\u00bb.<\/p>\n<p>Rachida Dati est \u00e0 ses yeux \u00ab\u00a0la seule candidate qui rend l\u2019alternance possible\u00a0\u00bb, contrairement \u00e0 Pierre-Yves Bournazel, le candidat du parti Horizons d\u2019Edouard Philippe soutenu par Renaissance. \u00ab\u00a0C\u2019est encore plus vrai avec la r\u00e9forme \u00e9lectorale [pour Paris, Lyon et Marseille, adopt\u00e9e \u00e0 l\u2019\u00e9t\u00e9] qui va dor\u00e9navant permettre aux Parisiens d\u2019\u00e9lire directement leur maire\u00a0\u00bb, poursuit la responsable du MoDem.<\/p>\n<p>Selon un sondage, une liste d\u2019alliance de gauche en t\u00eate<\/p>\n<p>Interrog\u00e9e sur une \u00e9ventuelle alliance avec Pierre-Yves Bournazel au second tour, Maud Gatel assure que \u00ab\u00a0Rachida Dati a tr\u00e8s clairement dit que la liste du premier tour serait la m\u00eame que celle du second\u00a0\u00bb.<\/p>\n<p>Selon un sondage Ipos pour <a href=\"https:\/\/www.leparisien.fr\/elections\/municipales\/notre-sondage-exclusif-sur-les-municipales-a-paris-un-scrutin-plus-dispute-que-jamais-et-une-percee-inattendue-13-12-2025-AM3ZGW6HCJHGRFAXUROXV2RSDA.php\" rel=\"nofollow noopener\" target=\"_blank\" class=\"c-link c-link--is-underlined\">Le Parisien<\/a> paru samedi, une liste d\u2019alliance de gauche men\u00e9e par le socialiste Emmanuel Gr\u00e9goire, soutenue par les Ecologistes et le PCF, arriverait en t\u00eate du premier tour le 15\u00a0mars 2026 avec 32\u00a0% des intentions de vote, devant la liste de Rachida Dati soutenue par le MoDem, donn\u00e9e \u00e0 27\u00a0%.<\/p>\n<p><a href=\"https:\/\/www.20minutes.fr\/municipales\/\" class=\"c-link c-btn c-btn--primary\" rel=\"nofollow noopener\" target=\"_blank\">Notre dossier sur les \u00e9lections municipales de 2026<\/a><\/p>\n<p>Pierre-Yves Bournazel est cr\u00e9dit\u00e9 de 14\u00a0% des intentions de vote, devant l\u2019Insoumise Sophia Chikirou (13\u00a0%).<\/p>\n","protected":false},"excerpt":{"rendered":"A quelques mois des \u00e9lections de\u00a02026, Maud Gatel, la cheffe de file du MoDem parisien, \u00e0 d\u00e9clarer qu\u2019elle&hellip;\n","protected":false},"author":2,"featured_media":598441,"comment_status":"","ping_status":"","sticky":false,"template":"","format":"standard","meta":{"footnotes":""},"categories":[1888],"tags":[47,11,2618,2617,3080,2761,1777,674,1011,27,662,2616,2759,12,626,316,417,25,18834],"class_list":{"0":"post-598440","1":"post","2":"type-post","3":"status-publish","4":"format-standard","5":"has-post-thumbnail","7":"category-paris","8":"tag-actualite","9":"tag-actualites","10":"tag-anne-hidalgo","11":"tag-conseil-de-paris","12":"tag-edouard-philippe","13":"tag-elections-municipales-2026","14":"tag-eu","15":"tag-europe","16":"tag-fr","17":"tag-france","18":"tag-ile-de-france","19":"tag-ministre-de-la-culture","20":"tag-modem","21":"tag-news","22":"tag-paris","23":"tag-politique","24":"tag-rachida-dati","25":"tag-republique-francaise","26":"tag-sophia-chikirou"},"share_on_mastodon":{"url":"https:\/\/pubeurope.com\/@fr\/115717315337731777","error":""},"_links":{"self":[{"href":"https:\/\/www.europesays.com\/fr\/wp-json\/wp\/v2\/posts\/598440","targetHints":{"allow":["GET"]}}],"collection":[{"href":"https:\/\/www.europesays.com\/fr\/wp-json\/wp\/v2\/posts"}],"about":[{"href":"https:\/\/www.europesays.com\/fr\/wp-json\/wp\/v2\/types\/post"}],"author":[{"embeddable":true,"href":"https:\/\/www.europesays.com\/fr\/wp-json\/wp\/v2\/users\/2"}],"replies":[{"embeddable":true,"href":"https:\/\/www.europesays.com\/fr\/wp-json\/wp\/v2\/comments?post=598440"}],"version-history":[{"count":0,"href":"https:\/\/www.europesays.com\/fr\/wp-json\/wp\/v2\/posts\/598440\/revisions"}],"wp:featuredmedia":[{"embeddable":true,"href":"https:\/\/www.europesays.com\/fr\/wp-json\/wp\/v2\/media\/598441"}],"wp:attachment":[{"href":"https:\/\/www.europesays.com\/fr\/wp-json\/wp\/v2\/media?parent=598440"}],"wp:term":[{"taxonomy":"category","embeddable":true,"href":"https:\/\/www.europesays.com\/fr\/wp-json\/wp\/v2\/categories?post=598440"},{"taxonomy":"post_tag","embeddable":true,"href":"https:\/\/www.europesays.com\/fr\/wp-json\/wp\/v2\/tags?post=598440"}],"curies":[{"name":"wp","href":"https:\/\/api.w.org\/{rel}","templated":true}]}}