{"id":598442,"date":"2025-12-14T09:54:17","date_gmt":"2025-12-14T09:54:17","guid":{"rendered":"https:\/\/www.europesays.com\/fr\/598442\/"},"modified":"2025-12-14T09:54:17","modified_gmt":"2025-12-14T09:54:17","slug":"en-direct-guerre-en-ukraine-trump-envoie-witkoff-rencontrer-zelensky-et-les-europeens","status":"publish","type":"post","link":"https:\/\/www.europesays.com\/fr\/598442\/","title":{"rendered":"EN DIRECT &#8211; Guerre en Ukraine : Trump envoie Witkoff rencontrer Zelensky et les Europ\u00e9ens"},"content":{"rendered":"<ul class=\"jsx-862013697 ArticleChapo__List\">\n<li class=\"jsx-862013697 ArticleChapo__List_Item flex\">Steve Witkoff est attendu \u00e0 Berlin alors que Donald Trump pousse Kiev \u00e0 faire des concessions pour accepter un plan de paix.<\/li>\n<li class=\"jsx-862013697 ArticleChapo__List_Item flex\">L&rsquo;\u00e9missaire am\u00e9ricain doit rencontrer Volodymyr Zelensky et des dirigeants europ\u00e9ens.<\/li>\n<li class=\"jsx-862013697 ArticleChapo__List_Item flex\">Suivez les derni\u00e8res informations.<\/li>\n<\/ul>\n<p>Minute par minuteLCI SUR LE TERRAIN07:15<\/p>\n<p>L&rsquo;Ukraine fait face \u00e0 une menace de drones russes omnipr\u00e9sente. Pour contrer les frappes, les forces ukrainiennes redoublent d&rsquo;ing\u00e9niosit\u00e9, face \u00e0 une technologie en constante \u00e9volution.<\/p>\n<p>International<\/p>\n<p>VU SUR LCI<\/p>\n<p><img decoding=\"async\" src=\"https:\/\/www.europesays.com\/fr\/wp-content\/uploads\/2025\/12\/lci-en-ukraine-les-dernieres-inventions-contre-les-drones-bf3860-0@1x.jpeg\" alt=\"LCI EN UKRAINE - &quot;Les brouilleurs n'arrivent pas \u00e0 suivre&quot; : les derni\u00e8res inventions contre les drones\" loading=\"lazy\" importance=\"low\" fetchpriority=\"low\" class=\"\" aria-hidden=\"true\"\/>[Vid\u00e9o]Publi\u00e9 hier \u00e0 13h33WITKOFF DOIT RENCONTRER ZELENSKY CE WEEK-END07:09<\/p>\n<p>L&rsquo;\u00e9missaire am\u00e9ricain Steve Witkoff arrive \u00e0 Berlin ce week-end pour rencontrer Volodymyr Zelensky et des dirigeants europ\u00e9ens, au moment o\u00f9 les \u00c9tats-Unis poussent l&rsquo;Ukraine \u00e0 des concessions majeures pour mettre fin au conflit avec la Russie.<\/p>\n<p>BONJOUR07:07<\/p>\n<p>Bienvenue dans ce direct consacr\u00e9 \u00e0 la guerre en Ukraine et \u00e0 ses cons\u00e9quences. Retrouvez ici les moments forts et les images marquantes sur ce conflit.\u00a0<\/p>\n<p data-module=\"article-paragraph\" class=\"jsx-3046738180 Paragraph\">L&rsquo;\u00e9missaire am\u00e9ricain Steve Witkoff arrive \u00e0 Berlin ce week-end pour rencontrer Volodymyr Zelensky et des dirigeants europ\u00e9ens, au moment o\u00f9 <a href=\"https:\/\/www.tf1info.fr\/international\/direct-guerre-ukraine-russie-kiev-a-remis-a-washington-sa-version-du-plan-de-reglement-donald-trump-impatient-les-dernieres-informations-jeudi-11-decembre-2025-2412082.html\" target=\"_blank\" rel=\"noopener\">les Etats-Unis poussent l&rsquo;Ukraine \u00e0 des concessions majeures<\/a> pour mettre fin au conflit avec la Russie.<\/p>\n<p data-module=\"article-paragraph\" class=\"jsx-3046738180 Paragraph Paragraph__End\">\u00ab\u00a0J&rsquo;aurai des r\u00e9unions avec des repr\u00e9sentants du pr\u00e9sident Trump et avec nos partenaires europ\u00e9ens, ainsi que de nombreux dirigeants sur la cr\u00e9ation des bases de la paix, d&rsquo;un accord politique pour mettre fin \u00e0 la guerre\u00a0\u00bb, a d\u00e9clar\u00e9 le pr\u00e9sident ukrainien samedi soir dans son allocution quotidienne.<\/p>\n<p data-module=\"article-paragraph\" class=\"jsx-3046738180 Paragraph\">\u00ab\u00a0Le moment offre une opportunit\u00e9 significative (&#8230;). Nous allons travailler de fa\u00e7on aussi active et constructive que possible \u00e0 Berlin ces jours-ci avec tous ceux qui peuvent vraiment faire que l&rsquo;accord fonctionne\u00a0\u00bb, a-t-il ajout\u00e9.\u00a0<\/p>\n<p data-module=\"article-paragraph\" class=\"jsx-3046738180 Paragraph Paragraph__End\">Vendredi soir, un haut responsable de la Maison Blanche avait confirm\u00e9 \u00e0 l&rsquo;AFP la venue en Allemagne de M. Witkoff. Ce dernier avait \u00e9t\u00e9 re\u00e7u \u00e0 Moscou d\u00e9but d\u00e9cembre.<\/p>\n<p><a href=\"https:\/\/www.tf1info.fr\/high-tech\/guerre-en-ukraine-ces-millions-de-dollars-paries-a-travers-le-monde-sur-la-plateforme-polymarket-2412583.html\" rel=\"noopener\" class=\"jsx-3308031228 Link flex\" target=\"_blank\"><img decoding=\"async\" src=\"https:\/\/www.europesays.com\/fr\/wp-content\/uploads\/2025\/11\/drapeau-ukraine-2023-2b4230-0@1x.jpeg\" alt=\"Drapeau Ukraine\" loading=\"lazy\" importance=\"low\" fetchpriority=\"low\" class=\"\" aria-hidden=\"true\"\/><\/p>\n<p class=\"jsx-3657663356 ReadMoreArticle__Title\">Lire aussi<\/p>\n<p class=\"jsx-3657663356\">Guerre en Ukraine : ces millions de dollars pari\u00e9s \u00e0 travers le monde sur la plateforme Polymarket<\/p>\n<p><\/a><\/p>\n<p data-module=\"article-paragraph\" class=\"jsx-3046738180 Paragraph\">Alors que les hostilit\u00e9s se poursuivent, ajoutant de nouvelles victimes aux centaines de milliers de morts et de bless\u00e9s qu&rsquo;a fait la guerre, <a href=\"https:\/\/www.tf1info.fr\/international\/guerre-ukraine-russie-paix-pourparlers-sur-l-ukraine-extremement-frustre-par-poutine-et-zelensky-donald-trump-perd-patience-2412381.html\" target=\"_blank\" rel=\"noopener\">Donald Trump a clairement affich\u00e9 son impatience<\/a> concernant l&rsquo;avanc\u00e9e des discussions autour de son plan visant \u00e0 r\u00e9gler le conflit d\u00e9clench\u00e9 par l&rsquo;invasion russe \u00e0 grande \u00e9chelle de f\u00e9vrier 2022.\u00a0<\/p>\n<p data-module=\"article-paragraph\" class=\"jsx-3046738180 Paragraph Paragraph__End\">Kiev et ses alli\u00e9s cherchent \u00e0 amender le plan am\u00e9ricain d\u00e9voil\u00e9 il y a un mois et jug\u00e9 initialement tr\u00e8s favorable \u00e0 Moscou. Les n\u00e9gociateurs bloquent en particulier sur les questions territoriales, les Etats-Unis r\u00e9clamant, d\u00e9plore Kiev, d&rsquo;importantes concessions.\u00a0<\/p>\n<p>La r\u00e9daction de TF1info<\/p>\n","protected":false},"excerpt":{"rendered":"Steve Witkoff est attendu \u00e0 Berlin alors que Donald Trump pousse Kiev \u00e0 faire des concessions pour accepter&hellip;\n","protected":false},"author":2,"featured_media":598443,"comment_status":"","ping_status":"","sticky":false,"template":"","format":"standard","meta":{"footnotes":""},"categories":[1591],"tags":[1111,11,1921,1073,674,1887,1922,12,136,1885,1886,132,220,1917,67457,133,1920],"class_list":{"0":"post-598442","1":"post","2":"type-post","3":"status-publish","4":"format-standard","5":"has-post-thumbnail","7":"category-russie","8":"tag-actu","9":"tag-actualites","10":"tag-article-video","11":"tag-emmanuel-macron","12":"tag-europe","13":"tag-federation-de-russie","14":"tag-info","15":"tag-news","16":"tag-otan","17":"tag-russia","18":"tag-russian-federation","19":"tag-russie","20":"tag-ukraine","21":"tag-ukraine-4-annee-de-guerre","22":"tag-ukraine-russie-la-perspective-de-negociations-relancee","23":"tag-video","24":"tag-video-international"},"share_on_mastodon":{"url":"https:\/\/pubeurope.com\/@fr\/115717320147371149","error":""},"_links":{"self":[{"href":"https:\/\/www.europesays.com\/fr\/wp-json\/wp\/v2\/posts\/598442","targetHints":{"allow":["GET"]}}],"collection":[{"href":"https:\/\/www.europesays.com\/fr\/wp-json\/wp\/v2\/posts"}],"about":[{"href":"https:\/\/www.europesays.com\/fr\/wp-json\/wp\/v2\/types\/post"}],"author":[{"embeddable":true,"href":"https:\/\/www.europesays.com\/fr\/wp-json\/wp\/v2\/users\/2"}],"replies":[{"embeddable":true,"href":"https:\/\/www.europesays.com\/fr\/wp-json\/wp\/v2\/comments?post=598442"}],"version-history":[{"count":0,"href":"https:\/\/www.europesays.com\/fr\/wp-json\/wp\/v2\/posts\/598442\/revisions"}],"wp:featuredmedia":[{"embeddable":true,"href":"https:\/\/www.europesays.com\/fr\/wp-json\/wp\/v2\/media\/598443"}],"wp:attachment":[{"href":"https:\/\/www.europesays.com\/fr\/wp-json\/wp\/v2\/media?parent=598442"}],"wp:term":[{"taxonomy":"category","embeddable":true,"href":"https:\/\/www.europesays.com\/fr\/wp-json\/wp\/v2\/categories?post=598442"},{"taxonomy":"post_tag","embeddable":true,"href":"https:\/\/www.europesays.com\/fr\/wp-json\/wp\/v2\/tags?post=598442"}],"curies":[{"name":"wp","href":"https:\/\/api.w.org\/{rel}","templated":true}]}}