{"id":598444,"date":"2025-12-14T09:55:14","date_gmt":"2025-12-14T09:55:14","guid":{"rendered":"https:\/\/www.europesays.com\/fr\/598444\/"},"modified":"2025-12-14T09:55:14","modified_gmt":"2025-12-14T09:55:14","slug":"ukraine-payer-pour-echapper-aux-tranchees","status":"publish","type":"post","link":"https:\/\/www.europesays.com\/fr\/598444\/","title":{"rendered":"Ukraine\u00a0: payer pour \u00e9chapper aux tranch\u00e9es"},"content":{"rendered":"<p class=\"PopSlotParagraph qg-tx2 qg-xtra-lh svelte-1r0pyek\">C\u2019est pas facile, quand on est un homme, de dire qu\u2019on a peur.<\/p>\n<p class=\"PopSlotParagraph qg-tx2 qg-xtra-lh svelte-1r0pyek\">C\u2019est inaudible de le dire quand on vit dans un pays en guerre. Qu\u2019on a l\u2019\u00e2ge d\u2019aller se battre. Et que refuser de partir, c\u2019est possiblement laisser quelqu\u2019un mourir \u00e0 sa place.<\/p>\n<p class=\"PopSlotParagraph qg-tx2 qg-xtra-lh svelte-1r0pyek\">Refuser de partir c\u2019est croiser tous les jours des m\u00e8res qui ont perdu leur fils.<\/p>\n<p class=\"PopSlotParagraph qg-tx2 qg-xtra-lh svelte-1r0pyek\">Refuser de partir, c\u2019est payer. Et tricher. Quand d\u2019autres n\u2019ont ni les moyens, ni les contacts pour le faire.<\/p>\n<p class=\"PopSlotParagraph qg-tx2 qg-xtra-lh svelte-1r0pyek\">Mais que feriez-vous\u202fsi vous viviez vous aussi en Ukraine\u00a0? Si vous saviez que cette guerre est un quasi-corps \u00e0 corps avec l\u2019ennemi russe dans les zones les plus disput\u00e9es\u00a0?<\/p>\n<p class=\"PopSlotParagraph qg-tx2 qg-xtra-lh svelte-1r0pyek\">Que feriez-vous si vous \u00e9tiez Alexander ou Igor* ?<\/p>\n<p class=\"PopSlotParagraph qg-tx2 qg-xtra-lh svelte-1r0pyek\">L\u2019un a soudoy\u00e9 un m\u00e9decin qui l\u2019a d\u00e9clar\u00e9 inapte. L\u2019autre a pay\u00e9 un officier pour sortir du centre de r\u00e9tention de l\u2019arm\u00e9e dans lequel on s\u2019appr\u00eatait \u00e0 lui mettre une arme dans les mains. Voil\u00e0 comment il justifie son choix\u00a0:<\/p>\n<p class=\"PopSlotParagraph qg-tx2 qg-xtra-lh svelte-1r0pyek\">\u201cUne personne normale elle ne veut pas aller \u00e0 la guerre, personne ne veut tuer des gens. Les Ukrainiens sont des gars forts mais c\u2019est surtout qu\u2019ils n&rsquo;ont pas le choix. On veut nous faire passer pour des robots mais ont est des gens comme les autres et on est au bout de nos forces.\u201d<\/p>\n<p class=\"PopSlotParagraph qg-tx2 qg-xtra-lh svelte-1r0pyek\">Le peuple Ukrainien a montr\u00e9 un courage inou\u00ef depuis le d\u00e9but de l\u2019invasion russe. Les histoires de tous ceux qui partent se battre volontairement ne sont pas des histoires invent\u00e9es \u00e0 des fins de propagande. Ce courage existe.<\/p>\n<p class=\"PopSlotParagraph qg-tx2 qg-xtra-lh svelte-1r0pyek\">Mais l\u2019autre r\u00e9alit\u00e9, c\u2019est que 250 000 hommes en \u00e2ge de se battre ont d\u00e9sert\u00e9 depuis 2022. Plus de la moiti\u00e9 les sept premiers mois de 2025. Ca veut dire que c\u2019est de pire en pire.<\/p>\n<p class=\"PopSlotParagraph qg-tx2 qg-xtra-lh svelte-1r0pyek\">Voici donc deux histoires rares de d\u00e9sertion racont\u00e9es par No\u00e9 Pign\u00e8de\u00a0: deux hommes qui n&rsquo;ont pas le courage d&rsquo;aller \u00e0 la guerre, mais le courage de dire\u00a0: j&rsquo;ai peur.<\/p>\n<p class=\"PopSlotParagraph qg-tx2 qg-xtra-lh svelte-1r0pyek\"><strong>\u00ab\u00a0Ukraine, payer pour \u00e9chapper aux tranch\u00e9es\u00a0\u00bb<\/strong>, un reportage de No\u00e9 Pign\u00e8de<\/p>\n<p class=\"PopSlotParagraph qg-tx2 qg-xtra-lh svelte-1r0pyek\"><strong>Production<\/strong>, Xavier Yvon<\/p>\n<p class=\"PopSlotParagraph qg-tx2 qg-xtra-lh svelte-1r0pyek\"><strong>R\u00e9alisation<\/strong>, Lucie Lemarchand<\/p>\n<p class=\"PopSlotParagraph qg-tx2 qg-xtra-lh svelte-1r0pyek\"><strong>Charg\u00e9e de programme<\/strong>, Martine Meyssonnier<\/p>\n<p class=\"PopSlotParagraph qg-tx2 qg-xtra-lh svelte-1r0pyek\"><strong>Mixage<\/strong>,\u00a0Lo\u00efs Moreau, Anne-Laure Cochet<\/p>\n<p class=\"PopSlotParagraph qg-tx2 qg-xtra-lh svelte-1r0pyek\">*les pr\u00e9noms ont \u00e9t\u00e9 chang\u00e9s<\/p>\n","protected":false},"excerpt":{"rendered":"C\u2019est pas facile, quand on est un homme, de dire qu\u2019on a peur. C\u2019est inaudible de le dire&hellip;\n","protected":false},"author":2,"featured_media":598445,"comment_status":"","ping_status":"","sticky":false,"template":"","format":"standard","meta":{"footnotes":""},"categories":[1590],"tags":[11,1777,674,12,220],"class_list":{"0":"post-598444","1":"post","2":"type-post","3":"status-publish","4":"format-standard","5":"has-post-thumbnail","7":"category-ukraine","8":"tag-actualites","9":"tag-eu","10":"tag-europe","11":"tag-news","12":"tag-ukraine"},"share_on_mastodon":{"url":"https:\/\/pubeurope.com\/@fr\/115717323019866974","error":""},"_links":{"self":[{"href":"https:\/\/www.europesays.com\/fr\/wp-json\/wp\/v2\/posts\/598444","targetHints":{"allow":["GET"]}}],"collection":[{"href":"https:\/\/www.europesays.com\/fr\/wp-json\/wp\/v2\/posts"}],"about":[{"href":"https:\/\/www.europesays.com\/fr\/wp-json\/wp\/v2\/types\/post"}],"author":[{"embeddable":true,"href":"https:\/\/www.europesays.com\/fr\/wp-json\/wp\/v2\/users\/2"}],"replies":[{"embeddable":true,"href":"https:\/\/www.europesays.com\/fr\/wp-json\/wp\/v2\/comments?post=598444"}],"version-history":[{"count":0,"href":"https:\/\/www.europesays.com\/fr\/wp-json\/wp\/v2\/posts\/598444\/revisions"}],"wp:featuredmedia":[{"embeddable":true,"href":"https:\/\/www.europesays.com\/fr\/wp-json\/wp\/v2\/media\/598445"}],"wp:attachment":[{"href":"https:\/\/www.europesays.com\/fr\/wp-json\/wp\/v2\/media?parent=598444"}],"wp:term":[{"taxonomy":"category","embeddable":true,"href":"https:\/\/www.europesays.com\/fr\/wp-json\/wp\/v2\/categories?post=598444"},{"taxonomy":"post_tag","embeddable":true,"href":"https:\/\/www.europesays.com\/fr\/wp-json\/wp\/v2\/tags?post=598444"}],"curies":[{"name":"wp","href":"https:\/\/api.w.org\/{rel}","templated":true}]}}