{"id":598446,"date":"2025-12-14T09:56:16","date_gmt":"2025-12-14T09:56:16","guid":{"rendered":"https:\/\/www.europesays.com\/fr\/598446\/"},"modified":"2025-12-14T09:56:16","modified_gmt":"2025-12-14T09:56:16","slug":"deux-morts-et-neuf-blesses-dans-des-tirs-a-luniversite-brown-aux-etats-unis-le-tireur-toujours-en-fuite","status":"publish","type":"post","link":"https:\/\/www.europesays.com\/fr\/598446\/","title":{"rendered":"Deux morts et neuf bless\u00e9s dans des tirs \u00e0 l&rsquo;universit\u00e9 Brown aux Etats-Unis, le tireur toujours en fuite"},"content":{"rendered":"\n<p class=\"c-chapo \">\n  Ni le suspect ni l&rsquo;arme du crime n&rsquo;ont pour l&rsquo;heure \u00e9t\u00e9 retrouv\u00e9s par la police. Huit des bless\u00e9s, tous \u00e9tudiants, sont dans un \u00e9tat grave mais stable.\n<\/p>\n<p>      lire plus tard<\/p>\n<p id=\"dialog__title\" class=\"dialog__title\">Pour sauvegarder cet article, connectez-vous ou cr\u00e9ez un compte franceinfo<\/p>\n<p class=\"dialog__description\">Sans paiement. Sans abonnement.<\/p>\n<p>        Fermer la fen\u00eatre d\u2019activation des notifications France Info<\/p>\n<p>      cr\u00e9er votre compte<\/p>\n<p>      se connecter<\/p>\n<p>      :<\/p>\n<p>        Fermer la fen\u00eatre de pr\u00e9sentation<\/p>\n<p>    <img loading=\"lazy\" decoding=\"async\" class=\"signature__image lazyload\" width=\"100\" height=\"100\" data- alt=\"\" src=\"https:\/\/www.europesays.com\/fr\/wp-content\/uploads\/2025\/05\/64a68815cd1a7_placeholder-36b69ec8.png\"\/><\/p>\n<p>    Publi\u00e9 le 14\/12\/2025 07:27<\/p>\n<p>      Mis \u00e0 jour le 14\/12\/2025 08:50<\/p>\n<p>        Temps de lecture : 3min<\/p>\n<p>    <img decoding=\"async\"  alt=\"Des agents de police de la ville de Providence, dans l'Etat du Rhode Island aux Etats-Unis, o\u00f9 un tireur a tu\u00e9 deux personnes et bless\u00e9 neuf autres sur le campus de l'universit\u00e9 de Brown, le 13 d\u00e9cembre 2025. (KYLE MAZZA \/ ANADOLU \/ AFP)\" width=\"432\" height=\"243\" src=\"https:\/\/www.europesays.com\/fr\/wp-content\/uploads\/2025\/12\/068-aa-14122025-2560986-693e57314bcd0768580623.jpg\" fetchpriority=\"high\"\/><\/p>\n<p>      Des agents de police de la ville de Providence, dans l&rsquo;Etat du Rhode Island aux Etats-Unis, o\u00f9 un tireur a tu\u00e9 deux personnes et bless\u00e9 neuf autres sur le campus de l&rsquo;universit\u00e9 de Brown, le 13 d\u00e9cembre 2025. (KYLE MAZZA \/ ANADOLU \/ AFP)<\/p>\n<p>Un meurtrier a vis\u00e9 l&rsquo;une des universit\u00e9s les plus prestigieuses aux Etats-Unis. Des tirs sur le campus de l&rsquo;universit\u00e9 Brown, dans l&rsquo;Etat du Rhode Island (nord-est), ont fait deux morts et neuf bless\u00e9s, tous des \u00e9tudiants, ont annonc\u00e9 les autorit\u00e9s locales samedi 13 d\u00e9cembre. L&rsquo;auteur n&rsquo;a pas \u00e9t\u00e9 arr\u00eat\u00e9 dans la soir\u00e9e.<\/p>\n<p>Sur les neuf bless\u00e9s, six sont dans un \u00e9tat grave mais stable, un autre dans un \u00e9tat grave, un autre stable, et le dernier a pu quitter l&rsquo;h\u00f4pital apr\u00e8s sa prise en charge, selon <a href=\"https:\/\/www.brown.edu\/#:~:text=We%20learned%20from%20the%20hospital%20that%20six%20students%20remain%20in%20critical%20but%20stable%20condition.%20One%20student%20is%20in%20critical%20condition%2C%20another%20is%20considered%20in%20stable%20condition%2C%20and%20one%20was%20treated%20and%20released.\" target=\"_blank\" rel=\"noopener\">un message<\/a> du pr\u00e9sident de l&rsquo;universit\u00e9 publi\u00e9 peu avant 8 heures (heure de Paris). L&rsquo;auteur des coups de feu n&rsquo;a pas encore \u00e9t\u00e9 appr\u00e9hend\u00e9 et plus de 400 membres des forces de l&rsquo;ordre ont \u00e9t\u00e9 d\u00e9ploy\u00e9s, a d\u00e9clar\u00e9 Brett Smiley, le maire de Providence, capitale du Rhode Island, lors d&rsquo;une\u00a0seconde conf\u00e9rence de presse dans la soir\u00e9e.<\/p>\n<p>A 22 heures samedi soir (4 heures du matin \u00e0 Paris dimanche), l&rsquo;ordre de rester confin\u00e9 \u00e0 l&rsquo;int\u00e9rieur de b\u00e2timents restait en vigueur pour la zone autour de l&rsquo;universit\u00e9. Selon Frank Doyle, un responsable de l&rsquo;\u00e9tablissement Brown, les tirs ont eu lieu dans le b\u00e2timent d&rsquo;ing\u00e9nierie et de physique, o\u00f9 se d\u00e9roulaient des examens.<\/p>\n<p>La police a rendu publique une vid\u00e9o o\u00f9 le principal suspect sort du b\u00e2timent, v\u00eatu d&rsquo;habits sombres. Des t\u00e9moins ont rapport\u00e9 qu&rsquo;il portait \u00e9galement \u00ab\u00a0un masque de camouflage gris\u00a0\u00bb, a pr\u00e9cis\u00e9 le chef adjoint de la police de Providence, Tim O&rsquo;Hara, appelant des t\u00e9moins \u00e0 apporter toute information utile \u00e0 l&rsquo;enqu\u00eate. Aucune arme n&rsquo;a \u00e9t\u00e9 retrouv\u00e9e par les autorit\u00e9s.<\/p>\n<p>Donald Trump a d\u00e9clar\u00e9 sur sa plateforme Truth Social avoir \u00e9t\u00e9 inform\u00e9 de la situation, et que la police f\u00e9d\u00e9rale, le FBI, \u00e9tait sur place. Apr\u00e8s avoir affirm\u00e9 dans un premier temps que le suspect avait \u00e9t\u00e9 arr\u00eat\u00e9, le pr\u00e9sident am\u00e9ricain a publi\u00e9 un second message dans lequel il a d\u00e9clar\u00e9 que la police locale \u00e9tait revenue sur cette annonce et que \u00ab\u00a0le suspect n&rsquo;a PAS \u00e9t\u00e9 arr\u00eat\u00e9\u00a0\u00bb. A son retour \u00e0 la Maison Blanche apr\u00e8s avoir assist\u00e9 \u00e0 un match de football am\u00e9ricain universitaire, Donald Trump a d\u00e9clar\u00e9\u00a0: \u00ab\u00a0Quelle chose terrible\u00a0\u00bb. \u00ab\u00a0Tout ce que nous pouvons faire pour le moment, c&rsquo;est prier pour les victimes\u00a0\u00bb, a-t-il ajout\u00e9.<\/p>\n<p>\u00ab\u00a0C&rsquo;est h\u00e9las un jour comme la ville de Providence et l&rsquo;Etat du Rhode Island priaient pour qu&rsquo;il n&rsquo;arrive jamais\u00a0\u00bb, s&rsquo;est lament\u00e9 le maire de Providence, en r\u00e9f\u00e9rence aux <a href=\"https:\/\/www.franceinfo.fr\/replay-jt\/france-2\/13-heures\/etats-unis-une-fusillade-en-californie-fait-4-morts-et-10-blesses-lors-d-un-anniversaire-d-enfant_7649513.html\" target=\"_blank\" rel=\"noopener\">drames r\u00e9guliers provoqu\u00e9s par les armes \u00e0 feu<\/a> \u00e0 travers les Etats-Unis. Avec plus d&rsquo;armes \u00e0 feu en circulation que d&rsquo;habitants, le pays affiche le taux de mortalit\u00e9 par armes \u00e0 feu <a href=\"https:\/\/www.franceinfo.fr\/monde\/usa\/fusillades-aux-etats-unis\/attaque-dans-une-eglise-a-minneapolis-l-assaillante-voulait-surtout-tuer-des-enfants-selon-la-police_7461304.html\" target=\"_blank\" rel=\"noopener\">le plus \u00e9lev\u00e9 de tous les pays d\u00e9velopp\u00e9s<\/a>. En 2024, plus de 16\u00a0000 personnes, sans compter les suicides, ont \u00e9t\u00e9 tu\u00e9es par arme \u00e0 feu, selon l&rsquo;ONG Gun Violence Archive.<\/p>\n","protected":false},"excerpt":{"rendered":"Ni le suspect ni l&rsquo;arme du crime n&rsquo;ont pour l&rsquo;heure \u00e9t\u00e9 retrouv\u00e9s par la police. Huit des bless\u00e9s,&hellip;\n","protected":false},"author":2,"featured_media":598447,"comment_status":"","ping_status":"","sticky":false,"template":"","format":"standard","meta":{"footnotes":""},"categories":[1589],"tags":[11,73,1866,12,1864,1865,1863,308],"class_list":{"0":"post-598446","1":"post","2":"type-post","3":"status-publish","4":"format-standard","5":"has-post-thumbnail","7":"category-etats-unis","8":"tag-actualites","9":"tag-etats-unis","10":"tag-etats-unis-damerique","11":"tag-news","12":"tag-united-states","13":"tag-united-states-of-america","14":"tag-us","15":"tag-usa"},"share_on_mastodon":{"url":"","error":""},"_links":{"self":[{"href":"https:\/\/www.europesays.com\/fr\/wp-json\/wp\/v2\/posts\/598446","targetHints":{"allow":["GET"]}}],"collection":[{"href":"https:\/\/www.europesays.com\/fr\/wp-json\/wp\/v2\/posts"}],"about":[{"href":"https:\/\/www.europesays.com\/fr\/wp-json\/wp\/v2\/types\/post"}],"author":[{"embeddable":true,"href":"https:\/\/www.europesays.com\/fr\/wp-json\/wp\/v2\/users\/2"}],"replies":[{"embeddable":true,"href":"https:\/\/www.europesays.com\/fr\/wp-json\/wp\/v2\/comments?post=598446"}],"version-history":[{"count":0,"href":"https:\/\/www.europesays.com\/fr\/wp-json\/wp\/v2\/posts\/598446\/revisions"}],"wp:featuredmedia":[{"embeddable":true,"href":"https:\/\/www.europesays.com\/fr\/wp-json\/wp\/v2\/media\/598447"}],"wp:attachment":[{"href":"https:\/\/www.europesays.com\/fr\/wp-json\/wp\/v2\/media?parent=598446"}],"wp:term":[{"taxonomy":"category","embeddable":true,"href":"https:\/\/www.europesays.com\/fr\/wp-json\/wp\/v2\/categories?post=598446"},{"taxonomy":"post_tag","embeddable":true,"href":"https:\/\/www.europesays.com\/fr\/wp-json\/wp\/v2\/tags?post=598446"}],"curies":[{"name":"wp","href":"https:\/\/api.w.org\/{rel}","templated":true}]}}