{"id":598450,"date":"2025-12-14T09:58:13","date_gmt":"2025-12-14T09:58:13","guid":{"rendered":"https:\/\/www.europesays.com\/fr\/598450\/"},"modified":"2025-12-14T09:58:13","modified_gmt":"2025-12-14T09:58:13","slug":"projet-dattentat-islamiste-contre-un-marche-de-noel","status":"publish","type":"post","link":"https:\/\/www.europesays.com\/fr\/598450\/","title":{"rendered":"projet d&rsquo;attentat islamiste contre un march\u00e9 de No\u00ebl"},"content":{"rendered":"<p>Un nouveau drame \u00e9vit\u00e9 en <a href=\"https:\/\/www.lejdd.fr\/International\/allemagne-des-liens-entre-le-hamas-et-un-collaborateur-de-laudiovisuel-public-font-scandale-164927\" rel=\"nofollow noopener\" target=\"_blank\">Allemagne<\/a>. Les autorit\u00e9s ont annonc\u00e9 ce samedi l\u2019arrestation de cinq hommes soup\u00e7onn\u00e9s de pr\u00e9parer un attentat islamiste \u00e0 la voiture-b\u00e9lier visant un <a href=\"https:\/\/www.lejdd.fr\/culture\/quelle-est-lhistoire-du-marche-de-noel-de-strasbourg-164431\" rel=\"nofollow noopener\" target=\"_blank\">march\u00e9 de No\u00ebl<\/a>, rapporte l\u2019AFP. Un \u00c9gyptien, trois Marocains et un Syrien ont \u00e9t\u00e9 plac\u00e9s en d\u00e9tention vendredi dans le cadre de ce projet, qui devait \u00eatre mis en \u0153uvre en Bavi\u00e8re, dans le sud du pays.<\/p>\n<p>L\u2019\u00c9gyptien, \u00e2g\u00e9 de 56\u00a0ans, aurait appel\u00e9, au sein d\u2019une mosqu\u00e9e, \u00e0 s\u2019en prendre \u00e0 un march\u00e9 situ\u00e9 dans les environs de l\u2019arrondissement de Dingolfing-Landau, pr\u00e8s de Munich, en \u00ab\u00a0utilisant un v\u00e9hicule pour tuer ou blesser autant de personnes que possible\u00a0\u00bb. Les trois Marocains, \u00e2g\u00e9s de 22, 28 et 30\u00a0ans, auraient accept\u00e9 de passer \u00e0 l\u2019acte, tandis qu\u2019un Syrien de 37\u00a0ans les aurait encourag\u00e9s dans cette d\u00e9marche. Les enqu\u00eateurs ont indiqu\u00e9 soup\u00e7onner \u00ab\u00a0une motivation islamiste\u00a0\u00bb derri\u00e8re ce projet. Pr\u00e9sent\u00e9s \u00e0 un juge samedi, les suspects ont \u00e9t\u00e9 plac\u00e9s en d\u00e9tention provisoire.<\/p>\n<p>    La suite apr\u00e8s cette publicit\u00e9<\/p>\n<p>Six morts l\u2019ann\u00e9e derni\u00e8re \u00e0 Magdebourg<\/p>\n<p>Cette annonce ravive de douloureux souvenirs dans un pays encore marqu\u00e9 par plusieurs attaques. L\u2019an dernier, un attentat \u00e0 la voiture b\u00e9lier avait fait <a href=\"https:\/\/www.lejdd.fr\/international\/attaque-terroriste-en-allemagne-une-voiture-fonce-sur-un-marche-de-noel-au-moins-un-mort-et-de-nombreux-blesses-153092\" rel=\"nofollow noopener\" target=\"_blank\">six morts et plus de 300 bless\u00e9s<\/a> sur le march\u00e9 de No\u00ebl de Magdebourg, capitale r\u00e9gionale de l\u2019est de l\u2019Allemagne. Un Saoudien ayant reconnu avoir lanc\u00e9 son v\u00e9hicule contre la foule est actuellement jug\u00e9 pour cette attaque.<\/p>\n<p>    La suite apr\u00e8s cette publicit\u00e9<\/p>\n<p>Apr\u00e8s l\u2019attentat islamiste perp\u00e9tr\u00e9 en 2016 sur un march\u00e9 de No\u00ebl \u00e0 Berlin, qui avait co\u00fbt\u00e9 la vie \u00e0 13 personnes, celui du 20\u00a0d\u00e9cembre 2024 \u00e0 Magdebourg avait de nouveau profond\u00e9ment traumatis\u00e9 l\u2019Allemagne et replac\u00e9 les enjeux de s\u00e9curit\u00e9 au c\u0153ur du d\u00e9bat public.<\/p>\n<p>En 2025, certaines villes, dont Overath pr\u00e8s de Cologne, ont m\u00eame choisi d\u2019annuler leur march\u00e9 traditionnel, invoquant le co\u00fbt croissant des mesures de s\u00e9curit\u00e9. L\u2019an dernier, plus de 7\u00a0000 march\u00e9s de No\u00ebl \u00e0 travers le pays avaient pourtant attir\u00e9 quelque 170\u00a0millions de visiteurs, g\u00e9n\u00e9rant 4,2\u00a0milliards d\u2019euros de recettes.<\/p>\n","protected":false},"excerpt":{"rendered":"Un nouveau drame \u00e9vit\u00e9 en Allemagne. Les autorit\u00e9s ont annonc\u00e9 ce samedi l\u2019arrestation de cinq hommes soup\u00e7onn\u00e9s de&hellip;\n","protected":false},"author":2,"featured_media":598451,"comment_status":"","ping_status":"","sticky":false,"template":"","format":"standard","meta":{"footnotes":""},"categories":[1587],"tags":[11,672,1804,1805,1803,1777,674,1801,12,1802],"class_list":{"0":"post-598450","1":"post","2":"type-post","3":"status-publish","4":"format-standard","5":"has-post-thumbnail","7":"category-allemagne","8":"tag-actualites","9":"tag-allemagne","10":"tag-bundesrepublik-deutschland","11":"tag-de","12":"tag-deutschland","13":"tag-eu","14":"tag-europe","15":"tag-germany","16":"tag-news","17":"tag-republique-federale-dallemagne"},"share_on_mastodon":{"url":"https:\/\/pubeurope.com\/@fr\/115717335183011391","error":""},"_links":{"self":[{"href":"https:\/\/www.europesays.com\/fr\/wp-json\/wp\/v2\/posts\/598450","targetHints":{"allow":["GET"]}}],"collection":[{"href":"https:\/\/www.europesays.com\/fr\/wp-json\/wp\/v2\/posts"}],"about":[{"href":"https:\/\/www.europesays.com\/fr\/wp-json\/wp\/v2\/types\/post"}],"author":[{"embeddable":true,"href":"https:\/\/www.europesays.com\/fr\/wp-json\/wp\/v2\/users\/2"}],"replies":[{"embeddable":true,"href":"https:\/\/www.europesays.com\/fr\/wp-json\/wp\/v2\/comments?post=598450"}],"version-history":[{"count":0,"href":"https:\/\/www.europesays.com\/fr\/wp-json\/wp\/v2\/posts\/598450\/revisions"}],"wp:featuredmedia":[{"embeddable":true,"href":"https:\/\/www.europesays.com\/fr\/wp-json\/wp\/v2\/media\/598451"}],"wp:attachment":[{"href":"https:\/\/www.europesays.com\/fr\/wp-json\/wp\/v2\/media?parent=598450"}],"wp:term":[{"taxonomy":"category","embeddable":true,"href":"https:\/\/www.europesays.com\/fr\/wp-json\/wp\/v2\/categories?post=598450"},{"taxonomy":"post_tag","embeddable":true,"href":"https:\/\/www.europesays.com\/fr\/wp-json\/wp\/v2\/tags?post=598450"}],"curies":[{"name":"wp","href":"https:\/\/api.w.org\/{rel}","templated":true}]}}