{"id":598452,"date":"2025-12-14T09:59:14","date_gmt":"2025-12-14T09:59:14","guid":{"rendered":"https:\/\/www.europesays.com\/fr\/598452\/"},"modified":"2025-12-14T09:59:14","modified_gmt":"2025-12-14T09:59:14","slug":"opinion-ne-pas-brader-en-un-clic-ce-que-leurope-construit-depuis-un-siecle-par-olivia-gregoire-epr-romain-eskenazi-ps-et-antoine-vermorel-marques-dr","status":"publish","type":"post","link":"https:\/\/www.europesays.com\/fr\/598452\/","title":{"rendered":"OPINION. \u00ab Ne pas brader en un clic ce que l\u2019Europe construit depuis un si\u00e8cle \u00bb, par Olivia Gr\u00e9goire (EPR), Romain Eskenazi (PS) et Antoine Vermorel-Marques (DR)"},"content":{"rendered":"<p>Ceux qui ont eu la chance de pouvoir fl\u00e2ner un jour sur la Via Toledo \u00e0 Naples, sur la Gran V\u00eda \u00e0 Madrid, dans les rues commer\u00e7antes de Paris ou sur la Mariahilfer Strasse \u00e0\u202fVienne le savent bien\u2009: chaque vitrine raconte une histoire faite d\u2019efforts, de prises de risques, de savoir-faire transmis. Ce <a href=\"https:\/\/www.latribune.fr\/article\/economie\/fiscalite\/53311745003305\/heritage-succession-donation-la-concentration-du-patrimoine-saccentue-en-france\" target=\"_blank\" rel=\"noopener\">patrimoine \u00e9conomique<\/a>, h\u00e9ritage de millions de travailleurs europ\u00e9ens, est aujourd\u2019hui menac\u00e9 par un raz de mar\u00e9e qui prosp\u00e8re par \u00e9crans interpos\u00e9s.<\/p>\n<p>Car derri\u00e8re des prix toujours plus bas, certaines tr\u00e8s grandes plateformes de commerce en ligne ont fait de la transgression de nos r\u00e8gles leur mod\u00e8le \u00e9conomique. Des autorit\u00e9s fran\u00e7aises, allemandes, espagnoles, n\u00e9erlandaises ou belges l\u2019ont document\u00e9 : produits dangereux, <a href=\"https:\/\/www.latribune.fr\/article\/tech\/65959454397089\/apres-shein-aliexpress-et-joom-dans-le-viseur-de-letat-pour-vente-de-poupees-pedopornographiques\" target=\"_blank\" rel=\"noopener\">poup\u00e9es \u00e0 caract\u00e8re p\u00e9docriminel<\/a> accessibles en quelques clics, armes dissimul\u00e9es, contrefa\u00e7ons, manipulations algorithmiques pour pousser \u00e0 acheter de mani\u00e8re compulsive\u2026<\/p>\n<p>Aucun commer\u00e7ant de Barcelone, Gand ou Munich ne pourrait vendre de tels produits dans sa boutique sans \u00eatre imm\u00e9diatement sanctionn\u00e9. Et pourtant, dans l\u2019espace num\u00e9rique, l\u2019immat\u00e9rialit\u00e9 se transforme trop souvent en impunit\u00e9.<\/p>\n<p>L\u2019Europe poss\u00e8de pourtant une r\u00e9ponse\u2009: <a href=\"https:\/\/www.latribune.fr\/technos-medias\/internet\/le-digital-services-act-veut-assainir-le-web-mais-n-a-pas-les-moyens-de-son-ambition-sonia-cisse-cabinet-linklaters-991278.html\" target=\"_blank\" rel=\"noopener\">le Digital Services Act<\/a> (DSA). Un principe clair : la loi qui s\u2019applique sur le terrain \u00e0 nos entreprises nationales s\u2019applique aussi sur Internet aux plateformes \u00e9trang\u00e8res. Les pratiques interdites dans les commerces physiques le sont aussi en ligne. Mais cette ambition n\u2019a d\u2019utilit\u00e9 que si elle s\u2019accompagne d\u2019actions.<\/p>\n<p>Sans quoi nous ne serons pas cr\u00e9dibles, et les g\u00e9ants du num\u00e9rique continueront d\u2019agir comme si notre march\u00e9 n\u2019\u00e9tait qu\u2019un vaste laboratoire du non-droit. D\u2019autant plus vaste que les \u00c9tats-Unis ont r\u00e9cemment ferm\u00e9 une partie de <a href=\"https:\/\/www.latribune.fr\/article\/economie\/international\/15525868014596\/droits-de-douane-pourquoi-la-cour-supreme-ne-pourra-pas-arreter-la-guerre-commerciale-de-trump\" target=\"_blank\" rel=\"noopener\">leurs march\u00e9s \u00e0 ces produits<\/a>, qui sont d\u00e9sormais concentr\u00e9s sur le march\u00e9 europ\u00e9en.<\/p>\n<p>Respecter les r\u00e8gles europ\u00e9ennes n\u2019est pas une option. Et d\u00e9fendre l\u2019Europe n\u2019est pas un caprice.<\/p>\n<p>&#13;<\/p>\n<p>C\u2019est pourquoi la France prend plusieurs initiatives gouvernementales et parlementaires. Avec des d\u00e9put\u00e9s engag\u00e9s issus de huit groupes parlementaires, nous avons propos\u00e9 et fait voter une proposition de r\u00e9solution qui enjoint \u00e0 <a href=\"https:\/\/www.latribune.fr\/article\/economie\/international\/19881929994143\/les-hubs-de-retour-la-nouvelle-idee-de-l-ue-pour-concentrer-les-personnes-migrantes-aux-frontieres-de-l-europe\" target=\"_blank\" rel=\"noopener\">la Commission europ\u00e9enne<\/a> d\u2019activer pleinement ses pouvoirs d\u2019enqu\u00eate et de sanction. Notre r\u00e9solution dit une chose simple : respecter les r\u00e8gles europ\u00e9ennes n\u2019est pas une option. Et, inversement, d\u00e9fendre l\u2019Europe n\u2019est pas un caprice.<\/p>\n<p>C\u2019est d\u00e9fendre un principe essentiel de droit et de march\u00e9\u2009: la r\u00e8gle est la m\u00eame pour tous.<\/p>\n<p>Le combat pour le respect de nos r\u00e8gles par les tr\u00e8s grandes plateformes ne doit pas \u00eatre uniquement moraliste. Il doit \u00eatre juridique. Ce combat ne se limite pas seulement \u00e0 l\u2019\u00e9motion qu\u2019il suscite. Il est profond\u00e9ment \u00e9conomique.<\/p>\n<p>Car derri\u00e8re chaque objet pass\u00e9 sans contr\u00f4le douanier, chaque contournement de TVA, chaque manipulation des consommateurs, ce sont les couturi\u00e8res du <a href=\"https:\/\/www.latribune.fr\/article\/economie\/1236815186345614\/portugal-pourquoi-le-gouvernement-veut-reformer-le-code-du-travail-malgre-la-bonne-sante-economique\" target=\"_blank\" rel=\"noopener\">Portugal<\/a>, les tisserands de Prato, les ateliers textiles du Roannais, les PME de Saxe qui sont p\u00e9nalis\u00e9s. Ce sont nos centres-villes qui s\u2019\u00e9teignent. Ce sont nos emplois manufacturiers et commerciaux qui disparaissent, et nos commerces de proximit\u00e9 qui s\u2019affaissent.<\/p>\n<p>La Commission europ\u00e9enne dispose d\u2019un outil puissant avec le DSA, encore faut-il l\u2019activer pleinement et rapidement. Il est urgent de lancer une enqu\u00eate pour les plateformes qui ne respectent pas nos r\u00e8gles, il l\u2019est encore plus de clore ces enqu\u00eates et d\u2019activer les sanctions. Rien ne sert de l\u00e9gif\u00e9rer si on ne sait pas sanctionner \u00e0 temps. Le temps est venu.<\/p>\n<p>L\u2019Europe a mis des d\u00e9cennies \u00e0 b\u00e2tir des fili\u00e8res solides, des r\u00e8gles protectrices, une \u00e9conomie du respect. Rien de tout cela ne peut \u00eatre brad\u00e9 face \u00e0 celles et ceux qui prosp\u00e8rent en contournant chaque obligation, en exploitant des travailleurs dans des conditions indignes, en se moquant des cons\u00e9quences de son mod\u00e8le sur l\u2019environnement, en inondant nos march\u00e9s de produits dangereux, et qui fragilisent, \u00e0 une allure d\u00e9routante, nos savoir-faire et notre identit\u00e9.<\/p>\n<p>Nous appelons d\u00e9sormais nos coll\u00e8gues de tous les Parlements nationaux d\u2019Europe \u00e0 se saisir de cet enjeu et \u00e0 demander avec empressement \u00e0 <a href=\"https:\/\/www.latribune.fr\/article\/economie\/17340678501331\/la-commission-europeenne-peine-a-convaincre-sur-son-choc-de-simplification\" target=\"_blank\" rel=\"noopener\">la Commission<\/a> d\u2019agir. Nous attendons qu\u2019elle ait enfin la force d\u2019imposer simplement le respect du droit.<\/p>\n<p>L\u2019Europe doit se faire respecter, et pour cela elle doit absolument faire respecter ses r\u00e8gles. Une Europe respect\u00e9e est une Europe qui prot\u00e8ge ses citoyens, ses entreprises et ses valeurs. Faisons respecter le droit, rapidement et totalement. C\u2019est le but de notre r\u00e9solution. Avan\u00e7ons.\u202f<\/p>\n","protected":false},"excerpt":{"rendered":"Ceux qui ont eu la chance de pouvoir fl\u00e2ner un jour sur la Via Toledo \u00e0 Naples, sur&hellip;\n","protected":false},"author":2,"featured_media":598453,"comment_status":"","ping_status":"","sticky":false,"template":"","format":"standard","meta":{"footnotes":""},"categories":[1586],"tags":[17,11,32632,71105,4718,36374,40632,71106,1777,674,1011,27,17261,1808,3102,16285,12,31557,4536,429,25,18140,13063,71107],"class_list":{"0":"post-598452","1":"post","2":"type-post","3":"status-publish","4":"format-standard","5":"has-post-thumbnail","7":"category-europe","8":"tag-17","9":"tag-actualites","10":"tag-antoine","11":"tag-brader","12":"tag-construit","13":"tag-dr","14":"tag-epr","15":"tag-eskenazi","16":"tag-eu","17":"tag-europe","18":"tag-fr","19":"tag-france","20":"tag-gregoire","21":"tag-leurope","22":"tag-la-tribune-dimanche","23":"tag-ne","24":"tag-news","25":"tag-olivia","26":"tag-opinion","27":"tag-ps","28":"tag-republique-francaise","29":"tag-romain","30":"tag-siecle","31":"tag-vermorel-marques"},"share_on_mastodon":{"url":"https:\/\/pubeurope.com\/@fr\/115717339072353278","error":""},"_links":{"self":[{"href":"https:\/\/www.europesays.com\/fr\/wp-json\/wp\/v2\/posts\/598452","targetHints":{"allow":["GET"]}}],"collection":[{"href":"https:\/\/www.europesays.com\/fr\/wp-json\/wp\/v2\/posts"}],"about":[{"href":"https:\/\/www.europesays.com\/fr\/wp-json\/wp\/v2\/types\/post"}],"author":[{"embeddable":true,"href":"https:\/\/www.europesays.com\/fr\/wp-json\/wp\/v2\/users\/2"}],"replies":[{"embeddable":true,"href":"https:\/\/www.europesays.com\/fr\/wp-json\/wp\/v2\/comments?post=598452"}],"version-history":[{"count":0,"href":"https:\/\/www.europesays.com\/fr\/wp-json\/wp\/v2\/posts\/598452\/revisions"}],"wp:featuredmedia":[{"embeddable":true,"href":"https:\/\/www.europesays.com\/fr\/wp-json\/wp\/v2\/media\/598453"}],"wp:attachment":[{"href":"https:\/\/www.europesays.com\/fr\/wp-json\/wp\/v2\/media?parent=598452"}],"wp:term":[{"taxonomy":"category","embeddable":true,"href":"https:\/\/www.europesays.com\/fr\/wp-json\/wp\/v2\/categories?post=598452"},{"taxonomy":"post_tag","embeddable":true,"href":"https:\/\/www.europesays.com\/fr\/wp-json\/wp\/v2\/tags?post=598452"}],"curies":[{"name":"wp","href":"https:\/\/api.w.org\/{rel}","templated":true}]}}