{"id":598454,"date":"2025-12-14T10:00:31","date_gmt":"2025-12-14T10:00:31","guid":{"rendered":"https:\/\/www.europesays.com\/fr\/598454\/"},"modified":"2025-12-14T10:00:31","modified_gmt":"2025-12-14T10:00:31","slug":"apres-le-depart-de-jane-birkin-son-petit-fils-roman-comble-par-un-cadeau-de-la-vie-quil-a-eu-avec-une-maman-geniale","status":"publish","type":"post","link":"https:\/\/www.europesays.com\/fr\/598454\/","title":{"rendered":"Apr\u00e8s le d\u00e9part de Jane Birkin, son petit-fils Roman combl\u00e9 par un \u201ccadeau de la vie\u201d qu&rsquo;il a eu avec \u201cune maman g\u00e9niale\u201d"},"content":{"rendered":"<p>                <img loading=\"lazy\" decoding=\"async\" src=\"https:\/\/www.europesays.com\/fr\/wp-content\/uploads\/2025\/04\/145-6602e1ce8ddc4-35x35-1.jpg\" class=\"author-article-picture\" width=\"35\" height=\"35\"\/><\/p>\n<p>                    Par<\/p>\n<p>                                            <a class=\"author-article-bio-link\" href=\"https:\/\/www.purepeople.com\/auteur\/lucie-gosselin_a145\" rel=\"nofollow noopener\" target=\"_blank\">Lucie Gosselin<\/a><\/p>\n<p>                    |<\/p>\n<p>                                            R\u00e9dactrice<\/p>\n<p>\n                Journaliste passionn\u00e9e, depuis plus de 10 ans, je r\u00e9alise des enqu\u00eates, des portraits, des reportages ou des interviews.\n            <\/p>\n<p>\n    Disparue en 2023, Jane Birkin aurait eu 79 ans ce dimanche 14 d\u00e9cembre 2025. Menant une vie discr\u00e8te \u00e0 l\u2019\u00e9cart des projecteurs, Roman de Kermadec \u00e9tait tr\u00e8s proche de sa grand-m\u00e8re. Papa d\u2019un petit John depuis dix-huit mois, il regrette que celui-ci n\u2019ait pas connu son arri\u00e8re-grand-m\u00e8re.\n<\/p>\n<p>                            <img loading=\"lazy\" decoding=\"async\" class=\"player-thumbnail\" src=\"https:\/\/www.europesays.com\/fr\/wp-content\/uploads\/2025\/12\/fda72c06c7e1bdef-580x326-2.jpg\" width=\"580\" height=\"326\"\/><\/p>\n<p>                            Apr\u00e8s le d\u00e9part de Jane Birkin, son petit-fils Roman combl\u00e9 par un \u201ccadeau de la vie\u201d qu&rsquo;il a eu avec \u201cune maman g\u00e9niale\u201d<\/p>\n<p>La suite apr\u00e8s la publicit\u00e9<\/p>\n<p>Deux ans apr\u00e8s sa mort, un triste 16 juillet 2023, <a href=\"https:\/\/www.purepeople.com\/people\/jane-birkin_p392\" rel=\"nofollow noopener\" target=\"_blank\">Jane Birkin<\/a> est, ces derniers jours, revenue dans l\u2019actualit\u00e9 gr\u00e2ce \u00e0 un objet qui lui \u00e9tait tr\u00e8s cher\u00a0: un <a href=\"https:\/\/www.purepeople.com\/article\/jane-birkin-ne-veut-plus-qu-un-sac-hermes-porte-son-nom_a163246\/1\" rel=\"nofollow noopener\" target=\"_blank\">sac \u00e0 main Herm\u00e8s<\/a> \u201cBirkin\u201d, cr\u00e9\u00e9 en son honneur en 1984 par Jean-Louis Dumas, alors directeur g\u00e9n\u00e9ral de la marque. Jane avait offert \u00e0 sa photographe, et meilleure amie, Gabrielle Crawford l\u2019un de ses quatre sacs. Celle-ci a d\u00e9cid\u00e9 de mettre le pr\u00e9cieux objet aux ench\u00e8res le 15\u00a0d\u00e9cembre 2025, \u00e0 l\u2019H\u00f4tel Drouot, \u00e0 Paris. L\u2019argent r\u00e9colt\u00e9 servira \u00e0 la cr\u00e9ation de la future Fondation Jane-Birkin. Cette g\u00e9n\u00e9rosit\u00e9, <a href=\"https:\/\/www.purepeople.com\/article\/on-lui-a-demande-darreter-mais-les-derniers-instants-de-jane-birkin-racontes-par-roman-de-kermadec-son-discret-petit-fils_a533040\/1\" rel=\"nofollow noopener\" target=\"_blank\">Roman de Kermadec<\/a> l\u2019a souvent \u00e9prouv\u00e9e.\u00a0<\/p>\n<p>N\u00e9 \u00e0 Paris le 31 mars 1987, le jeune homme est le fils unique de <a href=\"https:\/\/www.purepeople.com\/article\/jane-birkin-repose-pres-de-kate-barry-le-magnifique-adieu-de-son-gendre-stephane-manel-compagnon-de-lou-doillon_a511961\/1\" rel=\"nofollow noopener\" target=\"_blank\">Kate Barry<\/a>, l\u2019une des trois filles de Jane Birkin, avec <a href=\"https:\/\/www.purepeople.com\/people\/charlotte-gainsbourg_p393\" rel=\"nofollow noopener\" target=\"_blank\">Charlotte Gainsbourg<\/a> et <a href=\"https:\/\/www.purepeople.com\/people\/lou-doillon_p395\" rel=\"nofollow noopener\" target=\"_blank\">Lou Doillon<\/a>. Dans le magazine Gala, en janvier dernier, Roman confiait la complicit\u00e9 qui l\u2019unissait \u00e0 sa grand-m\u00e8re et toute l\u2019admiration qu\u2019il \u00e9prouve pour elle. \u201cOn \u00e9tait plus que proches,\u00a0a expliqu\u00e9 l\u2019a\u00een\u00e9 des six petits-enfants de l\u2019ex-compagne de Serge Gainsbourg. On se voyait tr\u00e8s souvent. Elle a \u00e9t\u00e9 comme une deuxi\u00e8me m\u00e8re pour moi quand la mienne est partie. <strong>Elle ne m\u2019a jamais l\u00e2ch\u00e9, m\u00eame dans les moments difficiles<\/strong>. Le jour o\u00f9 elle s\u2019en est all\u00e9e, on devait d\u00e9jeuner ensemble (\u2026) \u00c7a faisait tr\u00e8s longtemps qu\u2019elle \u00e9tait malade. Elle le cachait bien, ne se plaignait jamais. On lui a demand\u00e9 d\u2019arr\u00eater la sc\u00e8ne mais elle voulait continuer. On l\u2019a laiss\u00e9e faire\u2026 M\u00eame si elle a d\u00fb annuler ses derniers concerts, elle est vraiment all\u00e9e jusqu\u2019au bout.\u201d<\/p>\n<p>Si Jane Birkin a autant pris soin de son petit-fils, c\u2019est que la vie n\u2019a pas toujours \u00e9t\u00e9 tendre avec lui. Son papa, Pascal de Kermadec, est mort quand il n\u2019avait que 4 ans quatre ans. \u00ab\u00a0<a href=\"https:\/\/www.purepeople.com\/article\/kate-barry-disparue-et-regrettee-hommage-des-actrices-a-son-talent_a149266\/1\" rel=\"nofollow noopener\" target=\"_blank\">Ma m\u00e8re s&rsquo;est retrouv\u00e9e seule<\/a> vers 20 ans avec un enfant en bas \u00e2ge puisque mon p\u00e8re est d\u00e9c\u00e9d\u00e9 en 1992,\u00a0notait Roman en octobre 2023 dans les pages de Paris Match. Elle a v\u00e9cu toute sa vie avec un certain mal-\u00eatre, je peux donc comprendre qu&rsquo;elle n&rsquo;ait pas su g\u00e9rer. Donc forc\u00e9ment, la vie ne devait pas \u00eatre joyeuse pour elle, elle devait m\u00eame \u00eatre tr\u00e8s dure.\u00a0\u00bb Dans Gala, il ajoutera que Kate Barry \u201ca assur\u00e9, malgr\u00e9 ses probl\u00e8mes. Je pense qu\u2019elle est devenue clean pour moi. Elle m\u2019a eu, elle est partie en d\u00e9sintoxication puis elle a fond\u00e9 son propre centre, La Maison de Kate, qui a f\u00eat\u00e9 ses 30 ans en octobre. <strong>C\u2019\u00e9tait une \u00e9corch\u00e9e vive. Les chiens ne font pas des chats<\/strong>.\u201d\u00a0<\/p>\n<p>Malheureusement, le 11 d\u00e9cembre 2013, sa m\u00e8re d\u00e9c\u00e8de, \u00e0 46 ans, apr\u00e8s <a href=\"https:\/\/www.purepeople.com\/article\/mort-de-jane-birkin-le-deces-tragique-de-sa-fille-kate-barry-tombee-du-4-etage-un-drame-terrible_a511415\/1\" rel=\"nofollow noopener\" target=\"_blank\">une chute du quatri\u00e8me \u00e9tage <\/a>de son appartement parisien. Sa mort \u00e9tait-elle accidentelle\u00a0?<strong>\u00a0<\/strong>\u201c<a href=\"https:\/\/www.purepeople.com\/article\/roman-de-kermadec-pour-le-petit-fils-de-jane-birkin-la-disparition-de-sa-mere-kate-barry-nest-pas-accidentelle_a533035\/1\" rel=\"nofollow noopener\" target=\"_blank\">On ne saura jamais<\/a>,\u00a0admet Roman qui est machiniste sur les plateaux de cin\u00e9ma. Ce jour-l\u00e0, j\u2019\u00e9tais en tournage et je me suis senti super mal, comme si j\u2019avais senti que quelque chose se passait\u2026 Je suis rentr\u00e9 chez moi et j\u2019ai eu ce fameux coup de fil\u2026\u201d Apr\u00e8s ce drame, il emm\u00e9nage chez Jane Birkin, et \u00ab\u00a0sombre\u00a0\u00bb selon ses propres termes\u00a0: \u00ab\u00a0<strong>Je me suis assomm\u00e9 d&rsquo;alcool, c&rsquo;\u00e9tait violent de voir mon monde s&rsquo;effondrer<\/strong>, d&rsquo;\u00eatre orphelin \u00e0 25 ans, sans comprendre vraiment pourquoi.\u00a0\u00bb Il ira ensuite se r\u00e9tablir dans le centre que sa maman a cr\u00e9\u00e9, La Maison de Kate, \u00e0 Bucy-le-Long (Aisne)\u00a0: \u201cJ&rsquo;ai commenc\u00e9 \u00e0 m&rsquo;en sortir petit \u00e0 petit. C&rsquo;est comme si de l\u00e0 o\u00f9 elle \u00e9tait, elle m&rsquo;aidait.\u201d<\/p>\n<p>Un arri\u00e8re petit-fils pour Jane Birkin<\/p>\n<p>\u00a0<\/p>\n<p>Onze ans plus tard, apr\u00e8s toutes ces \u00e9preuves, la vie a fini par lui faire un magnifique cadeau. En juin 2024, Roman de Kermadec est devenu le <a href=\"https:\/\/www.purepeople.com\/article\/roman-de-kermadec-le-petit-fils-de-jane-birkin-avait-prevu-un-beau-projet-en-hommage-a-sa-mere-ma-grand-mere-devait_a533080\/1\" rel=\"nofollow noopener\" target=\"_blank\">p\u00e8re d\u2019un petit gar\u00e7on<\/a> pr\u00e9nomm\u00e9 John, en hommage \u00e0 <a href=\"https:\/\/www.purepeople.com\/article\/il-l-a-detruite-john-barry-et-son-mariage-avec-jane-birkin-recit-de-ces-annees-difficiles-pour-la-chanteuse_a533888\/1\" rel=\"nofollow noopener\" target=\"_blank\">John Barry<\/a> (1933-2011), compositeur de musique de films et p\u00e8re de Kate. \u201cCela a \u00e9t\u00e9 un ouragan, a racont\u00e9 Roman dans Gala. J\u2019ai toujours voulu avoir un enfant. Tout est arriv\u00e9 tr\u00e8s vite, comme un cadeau de la vie quelques mois apr\u00e8s cette lourde perte. C\u2019est la plus belle chose qui nous soit arriv\u00e9e. Hortense [G\u00e9linet, sa compagne et actrice de la s\u00e9rie\u00a0<a href=\"https:\/\/www.purepeople.com\/article\/encore-un-depart-dans-un-si-grand-soleil-apres-3-ans-dans-la-serie-un-comedien-annonce-son-depart-cest-un-choix-de-ma-part_a544169\/1\" rel=\"nofollow noopener\" target=\"_blank\">Un si grand soleil<\/a>, ndlr] est une maman g\u00e9niale. Avant la naissance de mon fils, je n\u2019avais pas vraiment fait le deuil de ma grand-m\u00e8re. Je me suis tellement blind\u00e9 que je ne vis pas mes \u00e9motions sur l\u2019instant. Quand il est n\u00e9, les vannes se sont ouvertes. <strong>J\u2019aurais aim\u00e9 que ma grand-m\u00e8re tienne un an de plus pour le conna\u00eetre<\/strong>.\u201d Ne reste plus maintenant \u00e0 Roman qu\u2019\u00e0 savourer pleinement son bonheur. Car, comme le chantait Jane Birkin avec le morceau Fuir le bonheur de peur qu&rsquo;il ne se sauve,\u00a0il faut \u201cse dire qu&rsquo;il y a over the rainbow, toujours plus haut le soleil above, radieux\u201d.<\/p>\n","protected":false},"excerpt":{"rendered":"Par Lucie Gosselin | R\u00e9dactrice Journaliste passionn\u00e9e, depuis plus de 10 ans, je r\u00e9alise des enqu\u00eates, des portraits,&hellip;\n","protected":false},"author":2,"featured_media":598455,"comment_status":"","ping_status":"","sticky":false,"template":"","format":"standard","meta":{"footnotes":""},"categories":[1586],"tags":[11,1777,674,1779,1011,27,12,25,1778,364],"class_list":{"0":"post-598454","1":"post","2":"type-post","3":"status-publish","4":"format-standard","5":"has-post-thumbnail","7":"category-europe","8":"tag-actualites","9":"tag-eu","10":"tag-europe","11":"tag-european-union","12":"tag-fr","13":"tag-france","14":"tag-news","15":"tag-republique-francaise","16":"tag-ue","17":"tag-union-europeenne"},"share_on_mastodon":{"url":"https:\/\/pubeurope.com\/@fr\/115717343491405843","error":""},"_links":{"self":[{"href":"https:\/\/www.europesays.com\/fr\/wp-json\/wp\/v2\/posts\/598454","targetHints":{"allow":["GET"]}}],"collection":[{"href":"https:\/\/www.europesays.com\/fr\/wp-json\/wp\/v2\/posts"}],"about":[{"href":"https:\/\/www.europesays.com\/fr\/wp-json\/wp\/v2\/types\/post"}],"author":[{"embeddable":true,"href":"https:\/\/www.europesays.com\/fr\/wp-json\/wp\/v2\/users\/2"}],"replies":[{"embeddable":true,"href":"https:\/\/www.europesays.com\/fr\/wp-json\/wp\/v2\/comments?post=598454"}],"version-history":[{"count":0,"href":"https:\/\/www.europesays.com\/fr\/wp-json\/wp\/v2\/posts\/598454\/revisions"}],"wp:featuredmedia":[{"embeddable":true,"href":"https:\/\/www.europesays.com\/fr\/wp-json\/wp\/v2\/media\/598455"}],"wp:attachment":[{"href":"https:\/\/www.europesays.com\/fr\/wp-json\/wp\/v2\/media?parent=598454"}],"wp:term":[{"taxonomy":"category","embeddable":true,"href":"https:\/\/www.europesays.com\/fr\/wp-json\/wp\/v2\/categories?post=598454"},{"taxonomy":"post_tag","embeddable":true,"href":"https:\/\/www.europesays.com\/fr\/wp-json\/wp\/v2\/tags?post=598454"}],"curies":[{"name":"wp","href":"https:\/\/api.w.org\/{rel}","templated":true}]}}