{"id":598465,"date":"2025-12-14T10:13:11","date_gmt":"2025-12-14T10:13:11","guid":{"rendered":"https:\/\/www.europesays.com\/fr\/598465\/"},"modified":"2025-12-14T10:13:11","modified_gmt":"2025-12-14T10:13:11","slug":"psg-une-offre-dingue-pour-ce-milieu-du-real-madrid","status":"publish","type":"post","link":"https:\/\/www.europesays.com\/fr\/598465\/","title":{"rendered":"PSG : Une offre dingue pour ce milieu du Real Madrid !"},"content":{"rendered":"<p>Le PSG regarde d\u00e9j\u00e0 l\u2019\u00e9t\u00e9 prochain avec une id\u00e9e fixe. Le club veut un milieu costaud, un vrai taulier, et Federico Valverde appara\u00eet comme la cible parfaite, presque obsessionnelle.<\/p>\n<p>Paris a \u00e9t\u00e9 prudent lors du dernier mercato, un peu trop m\u00eame pour certains au club. Selon Fichajes, Luis Enrique et Luis Campos cherchent d\u00e9sormais un joueur capable de bousculer la hi\u00e9rarchie derri\u00e8re Vitinha, Fabian Ruiz et Joao Neves. Le profil id\u00e9al serait plus d\u00e9fensif, plus massif, et le nom de Valverde s\u2019est impos\u00e9 naturellement. L\u2019Uruguayen traverse une saison compliqu\u00e9e \u00e0 Madrid sous Xabi Alonso, l\u00e9ger brouillard dans un club o\u00f9 la moindre baisse de r\u00e9gime se voit comme une tache sur une chemise blanche. Le PSG adore ses qualit\u00e9s physiques, son exp\u00e9rience et cette facult\u00e9 \u00e9trange de pouvoir jouer partout, m\u00eame lat\u00e9ral droit si on lui demande.<\/p>\n<p><strong>Une offre qui pourrait secouer Madrid<\/strong><\/p>\n<p>Selon Fichajes, Paris serait pr\u00eat \u00e0 mettre 100 millions d\u2019euros sur la table pour tenter le Real Madrid. Xabi Alonso, lui, ne veut pas entendre parler d\u2019un d\u00e9part et compte sur son vice-capitaine. Mais Valverde r\u00e9fl\u00e9chit. Il est \u00e0 Madrid depuis 2016, depuis Pe\u00f1arol, et l\u2019id\u00e9e d\u2019un nouveau projet pourrait le travailler, comme un courant d\u2019air qui passe sous la porte quand on ne s\u2019y attend pas.<\/p>\n","protected":false},"excerpt":{"rendered":"Le PSG regarde d\u00e9j\u00e0 l\u2019\u00e9t\u00e9 prochain avec une id\u00e9e fixe. Le club veut un milieu costaud, un vrai&hellip;\n","protected":false},"author":2,"featured_media":598466,"comment_status":"","ping_status":"","sticky":false,"template":"","format":"standard","meta":{"footnotes":""},"categories":[1410],"tags":[63,1011,27,60],"class_list":{"0":"post-598465","1":"post","2":"type-post","3":"status-publish","4":"format-standard","5":"has-post-thumbnail","7":"category-football","8":"tag-football","9":"tag-fr","10":"tag-france","11":"tag-sports"},"share_on_mastodon":{"url":"https:\/\/pubeurope.com\/@fr\/115717393997603369","error":""},"_links":{"self":[{"href":"https:\/\/www.europesays.com\/fr\/wp-json\/wp\/v2\/posts\/598465","targetHints":{"allow":["GET"]}}],"collection":[{"href":"https:\/\/www.europesays.com\/fr\/wp-json\/wp\/v2\/posts"}],"about":[{"href":"https:\/\/www.europesays.com\/fr\/wp-json\/wp\/v2\/types\/post"}],"author":[{"embeddable":true,"href":"https:\/\/www.europesays.com\/fr\/wp-json\/wp\/v2\/users\/2"}],"replies":[{"embeddable":true,"href":"https:\/\/www.europesays.com\/fr\/wp-json\/wp\/v2\/comments?post=598465"}],"version-history":[{"count":0,"href":"https:\/\/www.europesays.com\/fr\/wp-json\/wp\/v2\/posts\/598465\/revisions"}],"wp:featuredmedia":[{"embeddable":true,"href":"https:\/\/www.europesays.com\/fr\/wp-json\/wp\/v2\/media\/598466"}],"wp:attachment":[{"href":"https:\/\/www.europesays.com\/fr\/wp-json\/wp\/v2\/media?parent=598465"}],"wp:term":[{"taxonomy":"category","embeddable":true,"href":"https:\/\/www.europesays.com\/fr\/wp-json\/wp\/v2\/categories?post=598465"},{"taxonomy":"post_tag","embeddable":true,"href":"https:\/\/www.europesays.com\/fr\/wp-json\/wp\/v2\/tags?post=598465"}],"curies":[{"name":"wp","href":"https:\/\/api.w.org\/{rel}","templated":true}]}}