{"id":598467,"date":"2025-12-14T10:14:16","date_gmt":"2025-12-14T10:14:16","guid":{"rendered":"https:\/\/www.europesays.com\/fr\/598467\/"},"modified":"2025-12-14T10:14:16","modified_gmt":"2025-12-14T10:14:16","slug":"acteur-inexistant-selon-quentin-tarantino-paul-dano-recoit-le-soutien-de-toni-collette-ou-matt-reeves","status":"publish","type":"post","link":"https:\/\/www.europesays.com\/fr\/598467\/","title":{"rendered":"Acteur \u00ab\u00a0inexistant\u00a0\u00bb selon Quentin Tarantino, Paul Dano re\u00e7oit le soutien de Toni Collette ou Matt Reeves"},"content":{"rendered":"<p>\n    En r\u00e9ponse \u00e0 des critiques formul\u00e9es par le r\u00e9alisateur de Pulp Fiction, plusieurs personnalit\u00e9s hollywoodiennes ont encens\u00e9 leur confr\u00e8re.<\/p>\n<p class=\"fig-paragraph\">Dans quelques semaines, Paul Dano deviendra Vadim Baranov, un conseiller politique plong\u00e9 dans\u00a0<a href=\"http:\/\/www.lefigaro.fr\/culture\/mostra-de-venise-entre-frankenstein-de-guillermo-del-toro-et-jude-law-en-poutine-les-monstres-s-invitent-a-l-ecran-20250831\" target=\"_blank\" data-fig-type=\"Article\" rel=\"noopener\" data-gtm-custom-categorie=\"navigation\" data-gtm-custom-action=\"crossclick\" data-gtm-custom-label=\"Contextuel\" data-gtm-event=\"customEventSPE\" data-fig-domain=\"LEFIGARO\">les m\u00e9andres de la Russie post-sovi\u00e9tique<\/a>. Il croisera Vladimir Poutine en la personne de Jude Law. L\u2019adaptation par Olivier Assayas du\u00a0<a href=\"https:\/\/www.lefigaro.fr\/livres\/le-mage-du-kremlin-de-giuliano-da-empoli-l-homme-qui-parlait-a-l-oreille-de-poutine-20220601\" target=\"_blank\" data-fig-type=\"Article\" rel=\"noopener\" data-gtm-custom-categorie=\"navigation\" data-gtm-custom-action=\"crossclick\" data-gtm-custom-label=\"Contextuel\" data-gtm-event=\"customEventSPE\" data-fig-domain=\"LEFIGARO\">Mage du Kremlin<\/a>, grand succ\u00e8s de librairie de l\u2019ann\u00e9e 2022, sort en janvier. Peu de chances que Quentin Tarantino ne fasse le d\u00e9placement. Pour le cin\u00e9aste am\u00e9ricain, Dano n\u2019aurait d\u2019acteur que le nom.<\/p>\n<p class=\"fig-paragraph\">Le r\u00e9alisateur de Pulp Fiction l\u2019a fait savoir au d\u00e9tour d\u2019un podcast, au cours duquel il dressait\u00a0<a href=\"http:\/\/www.lefigaro.fr\/cinema\/brad-pitt-du-gore-et-de-l-humour-les-vingt-meilleurs-films-du-xxie-siecle-selon-quentin-tarantino-20251204\" target=\"_blank\" data-fig-type=\"Article\" rel=\"noopener\" data-gtm-custom-categorie=\"navigation\" data-gtm-custom-action=\"crossclick\" data-gtm-custom-label=\"Contextuel\" data-gtm-event=\"customEventSPE\" data-fig-domain=\"LEFIGARO\">sa liste des meilleurs films du XXIe si\u00e8cle<\/a>. De ses vingt-cinq premi\u00e8res ann\u00e9es, du moins. Alors qu\u2019il \u00e9voquait\u00a0<a href=\"https:\/\/tvmag.lefigaro.fr\/programme-tv\/article\/fiction\/81208\/programme-tv-there-will-be-blood%C2%A0.html\" target=\"_blank\" data-fig-type=\"Article\" rel=\"noopener\" data-gtm-custom-categorie=\"navigation\" data-gtm-custom-action=\"crossclick\" data-gtm-custom-label=\"Contextuel\" data-gtm-event=\"customEventSPE\" data-fig-domain=\"TVMAG\">There Will Be Blood<\/a> \u00a0(2007), en cinqui\u00e8me position de son classement, Tarantino n\u2019a pu s\u2019emp\u00eacher de tirer \u00e0 vue sur Paul Dano. Le film de Paul Thomas Anderson, selon lui, aurait \u00e9t\u00e9 meilleur si son acteur n\u2019\u00e9tait \u00ab\u00a0si nul\u00a0\u00bb.<\/p>\n<p class=\"fig-body-link\">\n            \u00c0 lire aussi<br \/>\n        <a class=\"fig-body-link__link\" href=\"http:\/\/www.lefigaro.fr\/cinema\/quentin-tarantino-de-retour-sur-le-grand-ecran-aux-cotes-de-charlotte-gainsbourg-et-simon-pegg-20251028\" target=\"_blank\" data-fig-type=\"Article\" rel=\"noopener\" data-gtm-custom-categorie=\"navigation\" data-gtm-custom-action=\"crossclick\" data-gtm-custom-label=\"Contextuel\" data-gtm-event=\"customEventSPE\" data-fig-domain=\"LEFIGARO\"><\/p>\n<p>        Quentin Tarantino de retour sur le grand \u00e9cran aux c\u00f4t\u00e9s de Charlotte Gainsbourg et Simon Pegg<br \/>\n    <\/a>\n<\/p>\n<p>                                            <a class=\"fig-a11y-skip\" href=\"#fig-a11y-skip-main-inarticle\" data-module=\"a11y-skip\" data-context=\"was @visible\"><br \/>\n    Passer la publicit\u00e9<br \/>\n<\/a>            <\/p>\n<p>                                            Le Sphinx dans The Batman<\/p>\n<p class=\"fig-paragraph\">\u00ab\u00a0C\u2019est le souffre-douleur. Daniel Day-Lewis le d\u00e9vore. Austin Butler aurait \u00e9t\u00e9 formidable dans ce r\u00f4le. Il est tellement fade, inint\u00e9ressant. (&#8230;) Vous avez mis Daniel avec le pire acteur de la SAG (le syndicat des acteurs am\u00e9ricains, NDLR)\u00a0? Le plus mou du monde\u00a0?\u00a0\u00bb, s\u2019est emball\u00e9 Quentin Tarantino, qui ne se doutait peut-\u00eatre pas que ses propos feraient le tour de la presse. \u00ab Je ne dis pas qu\u2019il livre une prestation catastrophique, je dis qu\u2019il livre une prestation inexistante. Je ne l\u2019appr\u00e9cie pas\u00a0\u00bb, ajoutait-il, dans le cas o\u00f9 il n\u2019aurait pas \u00e9t\u00e9 suffisamment clair.<\/p>\n<p class=\"fig-paragraph\">Dans\u00a0<a href=\"http:\/\/www.lefigaro.fr\/cinema\/judy-there-will-be-blood-official-secrets-les-films-en-ligne-a-voir-ou-pas-cette-semaine-20210224\" target=\"_blank\" data-fig-type=\"Article\" rel=\"noopener\" data-gtm-custom-categorie=\"navigation\" data-gtm-custom-action=\"crossclick\" data-gtm-custom-label=\"Contextuel\" data-gtm-event=\"customEventSPE\" data-fig-domain=\"LEFIGARO\">There Will Be Blood<\/a>, film noir et poisseux sur la fi\u00e8vre p\u00e9troli\u00e8re am\u00e9ricaine, Paul Dano incarnait un pasteur qui se confronte \u00e0 un magnat camp\u00e9 par Daniel Day Lewis. Ce dernier, qui avait \u00e9t\u00e9 couronn\u00e9 d\u2019un Oscar pour son r\u00f4le, a fait savoir qu\u2019il estimait talentueux son cadet \u00e9trill\u00e9 par Tarantino.<\/p>\n<p class=\"fig-paragraph\">Dans le monde feutr\u00e9 de Hollywood, la s\u00e9v\u00e9rit\u00e9 affich\u00e9e par le r\u00e9alisateur \u00e0 l\u2019\u00e9gard de cet artiste qui m\u00e8ne une tr\u00e8s solide carri\u00e8re a fait sursauter. \u00ab Paul Dano est un acteur et une personne incroyables\u00a0\u00bb, a d\u00e9fendu sur les r\u00e9seaux sociaux le r\u00e9alisateur Matt Reeves, qui l\u2019a fait tourner dans\u00a0<a href=\"https:\/\/www.lefigaro.fr\/cinema\/notre-critique-de-the-batman-vengeur-reinvente-20220301\" target=\"_blank\" data-fig-type=\"Article\" rel=\"noopener\" data-gtm-custom-categorie=\"navigation\" data-gtm-custom-action=\"crossclick\" data-gtm-custom-label=\"Contextuel\" data-gtm-event=\"customEventSPE\" data-fig-domain=\"LEFIGARO\">The\u00a0Batman<\/a> \u00a0(2022). L\u2019acteur y incarnait sans d\u00e9m\u00e9riter un criminel brillant et inqui\u00e9tant, Le Sphinx.<\/p>\n<p>                                            Dans le prochain film de Florian Zeller<\/p>\n<p class=\"fig-paragraph\">\u00ab J\u2019adore Paul Dano. Et si vous n\u2019aimez pas Paul Dano, taisez-vous\u00a0\u00bb, a exhort\u00e9 l\u2019acteur\u00a0<a href=\"http:\/\/www.lefigaro.fr\/cinema\/alec-baldwin-et-son-frere-victimes-d-une-sortie-de-route-pres-de-new-york-20251015\" target=\"_blank\" data-fig-type=\"Article\" rel=\"noopener\" data-gtm-custom-categorie=\"navigation\" data-gtm-custom-action=\"crossclick\" data-gtm-custom-label=\"Contextuel\" data-gtm-event=\"customEventSPE\" data-fig-domain=\"LEFIGARO\">Alec Baldwin<\/a>. La com\u00e9dienne Toni Collette, elle, a relay\u00e9 une photo de\u00a0<a href=\"http:\/\/www.lefigaro.fr\/cinema\/mort-d-alan-arkin-acteur-inoubliable-dans-little-miss-sunshine-20230630\" target=\"_blank\" data-fig-type=\"Article\" rel=\"noopener\" data-gtm-custom-categorie=\"navigation\" data-gtm-custom-action=\"crossclick\" data-gtm-custom-label=\"Contextuel\" data-gtm-event=\"customEventSPE\" data-fig-domain=\"LEFIGARO\">Little Miss Sunshine<\/a>, en souvenir de leur tournage commun. Ben Stiller, figure des com\u00e9dies am\u00e9ricaines, a fait savoir qu\u2019il estimait son cadet \u00ab\u00a0brillant\u00a0\u00bb.<\/p>\n<p class=\"fig-paragraph\">R\u00e9v\u00e9l\u00e9 en 2006 dans Little Miss Sunshine, le quadrag\u00e9naire a jou\u00e9 devant la cam\u00e9ra de Denis Villeneuve (Prisoners, 2013) et Steven Spielberg (The Fabelmans, 2022). Quant \u00e0 ses projets futurs,\u00a0<a href=\"https:\/\/variety.com\/2025\/film\/global\/paul-dano-florian-zeller-thriller-bunker-1236603085\/\" target=\"_blank\" rel=\"noopener\" data-gtm-custom-categorie=\"navigation\" data-gtm-custom-action=\"crossclick\" data-gtm-custom-label=\"Contextuel\" data-gtm-event=\"customEventSPE\">Variety<\/a> \u00a0annonce qu\u2019il rejoindra Javier Bardem et Penelope Cruz au casting de Bunker, le prochain thriller psychologique de Florian Zeller.\u00a0<a href=\"http:\/\/www.lefigaro.fr\/livres\/le-dramaturge-et-realisateur-florian-zeller-entre-a-l-academie-francaise-20251106\" target=\"_blank\" data-fig-type=\"NewsFlash\" rel=\"noopener\" data-gtm-custom-categorie=\"navigation\" data-gtm-custom-action=\"crossclick\" data-gtm-custom-label=\"Contextuel\" data-gtm-event=\"customEventSPE\" data-fig-domain=\"LEFIGARO\">Le dramaturge r\u00e9cemment \u00e9lu au fauteuil d\u2019H\u00e9l\u00e8ne Carr\u00e8re\u00a0d\u2019Encausse<\/a>, \u00e0 l\u2019Acad\u00e9mie fran\u00e7aise.<\/p>\n","protected":false},"excerpt":{"rendered":"En r\u00e9ponse \u00e0 des critiques formul\u00e9es par le r\u00e9alisateur de Pulp Fiction, plusieurs personnalit\u00e9s hollywoodiennes ont encens\u00e9 leur&hellip;\n","protected":false},"author":2,"featured_media":598468,"comment_status":"","ping_status":"","sticky":false,"template":"","format":"standard","meta":{"footnotes":""},"categories":[1359],"tags":[27819,58,59,1011,27,44897,71108,973,36338],"class_list":{"0":"post-598467","1":"post","2":"type-post","3":"status-publish","4":"format-standard","5":"has-post-thumbnail","7":"category-people","8":"tag-ben-stiller","9":"tag-divertissement","10":"tag-entertainment","11":"tag-fr","12":"tag-france","13":"tag-matt-reeves","14":"tag-paul-dano","15":"tag-people","16":"tag-quentin-tarantino"},"share_on_mastodon":{"url":"https:\/\/pubeurope.com\/@fr\/115717397884079339","error":""},"_links":{"self":[{"href":"https:\/\/www.europesays.com\/fr\/wp-json\/wp\/v2\/posts\/598467","targetHints":{"allow":["GET"]}}],"collection":[{"href":"https:\/\/www.europesays.com\/fr\/wp-json\/wp\/v2\/posts"}],"about":[{"href":"https:\/\/www.europesays.com\/fr\/wp-json\/wp\/v2\/types\/post"}],"author":[{"embeddable":true,"href":"https:\/\/www.europesays.com\/fr\/wp-json\/wp\/v2\/users\/2"}],"replies":[{"embeddable":true,"href":"https:\/\/www.europesays.com\/fr\/wp-json\/wp\/v2\/comments?post=598467"}],"version-history":[{"count":0,"href":"https:\/\/www.europesays.com\/fr\/wp-json\/wp\/v2\/posts\/598467\/revisions"}],"wp:featuredmedia":[{"embeddable":true,"href":"https:\/\/www.europesays.com\/fr\/wp-json\/wp\/v2\/media\/598468"}],"wp:attachment":[{"href":"https:\/\/www.europesays.com\/fr\/wp-json\/wp\/v2\/media?parent=598467"}],"wp:term":[{"taxonomy":"category","embeddable":true,"href":"https:\/\/www.europesays.com\/fr\/wp-json\/wp\/v2\/categories?post=598467"},{"taxonomy":"post_tag","embeddable":true,"href":"https:\/\/www.europesays.com\/fr\/wp-json\/wp\/v2\/tags?post=598467"}],"curies":[{"name":"wp","href":"https:\/\/api.w.org\/{rel}","templated":true}]}}