{"id":598469,"date":"2025-12-14T10:15:14","date_gmt":"2025-12-14T10:15:14","guid":{"rendered":"https:\/\/www.europesays.com\/fr\/598469\/"},"modified":"2025-12-14T10:15:14","modified_gmt":"2025-12-14T10:15:14","slug":"eva-jospin-je-confectionne-des-lieux-que-les-visiteurs-viennent-habiter-ensuite-radio-france","status":"publish","type":"post","link":"https:\/\/www.europesays.com\/fr\/598469\/","title":{"rendered":"Eva Jospin : &quot;je confectionne des lieux&quot;, que les visiteurs viennent habiter ensuite &#8211; Radio France"},"content":{"rendered":"<ol>\n<li><a href=\"https:\/\/news.google.com\/rss\/articles\/CBMi0gFBVV95cUxNWG5xVG5aX0EtbHItZ2VwaUl2eXZiYmZKYkt2Vjg5RnNSOHB0dVp3R1laRUJnRFh2YVExWmx3RDdGcGNuVm50azh6dFZNWWQxelJNdjZRM2NPanJ1WjgtREFNSHl0ZS1oSFhJTFZBTV9IcmY1SDBXSl9IRDVnb3RMVGpJUVR5aGtidEtPSVI1LURtd0liRTBpWVNleXktUTZRV1k3LWRBVzBRUkpSUExLN1JmQzdUTXpMNzJpNHl5MFBZLWNXeF9QODdMdVVrSFJ4ZkE?oc=5\" target=\"_blank\" rel=\"noopener\">Eva Jospin : \u00ab\u00a0je confectionne des lieux\u00a0\u00bb, que les visiteurs viennent habiter ensuite<\/a>&nbsp;&nbsp;Radio France<\/li>\n<li><a href=\"https:\/\/news.google.com\/rss\/articles\/CBMi9AFBVV95cUxOVG9MZlZiT1J5QjhqOTNwNVNIQlhvanFHN21MYlV3MVFWOTZsbzRTZVhBUnZrVnprYy1WMDVaQnh0TTJ0SDFTVHg1MUVyLXYwMDNyR2JNam1EZHEwTmZzc2YySWc5VHMxeHhhTnBRZDV2ZlF3engwX1VsT2NVSU4xUGpfQjNoZnI0WHk3WnN3XzJnNUpJYW03b0kxb1NxUmw2NnlLM0JpWE5MZ3JnZ3NEMXFicS1OWVdtd1RIYjF3MXhXU19DaGtXRTF0WUhaWEx3bUdoU3FyLThBWHZIRnlEWEF2cVJORlkxTEhPUkRPSGFEeFpS?oc=5\" target=\"_blank\" rel=\"noopener\">Dialogue entre Claire Tabouret et Maylis de Kerangal : \u201cQuand tout n\u2019est pas dit, on a besoin de la peinture\u201d<\/a>&nbsp;&nbsp;Le Nouvel Obs<\/li>\n<li><a href=\"https:\/\/news.google.com\/rss\/articles\/CBMihgJBVV95cUxNYjFwTjAyc2dMUWswcy1Pc3hTOWtuV3FLclZFVkd1VF8yZF9uM2t6R1hURUx2TXJQSGpsUUxFYjR5SFNSUy1KZXBBQnJvOGJ2RmRqSGxpcHNiNTZDUGlnWVM4VVZ4R2VCdnQyUl9VU1ZWYm16amVLcllWc0ZRZVpqbC1oOExaRElqM1pXVTlIS2h3MUhkOVJKdkJGOWR6a0xvdi12M29mUHYzdHZ5U2NNSE5KV0lHZkVDeERvLXBtVGtKQXJKLXhsSkVsWGREWkVLVHFsM1Y0aGxEc2FJTDdOTjJ2UFhSaEVnSXI1c0hpVDdOMXVmVElqaXYta3lDanZINVhkR3pR?oc=5\" target=\"_blank\" rel=\"noopener\">Des vitraux contemporains pour Notre-Dame de Paris ? En pleine controverse, Claire Tabouret d\u00e9voile son projet au Grand Palais<\/a>&nbsp;&nbsp;RTL.fr<\/li>\n<li><a href=\"https:\/\/news.google.com\/rss\/articles\/CBMihwJBVV95cUxOUXM5ZEtILWJrZEFEeHdndzQzLTF5R0dBRUFDQ1QzRGhBZ0hmelZ0ZjFXTXdSaFRfRlUwZGZOOXFPVkR1UzBpc3ZiNC00VUllRUdWcy0wYzhmUGppLUtucXpqTjllQ3V1RlJFRTM4TUoybzJ1c0xsNTRJYkNUbU9tUGxOTGE3S0JPTmkyTjJWa1pzTFhOYk9aS1c1TGc2ejRyZGJuSnlvSXhYMGk5aUpkM1RRSDhDMGtVSkdpNHpjWEk0MVZDcnh5MFpDVU9tNURrR01RRWZVdURTdkZpcVgxWHo5bkJ3RjRISkR5UHA5dXNEVmtzQmtfV2RnT1gtN0VSTUkyZ2Q5OA?oc=5\" target=\"_blank\" rel=\"noopener\">Exposition \u00e0 Paris : les architectures spectaculaires et f\u00e9eriques d&rsquo;Eva Jospin m\u00e9tamorphosent le Grand Palais<\/a>&nbsp;&nbsp;Connaissance des Arts<\/li>\n<li><a href=\"https:\/\/news.google.com\/rss\/articles\/CBMiiAJBVV95cUxQRl9mME0tSmc1R3c5LWhWOTZ3c1dHZEtEUDFzdm9ZVHdmbFJ0WC1jamFNZlVaam43OVphaWxvcUo1TlhDT2s2bVF2T2ZzM2dNbWFsYkJNQzhVb3RRc2ROOXgxc2lHSWZCRzBqUk4zWmRHVjB1ZUdiVDBuOWRjRlBJVURkMFcwRVg2cFNaRG9HN1dHOTBPdFB0RDlYOWs0MC1pMXdJTkRkU3VMM2xZWElGdWZINVlPd0pjNU9IVFV0akRWdWY3MXNPQXF2X2VhejJtcTJUVF9YMDRmRE1DN280NzJMbDVVWmJvZ0RnWmtCUWNSRmhjVEgwTGN2UVhXREFyZVlyQjYxcGM?oc=5\" target=\"_blank\" rel=\"noopener\">Eva Jospin et Claire Tabouret au Grand Palais : de la lumi\u00e8re et des ruines, du grotesque et du spirituel<\/a>&nbsp;&nbsp;Franceinfo<\/li>\n<\/ol>\n","protected":false},"excerpt":{"rendered":"Eva Jospin : \u00ab\u00a0je confectionne des lieux\u00a0\u00bb, que les visiteurs viennent habiter ensuite&nbsp;&nbsp;Radio France Dialogue entre Claire Tabouret&hellip;\n","protected":false},"author":2,"featured_media":598470,"comment_status":"","ping_status":"","sticky":false,"template":"","format":"standard","meta":{"footnotes":""},"categories":[1358],"tags":[1348,1384,1385,1386,58,59,1011,27],"class_list":{"0":"post-598469","1":"post","2":"type-post","3":"status-publish","4":"format-standard","5":"has-post-thumbnail","7":"category-arts-et-design","8":"tag-arts","9":"tag-arts-and-design","10":"tag-arts-et-design","11":"tag-design","12":"tag-divertissement","13":"tag-entertainment","14":"tag-fr","15":"tag-france"},"share_on_mastodon":{"url":"https:\/\/pubeurope.com\/@fr\/115717401676525924","error":""},"_links":{"self":[{"href":"https:\/\/www.europesays.com\/fr\/wp-json\/wp\/v2\/posts\/598469","targetHints":{"allow":["GET"]}}],"collection":[{"href":"https:\/\/www.europesays.com\/fr\/wp-json\/wp\/v2\/posts"}],"about":[{"href":"https:\/\/www.europesays.com\/fr\/wp-json\/wp\/v2\/types\/post"}],"author":[{"embeddable":true,"href":"https:\/\/www.europesays.com\/fr\/wp-json\/wp\/v2\/users\/2"}],"replies":[{"embeddable":true,"href":"https:\/\/www.europesays.com\/fr\/wp-json\/wp\/v2\/comments?post=598469"}],"version-history":[{"count":0,"href":"https:\/\/www.europesays.com\/fr\/wp-json\/wp\/v2\/posts\/598469\/revisions"}],"wp:featuredmedia":[{"embeddable":true,"href":"https:\/\/www.europesays.com\/fr\/wp-json\/wp\/v2\/media\/598470"}],"wp:attachment":[{"href":"https:\/\/www.europesays.com\/fr\/wp-json\/wp\/v2\/media?parent=598469"}],"wp:term":[{"taxonomy":"category","embeddable":true,"href":"https:\/\/www.europesays.com\/fr\/wp-json\/wp\/v2\/categories?post=598469"},{"taxonomy":"post_tag","embeddable":true,"href":"https:\/\/www.europesays.com\/fr\/wp-json\/wp\/v2\/tags?post=598469"}],"curies":[{"name":"wp","href":"https:\/\/api.w.org\/{rel}","templated":true}]}}