{"id":598473,"date":"2025-12-14T10:18:17","date_gmt":"2025-12-14T10:18:17","guid":{"rendered":"https:\/\/www.europesays.com\/fr\/598473\/"},"modified":"2025-12-14T10:18:17","modified_gmt":"2025-12-14T10:18:17","slug":"il-me-denigrait-en-permanence-dans-son-premier-single-elle-evoque-lemprise-dun-pervers-narcissique","status":"publish","type":"post","link":"https:\/\/www.europesays.com\/fr\/598473\/","title":{"rendered":"Il me d\u00e9nigrait en permanence\u00a0\u00bb\u00a0: dans son premier single, elle \u00e9voque l\u2019emprise d\u2019un \u00ab\u00a0pervers narcissique"},"content":{"rendered":"<p>\n                                                                    l&rsquo;essentiel<br \/>\n                                                                Une artiste montalbanaise vient de sortir un premier titre touchant d\u2019authenticit\u00e9. Elle y \u00e9voque notamment l\u2019emprise d\u2019un ex-conjoint.\n                            <\/p>\n<p>Ce timbre de voix un peu rauque, ce flow qui aime tutoyer le slam\u00a0: elle a un petit c\u00f4t\u00e9 Hoshi. Autrice, compositrice et interpr\u00e8te, Lindsay vient de sortir son premier single. Avec \u00ab\u00a0Encore un soir\u00a0\u00bb*, la Montalbanaise compte bien rendre hommage \u00e0 C\u00e9line Dion qui avait sorti, en 2016, un titre \u00e9ponyme suite au d\u00e9c\u00e8s de son mari Ren\u00e9. \u00ab\u00a0Quand j\u2019ai entendu cette chanson, j\u2019ai \u00e9crit, j\u2019ai \u00e9crit et j\u2019ai \u00e9crit\u00a0\u00bb, sourit Lindsay Tenailleau dont le message va bien au-del\u00e0 du simple clin d\u2019\u0153il \u00e0 une star qu\u2019elle affectionne.<\/p>\n<\/p>\n<p>                    <img decoding=\"async\" class=\"responsive-img\" src=\"https:\/\/www.europesays.com\/fr\/wp-content\/uploads\/2025\/12\/1765707497_83_hqdefault.jpg\"\/><br \/>\n                <a class=\"stretched-link\" href=\"#paywall\" rel=\"js-anchor\"><\/p>\n<p>        <\/a><\/p>\n<p>\u00c2g\u00e9e de 26 ans, la jeune femme n\u2019a pas connu que des jours heureux. Plac\u00e9e en famille d\u2019accueil, \u00e0 Septfonds, jusqu\u2019\u00e0 ses 16 ans puis ballott\u00e9e en foyers, Lindsay s\u2019est toujours raccroch\u00e9e \u00e0 la musique, telle une b\u00e9quille. D\u2019ailleurs, d\u2019aussi loin qu\u2019elle se souvienne, elle a toujours fredonn\u00e9. \u00ab\u00a0Je crois que je chantais avant de parler, c\u2019est inn\u00e9 depuis que j\u2019ai 4 ans. Puis ma famille d\u2019accueil m\u2019a initi\u00e9e au piano vers l\u2019\u00e2ge de 12 ans. Et au fil du temps, la musique est devenue un exutoire pour toutes les exp\u00e9riences traumatisantes que j\u2019ai pu vivre\u00a0\u00bb, explique l\u2019artiste.<\/p>\n<p>\u00ab\u00a0Encore un soir\u00a0\u00bb fait ainsi r\u00e9f\u00e9rence \u00e0 plusieurs ann\u00e9es de relation toxique et m\u00eame, violente, avec \u00ab\u00a0un pervers narcissique\u00a0\u00bb. \u00ab\u00a0\u00c0 ses c\u00f4t\u00e9s, j\u2019ai perdu le go\u00fbt d\u2019\u00e9crire et de composer. Il ne supportait pas que je sois f\u00e9minine, que je sorte ou que je rigole. Il me d\u00e9nigrait en permanence. Et \u00e0 force, j\u2019ai perdu mon \u00e9tincelle dans cette routine dont je ne pensais pas, \u00e0 l\u2019\u00e9poque, pouvoir me sortir\u00a0\u00bb, analyse Lindsay. \u00ab\u00a0C\u2019est important que ce titre en particulier soit sorti car je parle aussi du parcours de plein d\u2019autres femmes, pas que du mien. Or, la femme a besoin de vibrer pour exister\u00a0\u00bb, poursuit-elle.<\/p>\n<p>\u00ab\u00a0Redonner espoir\u00a0\u00bb<\/p>\n<p>Soutenue par S\u00e9bastien Bach de Tigao Prod, bas\u00e9 \u00e0 Bordeaux, Lindsay vient de s\u2019offrir les services du directeur artistique Pablo Groot, de Beathoven. Sans aucune once de promotion, \u00ab\u00a0Encore un soir\u00a0\u00bb a atteint 1\u00a0200 vues sur Youtube. \u00ab\u00a0Juste pour une vid\u00e9o lyrique, sans clip, c\u2019est g\u00e9nial\u00a0! Ce qui prouve bien que l\u2019on peut y arriver sans avoir pris un seul cours de chant ou de solf\u00e8ge. Je fais tout \u00e0 l\u2019oreille et \u00e0 l\u2019instinct\u00a0\u00bb, glisse cette artiste qui a baign\u00e9 tout \u00e0 la fois dans l\u2019op\u00e9ra, la vari\u00e9t\u00e9 fran\u00e7aise et les influences plus latinos ou \u00ab\u00a0world music\u00a0\u00bb qu\u2019adorait sa m\u00e8re.<\/p>\n<p>Fan absolue de Clara Luciani et de Santa, Lindsay r\u00eave d\u2019attirer l\u2019attention d\u2019un label qui pourrait produire l\u2019album sur lequel elle travaille entre son domicile et un studio d\u2019enregistrement toulousain. \u00ab\u00a0Il y aura une chanson qui fait directement r\u00e9f\u00e9rence aux soignants, en particulier aux agents de service hospitalier. Vu le contexte de manque d\u2019effectifs chronique, \u00e7a va parler \u00e0 tout le monde.\u00a0\u00bb Autre sujet majeur, le harc\u00e8lement scolaire. Pour en avoir elle-m\u00eame \u00e9t\u00e9 victime lors de ses ann\u00e9es coll\u00e8ge \u00e0 Caussade, Lindsay sait de quoi elle parle. \u00ab\u00a0Se faire harceler, moquer ou injurier, ce n\u2019est pas normal. Je veux redonner espoir \u00e0 tous ces jeunes qui veulent s\u2019\u00f4ter la vie. Moi, j\u2019ai eu la musique et des artistes qui m\u2019ont donn\u00e9 envie de me battre. J\u2019ai pu relever la t\u00eate et voir le monde diff\u00e9remment.\u00a0\u00bb<\/p>\n<p><strong>*Disponible sur <a href=\"https:\/\/www.youtube.com\/watch?v=Ug_SZuCJAxI&amp;list=RDUg_SZuCJAxI\" target=\"_self\" rel=\"nofollow noopener\">Youtube<\/a>, Spotify, Deezer, Amazon Music ou iTunes.<\/strong><\/p>\n","protected":false},"excerpt":{"rendered":"l&rsquo;essentiel Une artiste montalbanaise vient de sortir un premier titre touchant d\u2019authenticit\u00e9. Elle y \u00e9voque notamment l\u2019emprise d\u2019un&hellip;\n","protected":false},"author":2,"featured_media":598474,"comment_status":"","ping_status":"","sticky":false,"template":"","format":"standard","meta":{"footnotes":""},"categories":[1355],"tags":[58,59,1011,27,19054,1361,873,36586],"class_list":{"0":"post-598473","1":"post","2":"type-post","3":"status-publish","4":"format-standard","5":"has-post-thumbnail","7":"category-musique","8":"tag-divertissement","9":"tag-entertainment","10":"tag-fr","11":"tag-france","12":"tag-montauban","13":"tag-music","14":"tag-musique","15":"tag-tarn-et-garonne"},"share_on_mastodon":{"url":"https:\/\/pubeurope.com\/@fr\/115717414891476802","error":""},"_links":{"self":[{"href":"https:\/\/www.europesays.com\/fr\/wp-json\/wp\/v2\/posts\/598473","targetHints":{"allow":["GET"]}}],"collection":[{"href":"https:\/\/www.europesays.com\/fr\/wp-json\/wp\/v2\/posts"}],"about":[{"href":"https:\/\/www.europesays.com\/fr\/wp-json\/wp\/v2\/types\/post"}],"author":[{"embeddable":true,"href":"https:\/\/www.europesays.com\/fr\/wp-json\/wp\/v2\/users\/2"}],"replies":[{"embeddable":true,"href":"https:\/\/www.europesays.com\/fr\/wp-json\/wp\/v2\/comments?post=598473"}],"version-history":[{"count":0,"href":"https:\/\/www.europesays.com\/fr\/wp-json\/wp\/v2\/posts\/598473\/revisions"}],"wp:featuredmedia":[{"embeddable":true,"href":"https:\/\/www.europesays.com\/fr\/wp-json\/wp\/v2\/media\/598474"}],"wp:attachment":[{"href":"https:\/\/www.europesays.com\/fr\/wp-json\/wp\/v2\/media?parent=598473"}],"wp:term":[{"taxonomy":"category","embeddable":true,"href":"https:\/\/www.europesays.com\/fr\/wp-json\/wp\/v2\/categories?post=598473"},{"taxonomy":"post_tag","embeddable":true,"href":"https:\/\/www.europesays.com\/fr\/wp-json\/wp\/v2\/tags?post=598473"}],"curies":[{"name":"wp","href":"https:\/\/api.w.org\/{rel}","templated":true}]}}