{"id":598485,"date":"2025-12-14T10:24:13","date_gmt":"2025-12-14T10:24:13","guid":{"rendered":"https:\/\/www.europesays.com\/fr\/598485\/"},"modified":"2025-12-14T10:24:13","modified_gmt":"2025-12-14T10:24:13","slug":"un-incendie-sest-declenche-au-sol-victime-dune-panne-moteur-un-morceau-de-capot-dun-boeing-777-200-se-detache-en-plein-vol-et-prend-feu","status":"publish","type":"post","link":"https:\/\/www.europesays.com\/fr\/598485\/","title":{"rendered":"Un incendie s\u2019est d\u00e9clench\u00e9 au sol\u00a0: victime d\u2019une panne moteur, \u00ab\u00a0un morceau de capot\u00a0\u00bb d\u2019un Boeing 777-200 se d\u00e9tache en plein vol et prend feu"},"content":{"rendered":"<p>\n                                                                L\u2019incident a eu lieu ce samedi 13\u00a0d\u00e9cembre. L\u2019appareil venait de d\u00e9coller de l\u2019a\u00e9roport international de Washington-Dulles (\u00c9tats-Unis), pour se rendre au Japon.\n                            <\/p>\n<p>Un\u00a0Boeing 777-200 de la compagnie United Airlines a \u00e9t\u00e9 victime d\u2019un incident a\u00e9rien ce samedi 13\u00a0d\u00e9cembre. Alors qu\u2019il venait de d\u00e9coller de\u00a0l\u2019a\u00e9roport international de Washington-Dulles (\u00c9tats-Unis), pour se rendre au Japon, ce dernier a subi une panne moteur.<\/p>\n<blockquote data-class=\"twitter-tweet\">\n<p lang=\"en\" dir=\"ltr\">ENGINE FAILURE FORCES UNITED B777 BACK TO DULLES AFTER TAKEOFF<\/p>\n<p>United Airlines Flight 803, a Boeing 777-200(N78004) bound for Tokyo, safely returned to Washington Dulles International Airport (IAD) on Saturday after suffering a loss of power in one engine shortly after\u2026 <a href=\"https:\/\/t.co\/RGuz3tuNr1\" rel=\"nofollow\">pic.twitter.com\/RGuz3tuNr1<\/a><\/p>\n<p>\u2014 Turbine Traveller (@Turbinetraveler) <a href=\"https:\/\/twitter.com\/Turbinetraveler\/status\/1999927302109397123?ref_src=twsrc%5Etfw\" rel=\"nofollow noopener\" target=\"_blank\">December 13, 2025<\/a><\/p><\/blockquote>\n<p>Selon le ministre des Transports am\u00e9ricain, Sean Duffy, un morceau \u00ab\u00a0du capot moteur s\u2019est d\u00e9tach\u00e9 et a pris feu, provoquant un feu de broussailles au sol. L\u2019avion a atterri sans encombre et il n\u2019y a aucun bless\u00e9 pour le moment\u00a0\u00bb, a-t-il d\u00e9taill\u00e9 sur son compte X.<\/p>\n<p>En tout 275 passagers \u00e9taient pr\u00e9sents \u00e0 bord, ainsi que 15 membres d\u2019\u00e9quipage.<\/p>\n<blockquote data-class=\"twitter-tweet\">\n<p lang=\"en\" dir=\"ltr\">I&rsquo;ve been briefed on United Flight 803 from Dulles to Japan. <\/p>\n<p>Here\u2019s what we know:<br \/>-An engine failed on the Boeing 777-200ER shortly after take-off<br \/>-275 passengers, 15 crew members on board<br \/>-A piece of the engine cover separated and caught fire, sparking a brush fire on\u2026 <a href=\"https:\/\/t.co\/IxkFJU2Fes\" rel=\"nofollow\">https:\/\/t.co\/IxkFJU2Fes<\/a><\/p>\n<p>\u2014 Secretary Sean Duffy (@SecDuffy) <a href=\"https:\/\/twitter.com\/SecDuffy\/status\/1999937094915903526?ref_src=twsrc%5Etfw\" rel=\"nofollow noopener\" target=\"_blank\">December 13, 2025<\/a><\/p><\/blockquote>\n<p>De son c\u00f4t\u00e9, la Federal Aviation Administration (FAA) a indiqu\u00e9 aupr\u00e8s de nos confr\u00e8res de <a href=\"https:\/\/www.cbsnews.com\/news\/united-airlines-flight-engine-failure-dulles-airport\/\" target=\"_self\" rel=\"nofollow noopener\">CBS News<\/a> qu&rsquo;une enqu\u00eate avait \u00e9t\u00e9 ouverte. Quant aux passagers, ils ont pu prendre un autre appareil, pour d\u00e9coller \u00e0 nouveau durant la journ\u00e9e.\u00a0<\/p>\n<p>                                                                                                                                                                                                        <script async src=\"https:\/\/platform.twitter.com\/widgets.js\" charset=\"utf-8\"><\/script><\/p>\n","protected":false},"excerpt":{"rendered":"L\u2019incident a eu lieu ce samedi 13\u00a0d\u00e9cembre. L\u2019appareil venait de d\u00e9coller de l\u2019a\u00e9roport international de Washington-Dulles (\u00c9tats-Unis), pour&hellip;\n","protected":false},"author":2,"featured_media":598486,"comment_status":"","ping_status":"","sticky":false,"template":"","format":"standard","meta":{"footnotes":""},"categories":[6],"tags":[35,33,34,1011,27,21852,800],"class_list":{"0":"post-598485","1":"post","2":"type-post","3":"status-publish","4":"format-standard","5":"has-post-thumbnail","7":"category-economie","8":"tag-business","9":"tag-economie","10":"tag-economy","11":"tag-fr","12":"tag-france","13":"tag-transport-au00e9rien","14":"tag-transports"},"share_on_mastodon":{"url":"https:\/\/pubeurope.com\/@fr\/115717437289869227","error":""},"_links":{"self":[{"href":"https:\/\/www.europesays.com\/fr\/wp-json\/wp\/v2\/posts\/598485","targetHints":{"allow":["GET"]}}],"collection":[{"href":"https:\/\/www.europesays.com\/fr\/wp-json\/wp\/v2\/posts"}],"about":[{"href":"https:\/\/www.europesays.com\/fr\/wp-json\/wp\/v2\/types\/post"}],"author":[{"embeddable":true,"href":"https:\/\/www.europesays.com\/fr\/wp-json\/wp\/v2\/users\/2"}],"replies":[{"embeddable":true,"href":"https:\/\/www.europesays.com\/fr\/wp-json\/wp\/v2\/comments?post=598485"}],"version-history":[{"count":0,"href":"https:\/\/www.europesays.com\/fr\/wp-json\/wp\/v2\/posts\/598485\/revisions"}],"wp:featuredmedia":[{"embeddable":true,"href":"https:\/\/www.europesays.com\/fr\/wp-json\/wp\/v2\/media\/598486"}],"wp:attachment":[{"href":"https:\/\/www.europesays.com\/fr\/wp-json\/wp\/v2\/media?parent=598485"}],"wp:term":[{"taxonomy":"category","embeddable":true,"href":"https:\/\/www.europesays.com\/fr\/wp-json\/wp\/v2\/categories?post=598485"},{"taxonomy":"post_tag","embeddable":true,"href":"https:\/\/www.europesays.com\/fr\/wp-json\/wp\/v2\/tags?post=598485"}],"curies":[{"name":"wp","href":"https:\/\/api.w.org\/{rel}","templated":true}]}}