{"id":598495,"date":"2025-12-14T10:34:27","date_gmt":"2025-12-14T10:34:27","guid":{"rendered":"https:\/\/www.europesays.com\/fr\/598495\/"},"modified":"2025-12-14T10:34:27","modified_gmt":"2025-12-14T10:34:27","slug":"on-fait-quoi-ce-week-end-a-nancy-5-idees-du-12-au-14-decembre-2025","status":"publish","type":"post","link":"https:\/\/www.europesays.com\/fr\/598495\/","title":{"rendered":"On fait quoi ce week-end \u00e0 Nancy ? 5 id\u00e9es du 12 au 14 d\u00e9cembre 2025"},"content":{"rendered":"<p class=\"intro\">Ce week-end du 12 au 14 d\u00e9cembre 2025, Nancy et ses alentours vous r\u00e9servent un programme magique entre traditions de No\u00ebl et spectacles captivants\u00a0! Entre march\u00e9s enchanteurs, ambiances festives et sorties culturelles, il y en a pour tous les go\u00fbts. Bon, on ne va pas vous mentir, entre les chalets de vin chaud et les spectacles humoristiques, vous allez avoir l&#8217;embarras du choix&#8230; et peut-\u00eatre aussi une excuse parfaite pour \u00e9viter de finir vos achats de No\u00ebl\u00a0! Pr\u00e9parez-vous \u00e0 vivre un week-end riche en \u00e9motions et en d\u00e9couvertes.<\/p>\n<p class=\"mise_en_avant\"><strong>Pr\u00e9visions m\u00e9t\u00e9o ce week-end\u00a0:<\/strong> attendez-vous \u00e0 un temps couvert avec des temp\u00e9ratures douces autour de 10-11\u00b0C, parfait pour d\u00e9ambuler dans les march\u00e9s de No\u00ebl emmitoufl\u00e9 dans votre \u00e9charpe\u00a0!<\/p>\n<p>1\/ F\u00eates de Saint Nicolas \u00e0 Nancy 2025 &#8211; L&rsquo;incontournable magic show nanc\u00e9ien<\/p>\n<p>\ud83c\udf84 Les <a href=\"https:\/\/www.jds.fr\/nancy\/manifestations\/marche-de-noel\/fete-et-marche-de-saint-nicolas-nancy-111864_A\" target=\"_blank\" rel=\"noopener\">F\u00eates de Saint Nicolas \u00e0 Nancy 2025<\/a> transforment la ville ducale en v\u00e9ritable conte de f\u00e9es hivernal\u00a0! Avec plus de 65 chalets sur la place Charles III, les villages de la Grande Roue et du Gouverneur, plus les 4 hameaux gourmands dispers\u00e9s dans le centre, Nancy devient le royaume absolu du vin chaud et des bergamotes. \u2728 Le vid\u00e9o-mapping nocturne sur la fa\u00e7ade de l&rsquo;H\u00f4tel de Ville offre un spectacle saisissant qui rivalise avec les plus beaux contes de No\u00ebl. Cette s\u00e9lection s&rsquo;impose d&rsquo;elle-m\u00eame\u00a0: c&rsquo;est LA r\u00e9f\u00e9rence des festivit\u00e9s de fin d&rsquo;ann\u00e9e dans l&rsquo;Est\u00a0!<\/p>\n<p>\ud83d\udca1 <strong>Notre conseil\u00a0:<\/strong> profitez des nocturnes du vendredi et samedi jusqu&rsquo;\u00e0 22h pour les m\u00e9tiers de bouche, et ne manquez pas le vid\u00e9o-mapping \u00e0 18h et 19h les vendredis-samedis. La patinoire de 60 m\u00e8tres place de la Carri\u00e8re vous attend pour une glisse m\u00e9morable\u00a0!<\/p>\n<p>\ud83d\udccd Nancy<br \/>\ud83d\udcc5 Jusqu&rsquo;au 04\/01\/2026<\/p>\n<p class=\"mise_en_avant\">\ud83d\udc49 <a href=\"https:\/\/www.jds.fr\/nancy\/manifestations\/marche-de-noel\/fete-et-marche-de-saint-nicolas-nancy-111864_A\" target=\"_blank\" rel=\"noopener\">[Coup de \u2764\ufe0f JDS] F\u00eates de Saint Nicolas \u00e0 Nancy 2025\u00a0: march\u00e9 de No\u00ebl et animations\u00a0: toutes les informations<\/a><\/p>\n<p><a data-lightbox=\"article\" data-title=\"Le march\u00e9 de No\u00ebl des F\u00eates de Saint-Nicolas \u00e0 Nancy \u00a9 saint-nicolas.nancy.fr\" class=\"image detail fullwidth\" href=\"https:\/\/www.jds.fr\/medias\/image\/fetes-de-saint-nicolas-a-nancy-marche-de-noel-et-a-769873-1200-0-F.webp\" title=\"Le march\u00e9 de No\u00ebl des F\u00eates de Saint-Nicolas \u00e0 Nancy \u00a9 saint-nicolas.nancy.fr\" target=\"_blank\" rel=\"noopener\"><br \/>\n<img decoding=\"async\" loading=\"lazy\" src=\"https:\/\/www.europesays.com\/fr\/wp-content\/uploads\/2025\/12\/fetes-de-saint-nicolas-a-nancy-marche-de-noel-et-a-769873-1200-0.webp.webp\"   alt=\"Le march\u00e9 de No\u00ebl des F\u00eates de Saint-Nicolas \u00e0 Nancy\" class=\"shortcode_image border\"\/><br \/>\n\u00a9 saint-nicolas.nancy.fr<br \/>\nLe march\u00e9 de No\u00ebl des F\u00eates de Saint-Nicolas \u00e0 Nancy<br \/>\n<\/a>\n<\/p>\n<p>2\/ March\u00e9 de No\u00ebl \u00e0 Toul 2025 &#8211; Le charme authentique de la cit\u00e9 m\u00e9di\u00e9vale<\/p>\n<p>\ud83c\udff0 Le <a href=\"https:\/\/www.jds.fr\/nancy\/manifestations\/marche-de-noel\/marche-de-noel-toul-117538_A\" target=\"_blank\" rel=\"noopener\">March\u00e9 de No\u00ebl \u00e0 Toul 2025<\/a> d\u00e9ploie ses chalets dans un cadre architectural exceptionnel, entre la Coll\u00e9giale Saint-Gengoult et les places historiques. Ce march\u00e9 s\u00e9duit par son authenticit\u00e9 et sa taille humaine, offrant une alternative charmante aux grands \u00e9v\u00e9nements. \ud83c\udfaa Les balades en cal\u00e8che et le Clo\u00eetre Enchant\u00e9 cr\u00e9ent une atmosph\u00e8re particuli\u00e8rement f\u00e9erique, tandis que les animations musicales ponctuent agr\u00e9ablement la d\u00e9ambulation. Un choix parfait pour ceux qui recherchent l&rsquo;esprit de No\u00ebl sans la foule\u00a0!<\/p>\n<p>\ud83d\udca1 <strong>Notre conseil\u00a0:<\/strong> ne manquez pas les balades en cal\u00e8che samedi 13 et dimanche 14 d\u00e9cembre de 15h \u00e0 18h au d\u00e9part de la place des 3 \u00c9v\u00each\u00e9s. Le Clo\u00eetre Enchant\u00e9 avec sa tombola et son rallye d&rsquo;\u00e9nigmes offre une exp\u00e9rience ludique unique\u00a0!<\/p>\n<p>\ud83d\udccd Places du Couarail, du March\u00e9 aux Poissons et Pierre Schmidt | Toul<br \/>\ud83d\udcc5 Du 11\/12\/2025 au 24\/12\/2025<\/p>\n<p class=\"mise_en_avant\">\ud83d\udc49 <a href=\"https:\/\/www.jds.fr\/nancy\/manifestations\/marche-de-noel\/marche-de-noel-toul-117538_A\" target=\"_blank\" rel=\"noopener\">March\u00e9 de No\u00ebl \u00e0 Toul 2025\u00a0: toutes les informations<\/a><\/p>\n<p><a data-lightbox=\"article\" data-title=\"No\u00ebl s&#039;installe \u00e0 Toul DR\" class=\"image detail fullwidth\" href=\"https:\/\/www.jds.fr\/medias\/image\/marche-de-noel-a-toul-1-273145-1200-0-F.webp\" title=\"No\u00ebl s&#039;installe \u00e0 Toul DR\" target=\"_blank\" rel=\"noopener\"><br \/>\n<img decoding=\"async\" loading=\"lazy\" src=\"https:\/\/www.europesays.com\/fr\/wp-content\/uploads\/2025\/12\/marche-de-noel-a-toul-1-273145-1200-0.webp.webp\"   alt=\"No\u00ebl s'installe \u00e0 Toul\" class=\"shortcode_image border\"\/><br \/>\n\u00a9 DR<br \/>\nNo\u00ebl s&rsquo;installe \u00e0 Toul<br \/>\n<\/a>\n<\/p>\n<p>3\/ March\u00e9 de No\u00ebl \u00e0 Lun\u00e9ville 2025 &#8211; L&rsquo;\u00e9l\u00e9gance ducale au service de No\u00ebl<\/p>\n<p>\ud83d\udc51 Le <a href=\"https:\/\/www.jds.fr\/nancy\/manifestations\/marche-de-noel\/marche-de-noel-luneville-117522_A\" target=\"_blank\" rel=\"noopener\">March\u00e9 de No\u00ebl \u00e0 Lun\u00e9ville 2025<\/a> s&rsquo;installe dans le cadre prestigieux du Square du Souvenir Fran\u00e7ais, \u00e0 deux pas du ch\u00e2teau des ducs de Lorraine. \ud83c\udff0 Avec sa patinoire place L\u00e9opold et ses chalets en bois traditionnels, ce march\u00e9 conjugue habilement tradition et modernit\u00e9. L&rsquo;ambiance familiale et les produits artisanaux de qualit\u00e9 en font une \u00e9tape incontournable pour les amateurs d&rsquo;authenticit\u00e9. Une belle d\u00e9couverte pour ceux qui veulent sortir des sentiers battus\u00a0!<\/p>\n<p>\ud83d\udca1 <strong>Notre conseil\u00a0:<\/strong> profitez des horaires \u00e9tendus le samedi 13 d\u00e9cembre (11h-20h) et combinez votre visite avec la patinoire place L\u00e9opold. Les circuits de No\u00ebl pour enfants le samedi 20 d\u00e9cembre promettent une chasse au tr\u00e9sor festive m\u00e9morable\u00a0!<\/p>\n<p>\ud83d\udccd Square du Souvenir Fran\u00e7ais | Lun\u00e9ville<br \/>\ud83d\udcc5 Du 12\/12\/2025 au 24\/12\/2025<\/p>\n<p class=\"mise_en_avant\">\ud83d\udc49 <a href=\"https:\/\/www.jds.fr\/nancy\/manifestations\/marche-de-noel\/marche-de-noel-luneville-117522_A\" target=\"_blank\" rel=\"noopener\">March\u00e9 de No\u00ebl \u00e0 Lun\u00e9ville 2025\u00a0: toutes les informations<\/a><\/p>\n<p><a data-lightbox=\"article\" data-title=\"March\u00e9 de No\u00ebl  \u00e0 Lun\u00e9ville DR\" class=\"image detail fullwidth\" href=\"https:\/\/www.jds.fr\/medias\/image\/marche-de-noel-a-luneville_2-273094-1200-0-F.webp\" title=\"March\u00e9 de No\u00ebl  \u00e0 Lun\u00e9ville DR\" target=\"_blank\" rel=\"noopener\"><br \/>\n<img decoding=\"async\" loading=\"lazy\" src=\"https:\/\/www.europesays.com\/fr\/wp-content\/uploads\/2025\/12\/marche-de-noel-a-luneville_2-273094-1200-0.webp.webp\"   alt=\"March\u00e9 de No\u00ebl  \u00e0 Lun\u00e9ville\" class=\"shortcode_image border\"\/><br \/>\n\u00a9 DR<br \/>\nMarch\u00e9 de No\u00ebl  \u00e0 Lun\u00e9ville<br \/>\n<\/a>\n<\/p>\n<p>4\/ Contrefa\u00e7on en concert &#8211; L&rsquo;Autre Canal se met \u00e0 l&rsquo;heure \u00e9lectro<\/p>\n<p>\ud83c\udfb5 <a href=\"https:\/\/www.jds.fr\/nancy\/concerts\/electro\/contrefacon-1190073_A\" target=\"_blank\" rel=\"noopener\">Contrefa\u00e7on<\/a> investit L&rsquo;Autre Canal pour une soir\u00e9e \u00e9lectro qui promet de faire vibrer les murs\u00a0! Cette exp\u00e9rience musicale immersive s\u00e9duit par l&rsquo;authenticit\u00e9 et l&rsquo;\u00e9nergie que d\u00e9gage ce groupe hommage, capable de reproduire avec pr\u00e9cision l&rsquo;essence de leurs idoles. \ud83d\udd25 Un concert qui attire autant les fans d\u00e9vou\u00e9s que les curieux, d\u00e9sireux de revivre les classiques dans une ambiance \u00e9lectrique. Parfait pour ceux qui veulent terminer leur samedi sur une note musicale intense\u00a0!<\/p>\n<p>\ud83d\udca1 <strong>Notre conseil\u00a0:<\/strong> arrivez t\u00f4t pour profiter de l&rsquo;ambiance et de l&rsquo;excellente acoustique de L&rsquo;Autre Canal. Le concert d\u00e9marrant \u00e0 21h30, pr\u00e9voyez un d\u00eener l\u00e9ger avant pour tenir jusqu&rsquo;au bout de cette soir\u00e9e \u00e9lectrisante\u00a0!<\/p>\n<p>\ud83d\udccd L&rsquo;Autre Canal de Nancy | Nancy<br \/>\ud83d\udcc5 Le 13\/12\/2025<\/p>\n<p class=\"mise_en_avant\">\ud83d\udc49 <a href=\"https:\/\/www.jds.fr\/nancy\/concerts\/electro\/contrefacon-1190073_A\" target=\"_blank\" rel=\"noopener\">Contrefa\u00e7on\u00a0: toutes les informations<\/a><\/p>\n<p><a class=\"btn btn-lg shadow-lg btn-primary rounded-pill fnac_link\" data-fnac=\"in_article\" href=\"https:\/\/www.awin1.com\/pclick.php?p=42565078801&amp;a=634278&amp;m=12494&amp;clickref=in_article-A-desktop\" target=\"_blank\" rel=\"nofollow noopener\"> Acheter des billets<\/a><\/p>\n<p>5\/ Sous le Sapin&#8230; les Emmerdes\u00a0!!! &#8211; Th\u00e9rapie de groupe par le rire<\/p>\n<p>\ud83d\ude02 <a href=\"https:\/\/www.jds.fr\/nancy\/spectacles\/humour\/sous-le-sapin-les-emmerdes-1031093_A\" target=\"_blank\" rel=\"noopener\">Sous le Sapin&#8230; les Emmerdes\u00a0!!!<\/a> d\u00e9barque au Th\u00e9\u00e2tre de la Foucotte pour une com\u00e9die d\u00e9jant\u00e9e qui tombe \u00e0 pic en cette p\u00e9riode de pr\u00e9paratifs familiaux\u00a0! Cette satire hilarante des traditions de No\u00ebl met en sc\u00e8ne une famille bourgeoise dont le r\u00e9veillon tranquille va \u00eatre chamboul\u00e9 par une invit\u00e9e&#8230; disons&#8230; pittoresque. \ud83c\udfad Entre coups bas, rebondissements et dinde aux marrons, ce spectacle garantit un moment de d\u00e9tente salvateur avant les vrais repas de famille\u00a0! Une s\u00e9lection id\u00e9ale pour ceux qui ont besoin de d\u00e9compresser avec humour.<\/p>\n<p>\ud83d\udca1 <strong>Notre conseil\u00a0:<\/strong> r\u00e9servez vos places rapidement, ce type de spectacle fait souvent salle comble pendant les f\u00eates\u00a0! La repr\u00e9sentation de 17h le dimanche est parfaite pour terminer le week-end en beaut\u00e9 avant la semaine de rush pr\u00e9-No\u00ebl.<\/p>\n<p>\ud83d\udccd Th\u00e9\u00e2tre de la Foucotte | Nancy<br \/>\ud83d\udcc5 Le 14\/12\/2025<\/p>\n<p class=\"mise_en_avant\">\ud83d\udc49 <a href=\"https:\/\/www.jds.fr\/nancy\/spectacles\/humour\/sous-le-sapin-les-emmerdes-1031093_A\" target=\"_blank\" rel=\"noopener\">Sous le Sapin&#8230; les Emmerdes\u00a0!!!\u00a0: toutes les informations<\/a><\/p>\n<p><a class=\"btn btn-lg shadow-lg btn-primary rounded-pill fnac_link\" data-fnac=\"in_article\" href=\"https:\/\/www.awin1.com\/pclick.php?p=41576262116&amp;a=634278&amp;m=12494&amp;clickref=in_article-A-desktop\" target=\"_blank\" rel=\"nofollow noopener\"> Acheter des billets<\/a><\/p>\n<p>Date de publication : le 10\/12\/2025.<\/p>\n","protected":false},"excerpt":{"rendered":"Ce week-end du 12 au 14 d\u00e9cembre 2025, Nancy et ses alentours vous r\u00e9servent un programme magique entre&hellip;\n","protected":false},"author":2,"featured_media":598496,"comment_status":"","ping_status":"","sticky":false,"template":"","format":"standard","meta":{"footnotes":""},"categories":[9635],"tags":[1111,11,1777,674,1011,27,775,1702,12,25],"class_list":{"0":"post-598495","1":"post","2":"type-post","3":"status-publish","4":"format-standard","5":"has-post-thumbnail","7":"category-nancy","8":"tag-actu","9":"tag-actualites","10":"tag-eu","11":"tag-europe","12":"tag-fr","13":"tag-france","14":"tag-grand-est","15":"tag-nancy","16":"tag-news","17":"tag-republique-francaise"},"share_on_mastodon":{"url":"https:\/\/pubeurope.com\/@fr\/115717478313181908","error":""},"_links":{"self":[{"href":"https:\/\/www.europesays.com\/fr\/wp-json\/wp\/v2\/posts\/598495","targetHints":{"allow":["GET"]}}],"collection":[{"href":"https:\/\/www.europesays.com\/fr\/wp-json\/wp\/v2\/posts"}],"about":[{"href":"https:\/\/www.europesays.com\/fr\/wp-json\/wp\/v2\/types\/post"}],"author":[{"embeddable":true,"href":"https:\/\/www.europesays.com\/fr\/wp-json\/wp\/v2\/users\/2"}],"replies":[{"embeddable":true,"href":"https:\/\/www.europesays.com\/fr\/wp-json\/wp\/v2\/comments?post=598495"}],"version-history":[{"count":0,"href":"https:\/\/www.europesays.com\/fr\/wp-json\/wp\/v2\/posts\/598495\/revisions"}],"wp:featuredmedia":[{"embeddable":true,"href":"https:\/\/www.europesays.com\/fr\/wp-json\/wp\/v2\/media\/598496"}],"wp:attachment":[{"href":"https:\/\/www.europesays.com\/fr\/wp-json\/wp\/v2\/media?parent=598495"}],"wp:term":[{"taxonomy":"category","embeddable":true,"href":"https:\/\/www.europesays.com\/fr\/wp-json\/wp\/v2\/categories?post=598495"},{"taxonomy":"post_tag","embeddable":true,"href":"https:\/\/www.europesays.com\/fr\/wp-json\/wp\/v2\/tags?post=598495"}],"curies":[{"name":"wp","href":"https:\/\/api.w.org\/{rel}","templated":true}]}}