{"id":598505,"date":"2025-12-14T10:39:28","date_gmt":"2025-12-14T10:39:28","guid":{"rendered":"https:\/\/www.europesays.com\/fr\/598505\/"},"modified":"2025-12-14T10:39:28","modified_gmt":"2025-12-14T10:39:28","slug":"montigny-le-relais-est-a-nouveau-labellise-qualite-tourisme","status":"publish","type":"post","link":"https:\/\/www.europesays.com\/fr\/598505\/","title":{"rendered":"Montigny. Le Relais est \u00e0 nouveau labellis\u00e9 Qualit\u00e9 Tourisme"},"content":{"rendered":"<p>\t\t\t\t\t\t\tSoci\u00e9t\u00e9.<\/p>\n<p>\t\t\t\t\tLa CCI Rouen M\u00e9tropole a r\u00e9uni les laur\u00e9ats des labels Destination d&rsquo;Excellence et Qualit\u00e9 Tourisme, lundi 8\u00a0d\u00e9cembre \u00e0 Rouen.\t\t\t\t<\/p>\n<p>\n\t\t\t\t\tPubli\u00e9 le<br \/>\n\t\t\t\t\t11\/12\/2025 \u00e0 11h26 &#8211; Par Julie Hervieux\t\t\t\t\t<\/p>\n<p>\t\t\t\t\t\t\t\t<img decoding=\"async\" class=\"media illustration\" src=\"https:\/\/www.europesays.com\/fr\/wp-content\/uploads\/2025\/12\/1765708768_589_\" width=\"1200\" height=\"578\" loading=\"eager\" fetchpriority=\"high\" alt=\"Montigny. Le Relais est \u00e0 nouveau labellis\u00e9 Qualit\u00e9 Tourisme\"\/><\/p>\n<p>\t\t\t\t\t\t\t\t\t\t\t\t\t\t\tOlivier Rousseille, pr\u00e9sident de la CCI Rouen M\u00e9tropole, a remis le label Qualit\u00e9 Tourisme \u00e0 Gil Guilbert pour son \u00e9tablissement Le Relais \u00e0 Montigny<\/p>\n","protected":false},"excerpt":{"rendered":"Soci\u00e9t\u00e9. La CCI Rouen M\u00e9tropole a r\u00e9uni les laur\u00e9ats des labels Destination d&rsquo;Excellence et Qualit\u00e9 Tourisme, lundi 8\u00a0d\u00e9cembre&hellip;\n","protected":false},"author":2,"featured_media":598506,"comment_status":"","ping_status":"","sticky":false,"template":"","format":"standard","meta":{"footnotes":""},"categories":[9587],"tags":[1111,11,1777,674,1011,27,12,5161,25,9590],"class_list":{"0":"post-598505","1":"post","2":"type-post","3":"status-publish","4":"format-standard","5":"has-post-thumbnail","7":"category-rouen","8":"tag-actu","9":"tag-actualites","10":"tag-eu","11":"tag-europe","12":"tag-fr","13":"tag-france","14":"tag-news","15":"tag-normandie","16":"tag-republique-francaise","17":"tag-rouen"},"share_on_mastodon":{"url":"https:\/\/pubeurope.com\/@fr\/115717496953589794","error":""},"_links":{"self":[{"href":"https:\/\/www.europesays.com\/fr\/wp-json\/wp\/v2\/posts\/598505","targetHints":{"allow":["GET"]}}],"collection":[{"href":"https:\/\/www.europesays.com\/fr\/wp-json\/wp\/v2\/posts"}],"about":[{"href":"https:\/\/www.europesays.com\/fr\/wp-json\/wp\/v2\/types\/post"}],"author":[{"embeddable":true,"href":"https:\/\/www.europesays.com\/fr\/wp-json\/wp\/v2\/users\/2"}],"replies":[{"embeddable":true,"href":"https:\/\/www.europesays.com\/fr\/wp-json\/wp\/v2\/comments?post=598505"}],"version-history":[{"count":0,"href":"https:\/\/www.europesays.com\/fr\/wp-json\/wp\/v2\/posts\/598505\/revisions"}],"wp:featuredmedia":[{"embeddable":true,"href":"https:\/\/www.europesays.com\/fr\/wp-json\/wp\/v2\/media\/598506"}],"wp:attachment":[{"href":"https:\/\/www.europesays.com\/fr\/wp-json\/wp\/v2\/media?parent=598505"}],"wp:term":[{"taxonomy":"category","embeddable":true,"href":"https:\/\/www.europesays.com\/fr\/wp-json\/wp\/v2\/categories?post=598505"},{"taxonomy":"post_tag","embeddable":true,"href":"https:\/\/www.europesays.com\/fr\/wp-json\/wp\/v2\/tags?post=598505"}],"curies":[{"name":"wp","href":"https:\/\/api.w.org\/{rel}","templated":true}]}}