{"id":598507,"date":"2025-12-14T10:40:19","date_gmt":"2025-12-14T10:40:19","guid":{"rendered":"https:\/\/www.europesays.com\/fr\/598507\/"},"modified":"2025-12-14T10:40:19","modified_gmt":"2025-12-14T10:40:19","slug":"le-petit-quevilly-quatre-blesses-dans-un-accident-de-la-route-pres-de-rouen-dont-deux-graves","status":"publish","type":"post","link":"https:\/\/www.europesays.com\/fr\/598507\/","title":{"rendered":"Le Petit-Quevilly. Quatre bless\u00e9s dans un accident de la route pr\u00e8s de Rouen, dont deux graves"},"content":{"rendered":"<p melodystyle=\"texte\" data-end=\"288\">Un accident de la circulation impliquant deux voitures s&rsquo;est produit ce dimanche 14 d\u00e9cembre, peu apr\u00e8s 6h30, <a href=\"https:\/\/maps.app.goo.gl\/gRxwix84XChUny9A8\" target=\"_blank\" rel=\"nofollow noopener\">boulevard du 11 Novembre, au Petit-Quevilly<\/a>.<\/p>\n<p>Deux victimes d\u00e9sincarc\u00e9r\u00e9es par les pompiers<\/p>\n<p melodystyle=\"texte\" data-end=\"562\">A l&rsquo;arriv\u00e9e des secours, quatre personnes \u00e9taient impliqu\u00e9es. Deux d&rsquo;entre elles se trouvaient coinc\u00e9es dans les v\u00e9hicules. <a href=\"https:\/\/www.tendanceouest.com\/actualite-434422-manche-des-explosions-entendues-dans-le-cotentin-les-pompiers-luttent-contre-un-feu-de-grange\" target=\"_blank\" rel=\"nofollow noopener\">Les sapeurs-pompiers<\/a> ont proc\u00e9d\u00e9 \u00e0 leur <a href=\"https:\/\/www.tendanceouest.com\/actualite-366053-seine-maritime-une-desincarceration-apres-un-accident-entre-trois-voitures\" target=\"_blank\" rel=\"nofollow noopener\">d\u00e9sincarc\u00e9ration<\/a>, tandis qu&rsquo;une \u00e9quipe du Smur \u00e9tait \u00e9galement mobilis\u00e9e sur les lieux.<\/p>\n<p>Les quatre victimes ont \u00e9t\u00e9 transport\u00e9es au CHU de Rouen<\/p>\n<p melodystyle=\"texte\" data-end=\"982\">Le bilan fait \u00e9tat de deux hommes \u00e2g\u00e9s de 30 et 32 ans,\u00a0 en urgence relative, ainsi que d&rsquo;une femme de 34 ans et d&rsquo;un homme de 51 ans, pris en charge en urgence absolue. Les quatre victimes ont \u00e9t\u00e9 transport\u00e9es au CHU de Rouen.\u00a0<\/p>\n","protected":false},"excerpt":{"rendered":"Un accident de la circulation impliquant deux voitures s&rsquo;est produit ce dimanche 14 d\u00e9cembre, peu apr\u00e8s 6h30, boulevard&hellip;\n","protected":false},"author":2,"featured_media":598508,"comment_status":"","ping_status":"","sticky":false,"template":"","format":"standard","meta":{"footnotes":""},"categories":[9587],"tags":[1111,11,1777,674,1011,27,12,5161,25,9590],"class_list":{"0":"post-598507","1":"post","2":"type-post","3":"status-publish","4":"format-standard","5":"has-post-thumbnail","7":"category-rouen","8":"tag-actu","9":"tag-actualites","10":"tag-eu","11":"tag-europe","12":"tag-fr","13":"tag-france","14":"tag-news","15":"tag-normandie","16":"tag-republique-francaise","17":"tag-rouen"},"share_on_mastodon":{"url":"https:\/\/pubeurope.com\/@fr\/115717500063895117","error":""},"_links":{"self":[{"href":"https:\/\/www.europesays.com\/fr\/wp-json\/wp\/v2\/posts\/598507","targetHints":{"allow":["GET"]}}],"collection":[{"href":"https:\/\/www.europesays.com\/fr\/wp-json\/wp\/v2\/posts"}],"about":[{"href":"https:\/\/www.europesays.com\/fr\/wp-json\/wp\/v2\/types\/post"}],"author":[{"embeddable":true,"href":"https:\/\/www.europesays.com\/fr\/wp-json\/wp\/v2\/users\/2"}],"replies":[{"embeddable":true,"href":"https:\/\/www.europesays.com\/fr\/wp-json\/wp\/v2\/comments?post=598507"}],"version-history":[{"count":0,"href":"https:\/\/www.europesays.com\/fr\/wp-json\/wp\/v2\/posts\/598507\/revisions"}],"wp:featuredmedia":[{"embeddable":true,"href":"https:\/\/www.europesays.com\/fr\/wp-json\/wp\/v2\/media\/598508"}],"wp:attachment":[{"href":"https:\/\/www.europesays.com\/fr\/wp-json\/wp\/v2\/media?parent=598507"}],"wp:term":[{"taxonomy":"category","embeddable":true,"href":"https:\/\/www.europesays.com\/fr\/wp-json\/wp\/v2\/categories?post=598507"},{"taxonomy":"post_tag","embeddable":true,"href":"https:\/\/www.europesays.com\/fr\/wp-json\/wp\/v2\/tags?post=598507"}],"curies":[{"name":"wp","href":"https:\/\/api.w.org\/{rel}","templated":true}]}}