{"id":598517,"date":"2025-12-14T10:49:28","date_gmt":"2025-12-14T10:49:28","guid":{"rendered":"https:\/\/www.europesays.com\/fr\/598517\/"},"modified":"2025-12-14T10:49:28","modified_gmt":"2025-12-14T10:49:28","slug":"marche-de-noel-de-strasbourg-une-locomotive-aux-250-millions-deuros-de-retombees-economiques","status":"publish","type":"post","link":"https:\/\/www.europesays.com\/fr\/598517\/","title":{"rendered":"March\u00e9 de No\u00ebl de Strasbourg. Une \u00ab locomotive \u00bb aux 250 millions d\u2019euros de retomb\u00e9es \u00e9conomiques"},"content":{"rendered":"<p>Juteux comme le vin chaud, le business du march\u00e9 de No\u00ebl \u00e0 Strasbourg ? S\u2019il est l\u2019un des plus vieux march\u00e9s du genre avec ses 450 ans d\u2019histoire, il s\u2019est m\u00e9tamorphos\u00e9 dans les ann\u00e9es 90 en v\u00e9ritable attraction touristique, une \u201ccash machine\u201d pour l\u2019\u00e9conomie locale avec pas moins de 3,4 millions de visiteurs l\u2019an dernier (contre 2 millions il y a dix ans), un record.<\/p>\n<p>Une estimation courante borde \u00e0 250 millions d\u2019euros les retomb\u00e9es \u00e9conomiques de l\u2019\u00e9v\u00e9nement, qui profitent principalement au secteur priv\u00e9. \u00ab Mais il n\u2019y a pas d\u2019\u00e9tude qui permettrait de consolider une estimation pr\u00e9cise \u00bb, relativise toutefois Jo\u00ebl Steffen, adjoint \u00e0 la maire de Strasbourg en charge du commerce.<\/p>\n<p>  Jusqu&rsquo;\u00e0 30 \u00e0 40 % de chiffre d\u2019affaires annuel en d\u00e9cembre<\/p>\n<p>Aux premiers rangs des b\u00e9n\u00e9ficiaires de cette manne rouge et or se trouve le secteur h\u00f4telier de la r\u00e9gion strasbourgeoise, qui affiche une quasi-saturation durant la p\u00e9riode, avec un taux d\u2019occupation de 95 % ces derni\u00e8res ann\u00e9es, selon l\u2019Office eurom\u00e9tropolitain de tourisme, des loisirs et des congr\u00e8s. Quant aux restaurants strasbourgeois, ce sont les demandes de groupe qui explosent durant le march\u00e9 de No\u00ebl, g\u00e9n\u00e9rant une forte activit\u00e9.<\/p>\n<p>Des groupes pour nombre d\u2019entre eux compos\u00e9s de touristes, tr\u00e8s friands de la typicit\u00e9 de ce march\u00e9 de No\u00ebl traditionnel : Allemands, <a href=\"https:\/\/www.dna.fr\/culture-loisirs\/2025\/12\/01\/l-alsace-s-est-fait-une-place-dans-le-coeur-des-espagnols\" target=\"_blank\" rel=\"noopener\">Espagnols<\/a> et Italiens pl\u00e9biscitent le rendez-vous, juste derri\u00e8re les Fran\u00e7ais qui repr\u00e9sentent une grosse moiti\u00e9 des visiteurs (53 %). L\u2019int\u00e9r\u00eat de la client\u00e8le am\u00e9ricaine et asiatique, r\u00e9put\u00e9e pour son fort pouvoir d\u2019achat, se consolide d\u2019ann\u00e9e en ann\u00e9e.<\/p>\n<p>  Des co\u00fbts d&rsquo;organisation estim\u00e9s entre 5 et 6 millions d\u2019euros<\/p>\n<p>No\u00ebl rime avec cadeaux, et pour les commerces c\u2019est le moment o\u00f9 l\u2019activit\u00e9 bat son plein : le pr\u00e9sident des Vitrines de Strasbourg, Gwenn Bauer, note que ces derniers r\u00e9alisent \u00ab jusqu\u2018\u00e0 30 \u00e0 40 % de leur chiffre d\u2019affaires annuel durant la seule p\u00e9riode du march\u00e9 de No\u00ebl, selon les secteurs d\u2019activit\u00e9.<\/p>\n<p>M\u00eame si le panier moyen du consommateur est en baisse cette ann\u00e9e. \u00bb Quant au chiffre d\u2019affaires des quelque 300 chalets, le secret de leurs revenus est bien gard\u00e9, mais alimente toutes les sp\u00e9culations.<\/p>\n<p>La collectivit\u00e9 n\u2019est pas en reste, elle per\u00e7oit durant cette p\u00e9riode 900 000 euros de taxe de s\u00e9jour, m\u00eame si de nombreux visiteurs log\u00e9s chez leurs proches \u00e9chappent \u00e0 la taxation. Quant aux redevances sur les droits de place des exposants des chalets, elles rapportent un million d\u2019euros \u00e0 la collectivit\u00e9.<\/p>\n<p>Pas suffisant toutefois pour trouver l\u2018\u00e9quilibre avec le co\u00fbt de l\u2019organisation du march\u00e9 de No\u00ebl, estim\u00e9 entre 5 et 6 millions d\u2019euros, \u00e0 la charge de la Ville et de la m\u00e9tropole. \u00ab On n\u2019organise pas ce march\u00e9 pour sa rentabilit\u00e9, mais pour l\u2019int\u00e9r\u00eat g\u00e9n\u00e9ral \u00bb, pose Jo\u00ebl Steffen. Et son attractivit\u00e9, qui ne se d\u00e9ment pas.<\/p>\n","protected":false},"excerpt":{"rendered":"Juteux comme le vin chaud, le business du march\u00e9 de No\u00ebl \u00e0 Strasbourg ? S\u2019il est l\u2019un des&hellip;\n","protected":false},"author":2,"featured_media":598518,"comment_status":"","ping_status":"","sticky":false,"template":"","format":"standard","meta":{"footnotes":""},"categories":[2820],"tags":[1111,11,2389,1687,2880,1777,674,107,1011,27,775,12,15830,25,104,640,2879],"class_list":{"0":"post-598517","1":"post","2":"type-post","3":"status-publish","4":"format-standard","5":"has-post-thumbnail","7":"category-strasbourg","8":"tag-actu","9":"tag-actualites","10":"tag-alsace","11":"tag-culture-loisirs","12":"tag-edition-strasbourg","13":"tag-eu","14":"tag-europe","15":"tag-fil-info","16":"tag-fr","17":"tag-france","18":"tag-grand-est","19":"tag-news","20":"tag-noel","21":"tag-republique-francaise","22":"tag-societe","23":"tag-strasbourg","24":"tag-strasbourg-ville"},"share_on_mastodon":{"url":"https:\/\/pubeurope.com\/@fr\/115717535550294785","error":""},"_links":{"self":[{"href":"https:\/\/www.europesays.com\/fr\/wp-json\/wp\/v2\/posts\/598517","targetHints":{"allow":["GET"]}}],"collection":[{"href":"https:\/\/www.europesays.com\/fr\/wp-json\/wp\/v2\/posts"}],"about":[{"href":"https:\/\/www.europesays.com\/fr\/wp-json\/wp\/v2\/types\/post"}],"author":[{"embeddable":true,"href":"https:\/\/www.europesays.com\/fr\/wp-json\/wp\/v2\/users\/2"}],"replies":[{"embeddable":true,"href":"https:\/\/www.europesays.com\/fr\/wp-json\/wp\/v2\/comments?post=598517"}],"version-history":[{"count":0,"href":"https:\/\/www.europesays.com\/fr\/wp-json\/wp\/v2\/posts\/598517\/revisions"}],"wp:featuredmedia":[{"embeddable":true,"href":"https:\/\/www.europesays.com\/fr\/wp-json\/wp\/v2\/media\/598518"}],"wp:attachment":[{"href":"https:\/\/www.europesays.com\/fr\/wp-json\/wp\/v2\/media?parent=598517"}],"wp:term":[{"taxonomy":"category","embeddable":true,"href":"https:\/\/www.europesays.com\/fr\/wp-json\/wp\/v2\/categories?post=598517"},{"taxonomy":"post_tag","embeddable":true,"href":"https:\/\/www.europesays.com\/fr\/wp-json\/wp\/v2\/tags?post=598517"}],"curies":[{"name":"wp","href":"https:\/\/api.w.org\/{rel}","templated":true}]}}