{"id":598519,"date":"2025-12-14T10:50:26","date_gmt":"2025-12-14T10:50:26","guid":{"rendered":"https:\/\/www.europesays.com\/fr\/598519\/"},"modified":"2025-12-14T10:50:26","modified_gmt":"2025-12-14T10:50:26","slug":"ligue-1-le-racing-club-de-strasbourg-sait-il-encore-gagner-en-championnat-suivez-en-direct-le-match-contre-lorient-17h15","status":"publish","type":"post","link":"https:\/\/www.europesays.com\/fr\/598519\/","title":{"rendered":"Ligue 1. Le Racing Club de Strasbourg sait-il encore gagner en championnat\u00a0? Suivez en direct le match contre Lorient (17h15)"},"content":{"rendered":"<p>Avec trois petits points pris lors des cinq derni\u00e8res journ\u00e9es de Ligue 1, les Strasbourgeois n&rsquo;avancent plus. Pire, ils reculent dans la course aux premi\u00e8res places. La r\u00e9ception de Lorient, ce dimanche \u00e0 la Meinau (17h15), doit permettre de relancer une dynamique. La rencontre est \u00e0 suivre en direct et en int\u00e9gralit\u00e9.<\/p>\n<p>&#13;<br \/>\n              Thibaut Gagnepain &#8211; &#13;<br \/>\n        &#13;<br \/>\n          Aujourd&rsquo;hui \u00e0 11:15&#13;<br \/>\n    &#13;<br \/>\n        &#8211; Temps de lecture : &#13;<br \/>\n  &#13;\n<\/p>\n<p>                        &#13;<br \/>\n    &#13;<br \/>\n    &#13;<br \/>\n    <a href=\"https:\/\/cdn-s-www.dna.fr\/images\/0521E4C8-E70D-4CDA-B4A3-98B4F4B7C52D\/NW_raw\/julio-enciso-et-le-racing-doivent-redresser-la-barre-en-championnat-photo-jean-marc-loos-1765657775.jpg\" title=\"Julio Enciso et le Racing doivent redresser la barre en championnat. Photo\u00a0Jean-Marc Loos\" class=\"chocolat-image GA-tracking\" data-ga_type=\"click\" data-ga_category=\"D\u00e9tail\" data-ga_action=\"zoomer\" data-ga_label=\"aggrandir image\" target=\"_blank\" rel=\"noopener\">&#13;<br \/>\n        <img src=\"https:\/\/www.europesays.com\/fr\/wp-content\/uploads\/2025\/12\/julio-enciso-et-le-racing-doivent-redresser-la-barre-en-championnat-photo-jean-marc-loos-1765657775..jpeg\"   alt=\"Julio Enciso et le Racing doivent redresser la barre en championnat. Photo\u00a0Jean-Marc Loos\" fetchpriority=\"high\" decoding=\"async\" data-mobile=\"NW_detail_M|1765657775\" data-base=\"NW_detail|1765657775\"\/>&#13;<br \/>\n    <\/a>&#13;<\/p>\n<p>Julio Enciso et le Racing doivent redresser la barre en championnat. Photo\u00a0Jean-Marc Loos<\/p>\n","protected":false},"excerpt":{"rendered":"Avec trois petits points pris lors des cinq derni\u00e8res journ\u00e9es de Ligue 1, les Strasbourgeois n&rsquo;avancent plus. Pire,&hellip;\n","protected":false},"author":2,"featured_media":598520,"comment_status":"","ping_status":"","sticky":false,"template":"","format":"standard","meta":{"footnotes":""},"categories":[2820],"tags":[328,1111,11,2389,2649,3545,1777,674,1011,27,329,775,3544,12,41281,25,517,640],"class_list":{"0":"post-598519","1":"post","2":"type-post","3":"status-publish","4":"format-standard","5":"has-post-thumbnail","7":"category-strasbourg","8":"tag-a-la-une","9":"tag-actu","10":"tag-actualites","11":"tag-alsace","12":"tag-bas-rhin","13":"tag-direct-sport","14":"tag-eu","15":"tag-europe","16":"tag-fr","17":"tag-france","18":"tag-france-monde","19":"tag-grand-est","20":"tag-matchs-en-direct","21":"tag-news","22":"tag-racing-club-strasbourg-masculin","23":"tag-republique-francaise","24":"tag-sport","25":"tag-strasbourg"},"share_on_mastodon":{"url":"https:\/\/pubeurope.com\/@fr\/115717540120497534","error":""},"_links":{"self":[{"href":"https:\/\/www.europesays.com\/fr\/wp-json\/wp\/v2\/posts\/598519","targetHints":{"allow":["GET"]}}],"collection":[{"href":"https:\/\/www.europesays.com\/fr\/wp-json\/wp\/v2\/posts"}],"about":[{"href":"https:\/\/www.europesays.com\/fr\/wp-json\/wp\/v2\/types\/post"}],"author":[{"embeddable":true,"href":"https:\/\/www.europesays.com\/fr\/wp-json\/wp\/v2\/users\/2"}],"replies":[{"embeddable":true,"href":"https:\/\/www.europesays.com\/fr\/wp-json\/wp\/v2\/comments?post=598519"}],"version-history":[{"count":0,"href":"https:\/\/www.europesays.com\/fr\/wp-json\/wp\/v2\/posts\/598519\/revisions"}],"wp:featuredmedia":[{"embeddable":true,"href":"https:\/\/www.europesays.com\/fr\/wp-json\/wp\/v2\/media\/598520"}],"wp:attachment":[{"href":"https:\/\/www.europesays.com\/fr\/wp-json\/wp\/v2\/media?parent=598519"}],"wp:term":[{"taxonomy":"category","embeddable":true,"href":"https:\/\/www.europesays.com\/fr\/wp-json\/wp\/v2\/categories?post=598519"},{"taxonomy":"post_tag","embeddable":true,"href":"https:\/\/www.europesays.com\/fr\/wp-json\/wp\/v2\/tags?post=598519"}],"curies":[{"name":"wp","href":"https:\/\/api.w.org\/{rel}","templated":true}]}}