{"id":598525,"date":"2025-12-14T10:54:13","date_gmt":"2025-12-14T10:54:13","guid":{"rendered":"https:\/\/www.europesays.com\/fr\/598525\/"},"modified":"2025-12-14T10:54:13","modified_gmt":"2025-12-14T10:54:13","slug":"ce-nouveau-restaurant-cuisine-des-burgers-en-forme-dovnis","status":"publish","type":"post","link":"https:\/\/www.europesays.com\/fr\/598525\/","title":{"rendered":"ce nouveau restaurant cuisine des burgers en forme d\u2019ovnis"},"content":{"rendered":"<p>                    Par<br \/>\n        <strong><br \/>\n            <a href=\"https:\/\/actu.fr\/auteur\/thomas-bernard\" title=\"Consulter tous les articles de Thomas Bernard\" target=\"_blank\" rel=\"noopener\">Thomas Bernard<\/a><br \/>\n                    <\/strong><\/p>\n<p>        Publi\u00e9 le<\/p>\n<p>            14 d\u00e9c. 2025 \u00e0 11h16        <\/p>\n<p>\u00c0 quelques m\u00e8tres de la Cit\u00e9 des Congr\u00e8s, une nouvelle adresse a ouvert ses portes depuis le mois d\u2019octobre. En p\u00e9n\u00e9trant dans les lieux, le visiteur remarque une combinaison d\u2019astronaute et un casque de cosmonaute. \u00c0 Nantes, vous ne ferez pas \u00ab\u2009un petit pas pour l\u2019homme, un pas de g\u00e9ant pour l\u2019humanit\u00e9\u2009\u00bb mais plut\u00f4t \u00ab\u2009un petit pas pour l\u2019homme et un grand pas vers l\u2019app\u00e9tit\u2009\u00bb.<\/p>\n<p class=\" wall-content\">Bienvenue chez <a href=\"https:\/\/www.instagram.com\/__moonstation__\/\" target=\"_blank\" rel=\"noopener\">Moon Station<\/a>, le nouveau lieu de restauration rapide, situ\u00e9 rue de Mayence. Une adresse atypique o\u00f9 <b>les burgers sont en forme de soucoupe volante, plus pr\u00e9cis\u00e9ment \u00ab\u2009scell\u00e9s\u2009\u00bb<\/b>. Un lieu dirig\u00e9 par Paul Tavenier. D\u00e9couverte de ces objets gourmands non identifi\u00e9s.<\/p>\n<p>Des burgers \u00e0 d\u00e9guster sans se salir<\/p>\n<p class=\" wall-content\">\u00c0 d\u00e9faut de proposer une vir\u00e9e dans l\u2019espace, Paul Tavenier et son \u00e9quipe invitent leurs clients vers un voyage gourmand. Pour ce faire, la carte propose cinq burgers\u2009: <b>Apollo, Galactick, Stardust, Orion, Milky Way<\/b>. Traduction des sandwichs classique, \u00e9pic\u00e9, sucr\u00e9 et sal\u00e9, fra\u00eecheur et fromager. \u00ab\u2009L\u2019id\u00e9e, c\u2019est de garder ces m\u00eames familles et apr\u00e8s d\u2019aller changer les recettes en fonction des saisons\u2009\u00bb, pr\u00e9cise Paul. C\u00f4t\u00e9 tarif, les prix varient de 8,50\u00a0euros \u00e0 10,50\u00a0euros le sandwich, et de 12,90\u00a0euros \u00e0 14,50\u00a0euros en formule.<\/p>\n<p class=\" wall-content\"><a href=\"https:\/\/www.instagram.com\/p\/DQMoH7YgsqB\/embed\" title=\"Ouvrir le lien sur Instagram\" target=\"_blank\" rel=\"noopener\">Visualiser le contenu sur Instagram<\/a><\/p>\n<p class=\" wall-content\">C\u2019est en \u00ab\u2009scrollant\u2009\u00bb sur Instagram que le chef d\u2019entreprise de 34\u00a0ans trouve le concept de burgers scell\u00e9s. Il s\u2019inspire d\u2019UFO Burgers, une cha\u00eene sp\u00e9cialis\u00e9e en Cor\u00e9e du Sud.<\/p>\n<p class=\" wall-content\">\u00ab\u2009Il (le burger scell\u00e9, N.D.L.R.) a un c\u00f4t\u00e9 hyper pratique, parce qu\u2019il permet de manger sans se salir les mains. <b>Du moins sans trop se salir les mains. Il permet aussi de bien garder les ingr\u00e9dients chauds<\/b>. Pour de la vente \u00e0 emporter, c\u2019est plut\u00f4t top (sic). Pour le c\u00f4t\u00e9 marketing, on peut aussi apposer sa marque sur le pain\u2009\u00bb, d\u00e9crit Paul Tavenier.<\/p>\n<p class=\" wall-content\">\u00c0 date, c\u2019est le premier restaurant \u00e0 proposer ces sandwichs dans la cit\u00e9 des ducs de Bretagne.<\/p>\n<p>Votre r\u00e9gion, votre actu !<\/p>\n<p>Recevez chaque jour les infos qui comptent pour vous.<\/p>\n<p>\t<a href=\"https:\/\/actu.fr\/newsletter\" class=\"ac-btn ac-btn--corner ac-btn--medium ac-btn--blue800\" target=\"_blank\" rel=\"noopener\">S&rsquo;incrire<\/a><br \/>\n20\u00a0ans dans la restauration<\/p>\n<p class=\" wall-content\">Paul est dans le milieu de la restauration depuis plus de 20\u00a0ans. Apr\u00e8s une formation en h\u00f4tellerie-restauration, le Parisien encha\u00eene plusieurs exp\u00e9riences. \u00ab\u2009J\u2019ai fait cuisinier, serveur, plongeur, gouvernant, \u00e0 peu pr\u00e8s tous les corps de m\u00e9tier d\u2019un h\u00f4tel ou d\u2019un restaurant\u2009\u00bb, \u00e9num\u00e8re le g\u00e9rant. Apr\u00e8s une reprise d\u2019\u00e9tudes, l\u2019entrepreneur s\u2019oriente sur la gestion financi\u00e8re d\u2019\u00e9tablissement.<\/p>\n<p class=\" wall-content\">Apr\u00e8s le Covid et avant de se lancer seul, Paul a \u00e9t\u00e9 responsable financier chez O\u2019Tacos ou Berlin 1989.<\/p>\n<p class=\" wall-content\">\u00ab\u2009J\u2019avais le sentiment d\u2019avoir fait un peu le tour dans le domaine, et puis je voulais surtout me mettre \u00e0 mon compte\u2009\u00bb, confie Paul. Il d\u00e9cide alors de lancer la fus\u00e9e Moon Station. Avant d\u2019atterrir, le g\u00e9rant passe 18\u00a0mois \u00e0 construire et finaliser le projet.<\/p>\n<p class=\" wall-content\">Aujourd\u2019hui, <b>cinq personnes sont salari\u00e9es<\/b> au sein de Moon Station. Depuis l\u2019ouverture en octobre dernier, l\u2019activit\u00e9 a du mal \u00e0 d\u00e9coller. \u00ab\u2009La semaine prochaine, \u00e7a fera huit semaines. Je suis toujours content. Apr\u00e8s, forc\u00e9ment un peu d\u00e9\u00e7u que l\u2019activit\u00e9 soit si lente, \u00e0 se mettre en place. On part de tellement loin que la croissance est longue et fastidieuse\u2009\u00bb, regrette Paul.<\/p>\n<p>Infos pratiques\u2009:<br \/>Moon Station, 8 rue de Mayence, Nantes<br \/>Ouvert du lundi au samedi.<br \/>Horaires\u2009: 9\u2009h-14h du lundi au mardi, 9\u2009h-14\u2009h et 18\u2009h-20\u2009h\u200930 le mercredi, 9\u2009h-20\u2009h\u200930 le jeudi et vendredi, 17\u2009h\u200930-20\u2009h\u200930 le samedi.<\/p>\n<p class=\" wall-content\">Personnalisez votre actualit\u00e9 en ajoutant vos villes et m\u00e9dias en favori avec <a href=\"https:\/\/moncompte.actu.fr\" title=\"D\u00e9couvez Mon Actu\" rel=\"nofollow noopener\" data-trk=\"{&quot;cta&quot;:{&quot;action&quot;:&quot;https:\\\/\\\/moncompte.actu.fr&quot;,&quot;category&quot;:&quot;mon compte&quot;,&quot;from&quot;:&quot;article footer&quot;,&quot;name&quot;:&quot;Mon actu&quot;,&quot;type&quot;:&quot;cta&quot;}}\" target=\"_blank\">Mon Actu<\/a>.<\/p>\n<p>                    <script async src=\"\/\/www.instagram.com\/embed.js\"><\/script><\/p>\n","protected":false},"excerpt":{"rendered":"Par Thomas Bernard Publi\u00e9 le 14 d\u00e9c. 2025 \u00e0 11h16 \u00c0 quelques m\u00e8tres de la Cit\u00e9 des Congr\u00e8s,&hellip;\n","protected":false},"author":2,"featured_media":598526,"comment_status":"","ping_status":"","sticky":false,"template":"","format":"standard","meta":{"footnotes":""},"categories":[2818],"tags":[1111,11,215,1777,674,1011,27,766,12,3147,2636,25,1340,104],"class_list":{"0":"post-598525","1":"post","2":"type-post","3":"status-publish","4":"format-standard","5":"has-post-thumbnail","7":"category-nantes","8":"tag-actu","9":"tag-actualites","10":"tag-commerce","11":"tag-eu","12":"tag-europe","13":"tag-fr","14":"tag-france","15":"tag-nantes","16":"tag-news","17":"tag-nouveaux-commerces","18":"tag-pays-de-la-loire","19":"tag-republique-francaise","20":"tag-restaurant","21":"tag-societe"},"share_on_mastodon":{"url":"https:\/\/pubeurope.com\/@fr\/115717555400797461","error":""},"_links":{"self":[{"href":"https:\/\/www.europesays.com\/fr\/wp-json\/wp\/v2\/posts\/598525","targetHints":{"allow":["GET"]}}],"collection":[{"href":"https:\/\/www.europesays.com\/fr\/wp-json\/wp\/v2\/posts"}],"about":[{"href":"https:\/\/www.europesays.com\/fr\/wp-json\/wp\/v2\/types\/post"}],"author":[{"embeddable":true,"href":"https:\/\/www.europesays.com\/fr\/wp-json\/wp\/v2\/users\/2"}],"replies":[{"embeddable":true,"href":"https:\/\/www.europesays.com\/fr\/wp-json\/wp\/v2\/comments?post=598525"}],"version-history":[{"count":0,"href":"https:\/\/www.europesays.com\/fr\/wp-json\/wp\/v2\/posts\/598525\/revisions"}],"wp:featuredmedia":[{"embeddable":true,"href":"https:\/\/www.europesays.com\/fr\/wp-json\/wp\/v2\/media\/598526"}],"wp:attachment":[{"href":"https:\/\/www.europesays.com\/fr\/wp-json\/wp\/v2\/media?parent=598525"}],"wp:term":[{"taxonomy":"category","embeddable":true,"href":"https:\/\/www.europesays.com\/fr\/wp-json\/wp\/v2\/categories?post=598525"},{"taxonomy":"post_tag","embeddable":true,"href":"https:\/\/www.europesays.com\/fr\/wp-json\/wp\/v2\/tags?post=598525"}],"curies":[{"name":"wp","href":"https:\/\/api.w.org\/{rel}","templated":true}]}}