{"id":598527,"date":"2025-12-14T10:55:25","date_gmt":"2025-12-14T10:55:25","guid":{"rendered":"https:\/\/www.europesays.com\/fr\/598527\/"},"modified":"2025-12-14T10:55:25","modified_gmt":"2025-12-14T10:55:25","slug":"paul-pogba-en-defense-centrale-le-pari-fou","status":"publish","type":"post","link":"https:\/\/www.europesays.com\/fr\/598527\/","title":{"rendered":"Paul Pogba en d\u00e9fense centrale, le pari fou"},"content":{"rendered":"<p><b>Tout va mal au FC Nantes ou presque. Avant-derniers de <a href=\"https:\/\/www.foot01.com\/ligue1\" title=\"Ligue 1\" target=\"_blank\" rel=\"noopener\">Ligue 1<\/a>, les Canaris ont un effectif trop faible. L&rsquo;une des rares exceptions s&rsquo;appelle Tylel Tati, \u00e9patant d\u00e9fenseur de 17 ans. Pourtant, il n&rsquo;\u00e9volue m\u00eame pas \u00e0 son poste pr\u00e9f\u00e9rentiel.<\/b>Le <a href=\"https:\/\/www.foot01.com\/nantes\" target=\"_self\" rel=\"noopener\">FC Nantes<\/a> va passer les f\u00eates la t\u00eate dans le seau. Ecras\u00e9 4-1 par Angers vendredi soir, le FCN est 17e et avant-dernier de Ligue 1 avec 11 maigres points. Vainqueur de 2 matchs seulement cette saison, l&rsquo;octuple champion de France n&rsquo;est clairement pas au niveau. Le mercato hivernal est attendu avec impatience pour renforcer l&rsquo;un des effectifs les plus faibles du championnat. Les joueurs fiables ne sont pas l\u00e9gion dans le groupe dirig\u00e9 par Ahmed Kantari. On peut citer Anthony Lopes, Matthis Abline ou encore Tylel Tati.Tylel Tati est un milieu en or<\/p>\n<p>Ce dernier s&rsquo;est rapidement fait une place dans le onze titulaire \u00e0 17 ans seulement. Tr\u00e8s mature pour son \u00e2ge, Tati fait d\u00e9j\u00e0 saliver les plus grands clubs europ\u00e9ens qui r\u00eavent de l&rsquo;ajouter \u00e0 leur secteur d\u00e9fensif. Toutefois, leur analyse est fauss\u00e9e car le joueur nantais n&rsquo;\u00e9volue pas \u00e0 son poste de pr\u00e9dilection. C&rsquo;est ce qu&rsquo;a r\u00e9v\u00e9l\u00e9 son p\u00e8re Sambou dans l&rsquo;\u00e9mission 100% Foot, Farid &amp; Co. Tylel Tati est en r\u00e9alit\u00e9 plus performant dans la peau d&rsquo;un milieu de terrain.<\/p>\n<\/p>\n<p>\u00ab Milieu, il est tr\u00e8s fort ! D\u00e9fenseur, il est bon aussi, mais<br \/>\ntechniquement, il a vraiment le profil d\u2019un milieu de terrain.<br \/>\nApr\u00e8s, il doit encore travailler la partie d\u00e9fensive, bien la<br \/>\nma\u00eetriser. Il fait ce qu\u2019il faut, mais il doit progresser. Il est<br \/>\nencore en apprentissage \u00bb, a l\u00e2ch\u00e9 celui qui pr\u00e9side l&rsquo;US Roissy-en-Brie. C&rsquo;est le club formateur de son fils et d&rsquo;un certain Paul Pogba, mod\u00e8le assum\u00e9 du d\u00e9fenseur nantais avec le Mon\u00e9gasque Denis Zakaria. Ahmed Kantari doit profiter de cette polyvalence pour changer le visage du FC Nantes. Avec un Tylel Tati repositionn\u00e9 dans l&rsquo;entrejeu, les Canaris poss\u00e8dent peut-\u00eatre la cl\u00e9 de leur futur maintien en Ligue 1.<\/p>\n<p><img decoding=\"async\" src=\"https:\/\/www.europesays.com\/fr\/wp-content\/uploads\/2025\/10\/placeholder.png\" alt=\"T. Tati\" class=\"w-16 h-16 object-cover rounded-full\"\/><\/p>\n<p>T. Tati<\/p>\n<p><img decoding=\"async\" src=\"https:\/\/www.europesays.com\/fr\/wp-content\/uploads\/2025\/09\/fr.png\" alt=\"France\" class=\"w-6 h-4 object-cover\"\/>France \u2022 \u00c2ge 17 \u2022 D\u00e9fenseur<\/p>\n","protected":false},"excerpt":{"rendered":"Tout va mal au FC Nantes ou presque. Avant-derniers de Ligue 1, les Canaris ont un effectif trop&hellip;\n","protected":false},"author":2,"featured_media":598528,"comment_status":"","ping_status":"","sticky":false,"template":"","format":"standard","meta":{"footnotes":""},"categories":[2818],"tags":[1111,11,1777,674,462,1011,27,66,766,12,2636,25],"class_list":{"0":"post-598527","1":"post","2":"type-post","3":"status-publish","4":"format-standard","5":"has-post-thumbnail","7":"category-nantes","8":"tag-actu","9":"tag-actualites","10":"tag-eu","11":"tag-europe","12":"tag-fc-nantes","13":"tag-fr","14":"tag-france","15":"tag-ligue-1","16":"tag-nantes","17":"tag-news","18":"tag-pays-de-la-loire","19":"tag-republique-francaise"},"share_on_mastodon":{"url":"https:\/\/pubeurope.com\/@fr\/115717559917007134","error":""},"_links":{"self":[{"href":"https:\/\/www.europesays.com\/fr\/wp-json\/wp\/v2\/posts\/598527","targetHints":{"allow":["GET"]}}],"collection":[{"href":"https:\/\/www.europesays.com\/fr\/wp-json\/wp\/v2\/posts"}],"about":[{"href":"https:\/\/www.europesays.com\/fr\/wp-json\/wp\/v2\/types\/post"}],"author":[{"embeddable":true,"href":"https:\/\/www.europesays.com\/fr\/wp-json\/wp\/v2\/users\/2"}],"replies":[{"embeddable":true,"href":"https:\/\/www.europesays.com\/fr\/wp-json\/wp\/v2\/comments?post=598527"}],"version-history":[{"count":0,"href":"https:\/\/www.europesays.com\/fr\/wp-json\/wp\/v2\/posts\/598527\/revisions"}],"wp:featuredmedia":[{"embeddable":true,"href":"https:\/\/www.europesays.com\/fr\/wp-json\/wp\/v2\/media\/598528"}],"wp:attachment":[{"href":"https:\/\/www.europesays.com\/fr\/wp-json\/wp\/v2\/media?parent=598527"}],"wp:term":[{"taxonomy":"category","embeddable":true,"href":"https:\/\/www.europesays.com\/fr\/wp-json\/wp\/v2\/categories?post=598527"},{"taxonomy":"post_tag","embeddable":true,"href":"https:\/\/www.europesays.com\/fr\/wp-json\/wp\/v2\/tags?post=598527"}],"curies":[{"name":"wp","href":"https:\/\/api.w.org\/{rel}","templated":true}]}}