{"id":598529,"date":"2025-12-14T10:56:11","date_gmt":"2025-12-14T10:56:11","guid":{"rendered":"https:\/\/www.europesays.com\/fr\/598529\/"},"modified":"2025-12-14T10:56:11","modified_gmt":"2025-12-14T10:56:11","slug":"50-exposants-ont-anime-le-marche-de-noel","status":"publish","type":"post","link":"https:\/\/www.europesays.com\/fr\/598529\/","title":{"rendered":"50 exposants ont anim\u00e9 le march\u00e9 de No\u00ebl"},"content":{"rendered":"<p>Diverses animations \u00e9taient propos\u00e9es pour les enfants\u00a0: chasse aux lutins, bo\u00eete \u00e0 lettres du P\u00e8re No\u00ebl, ateliers carte de v\u0153ux, man\u00e8ge, etc. Des s\u00e9ances de cin\u00e9ma \u00e9taient aussi organis\u00e9es pour les enfants. Le P\u00e8re No\u00ebl a fait plusieurs visites qui ont permis aux petits de faire des photos en sa compagnie. Certains ont m\u00eame particip\u00e9 au concours du plus beau pull de No\u00ebl. Des stands de petite restauration, boissons chaudes et cinq foodtrucks \u00e9taient pr\u00e9vus pour se r\u00e9chauffer.<\/p>\n","protected":false},"excerpt":{"rendered":"Diverses animations \u00e9taient propos\u00e9es pour les enfants\u00a0: chasse aux lutins, bo\u00eete \u00e0 lettres du P\u00e8re No\u00ebl, ateliers carte&hellip;\n","protected":false},"author":2,"featured_media":598530,"comment_status":"","ping_status":"","sticky":false,"template":"","format":"standard","meta":{"footnotes":""},"categories":[2817],"tags":[1111,11,1997,1777,674,1011,27,12,2219,25],"class_list":{"0":"post-598529","1":"post","2":"type-post","3":"status-publish","4":"format-standard","5":"has-post-thumbnail","7":"category-bordeaux","8":"tag-actu","9":"tag-actualites","10":"tag-bordeaux","11":"tag-eu","12":"tag-europe","13":"tag-fr","14":"tag-france","15":"tag-news","16":"tag-nouvelle-aquitaine","17":"tag-republique-francaise"},"share_on_mastodon":{"url":"https:\/\/pubeurope.com\/@fr\/115717563050037061","error":""},"_links":{"self":[{"href":"https:\/\/www.europesays.com\/fr\/wp-json\/wp\/v2\/posts\/598529","targetHints":{"allow":["GET"]}}],"collection":[{"href":"https:\/\/www.europesays.com\/fr\/wp-json\/wp\/v2\/posts"}],"about":[{"href":"https:\/\/www.europesays.com\/fr\/wp-json\/wp\/v2\/types\/post"}],"author":[{"embeddable":true,"href":"https:\/\/www.europesays.com\/fr\/wp-json\/wp\/v2\/users\/2"}],"replies":[{"embeddable":true,"href":"https:\/\/www.europesays.com\/fr\/wp-json\/wp\/v2\/comments?post=598529"}],"version-history":[{"count":0,"href":"https:\/\/www.europesays.com\/fr\/wp-json\/wp\/v2\/posts\/598529\/revisions"}],"wp:featuredmedia":[{"embeddable":true,"href":"https:\/\/www.europesays.com\/fr\/wp-json\/wp\/v2\/media\/598530"}],"wp:attachment":[{"href":"https:\/\/www.europesays.com\/fr\/wp-json\/wp\/v2\/media?parent=598529"}],"wp:term":[{"taxonomy":"category","embeddable":true,"href":"https:\/\/www.europesays.com\/fr\/wp-json\/wp\/v2\/categories?post=598529"},{"taxonomy":"post_tag","embeddable":true,"href":"https:\/\/www.europesays.com\/fr\/wp-json\/wp\/v2\/tags?post=598529"}],"curies":[{"name":"wp","href":"https:\/\/api.w.org\/{rel}","templated":true}]}}