{"id":598539,"date":"2025-12-14T11:03:10","date_gmt":"2025-12-14T11:03:10","guid":{"rendered":"https:\/\/www.europesays.com\/fr\/598539\/"},"modified":"2025-12-14T11:03:10","modified_gmt":"2025-12-14T11:03:10","slug":"rtm-avec-ses-236-marches-cette-station-de-metro-de-marseille-a-les-plus-grands-escalators-du-reseau","status":"publish","type":"post","link":"https:\/\/www.europesays.com\/fr\/598539\/","title":{"rendered":"RTM. Avec ses 236 marches, cette station de m\u00e9tro de Marseille a les plus grands escalators du r\u00e9seau"},"content":{"rendered":"<p>                    Par<br \/>\n        <strong><br \/>\n            <a href=\"https:\/\/actu.fr\/auteur\/thibault-nadal-actu-fr\" title=\"Consulter tous les articles de Thibault Nadal\" target=\"_blank\" rel=\"noopener\">Thibault Nadal<\/a><br \/>\n                    <\/strong><\/p>\n<p>        Publi\u00e9 le<\/p>\n<p>            14 d\u00e9c. 2025 \u00e0 10h46        <\/p>\n<p>Elles peuvent repr\u00e9senter une alternative pour des sportifs en recherche de d\u00e9nivel\u00e9, sans se d\u00e9placer tr\u00e8s loin. \u00c0 <a href=\"https:\/\/actu.fr\/marseille\/\" target=\"_blank\" rel=\"noopener\">Marseille<\/a>, certaines stations de <a href=\"https:\/\/actu.fr\/tag\/metro-de-marseille\" target=\"_blank\" rel=\"noopener\">m\u00e9tro<\/a> sont bien enfouies sous terre, ce qui a oblig\u00e9 la <a href=\"https:\/\/actu.fr\/tag\/rtm\" target=\"_blank\" rel=\"noopener\">RTM<\/a> \u00e0 construire d\u2019imposants escaliers m\u00e9caniques pour revenir \u00e0 la surface.<\/p>\n<p class=\" wall-content\">Mais un est plus imposant que les autres.<\/p>\n<p>La gare Saint-Charles devant d\u2019une courte marche<\/p>\n<p class=\" wall-content\">En arrivant \u00e0 <a href=\"https:\/\/actu.fr\/tag\/gare-saint-charles\" target=\"_blank\" rel=\"noopener\">la gare Saint-Charles<\/a>, deux solutions s\u2019offrent \u00e0 vous\u2009: aller profiter d\u2019une vue directe sur <a href=\"https:\/\/actu.fr\/tag\/notre-dame-de-la-garde\" target=\"_blank\" rel=\"noopener\">la \u00ab\u2009Bonne M\u00e8re\u2009\u00bb<\/a> depuis le parvis ou alors s\u2019engouffrer directement dans le m\u00e9tro. Mais avant d\u2019arriver sur les quais, il faut descendre les <strong>236 marches<\/strong> (pour un d\u00e9nivel\u00e9 de 21,37 m\u00e8tres) r\u00e9parties sur trois escaliers m\u00e9caniques.<\/p>\n<p class=\" wall-content\">Station la plus fr\u00e9quent\u00e9e du r\u00e9seau, <a href=\"https:\/\/actu.fr\/provence-alpes-cote-d-azur\/marseille_13055\/marseille-quel-avenir-pour-la-gare-saint-charles-les-habitants-invites-a-donner-leur-avis_62755612.html\" target=\"_blank\" rel=\"noopener\">Saint-Charles<\/a> a subi (et va continuer de subir) d\u2019importants <a href=\"https:\/\/actu.fr\/tag\/travaux\" target=\"_blank\" rel=\"noopener\">travaux<\/a>. En 2023, <a href=\"https:\/\/actu.fr\/provence-alpes-cote-d-azur\/marseille_13055\/marseille-escalators-de-la-gare-saint-charles-voici-la-date-de-reouverture_59791525.html\" target=\"_blank\" rel=\"noopener\">deux escalators ont \u00e9t\u00e9 remplac\u00e9s et un a \u00e9t\u00e9 cr\u00e9\u00e9<\/a>, n\u00e9cessitant <strong>six mois de fermeture<\/strong>.<\/p>\n<p class=\" wall-content\">Cette r\u00e9novation s\u2019inscrit \u00e9galement dans le vaste projet de refontes des stations de m\u00e9tro qui accompagnent son automatisation, dont <a href=\"https:\/\/actu.fr\/provence-alpes-cote-d-azur\/marseille_13055\/rtm-a-marseille-la-livraison-des-nouvelles-rames-de-metro-retardee-martine-vassal-s-explique_63517510.html\" target=\"_blank\" rel=\"noopener\">les premi\u00e8res rames doivent \u00eatre livr\u00e9es en 2026<\/a>. Ce chantier fait d\u2019ailleurs <a href=\"https:\/\/actu.fr\/provence-alpes-cote-d-azur\/marseille_13055\/rtm-a-marseille-ils-s-opposent-aux-travaux-moches-dans-le-metro-une-disparition-du-patrimoine_63339927.html\" target=\"_blank\" rel=\"noopener\">l\u2019objet de vives critiques<\/a>\u2009: certains accusent la RTM de <strong>saccager le patrimoine architectural<\/strong>.<\/p>\n<p>Notre-Dame-du-Mont et Estrangin compl\u00e8tent le podium<\/p>\n<p class=\" wall-content\">Mais la station Saint-Charles aurait pu se faire souffler sa premi\u00e8re place par une station situ\u00e9e \u00e0 quelques kilom\u00e8tres, sur le Cours Julien pr\u00e9cis\u00e9ment.<\/p>\n<p class=\" wall-content\">Les deux escaliers de Notre-Dame-du-Mont sur la ligne 2 totalisent <strong>220 marches<\/strong> (avec un d\u00e9nivel\u00e9 de 20,43 m\u00e8tres), juste devant la station <a href=\"https:\/\/actu.fr\/provence-alpes-cote-d-azur\/marseille_13055\/marseille-cette-station-de-metro-de-la-rtm-relookee-voici-a-quoi-elle-va-ressembler_62444944.html\" target=\"_blank\" rel=\"noopener\">Estrangin<\/a> (ligne 1) qui totalise <strong>193 marches<\/strong> r\u00e9parties sur deux escaliers et un d\u00e9nivel\u00e9 de 16,91 m\u00e8tres.<\/p>\n<p class=\" wall-content\">Personnalisez votre actualit\u00e9 en ajoutant vos villes et m\u00e9dias en favori avec <a href=\"https:\/\/moncompte.actu.fr\" title=\"D\u00e9couvez Mon Actu\" rel=\"nofollow noopener\" data-trk=\"{&quot;cta&quot;:{&quot;action&quot;:&quot;https:\\\/\\\/moncompte.actu.fr&quot;,&quot;category&quot;:&quot;mon compte&quot;,&quot;from&quot;:&quot;article footer&quot;,&quot;name&quot;:&quot;Mon actu&quot;,&quot;type&quot;:&quot;cta&quot;}}\" target=\"_blank\">Mon Actu<\/a>.<\/p>\n","protected":false},"excerpt":{"rendered":"Par Thibault Nadal Publi\u00e9 le 14 d\u00e9c. 2025 \u00e0 10h46 Elles peuvent repr\u00e9senter une alternative pour des sportifs&hellip;\n","protected":false},"author":2,"featured_media":598540,"comment_status":"","ping_status":"","sticky":false,"template":"","format":"standard","meta":{"footnotes":""},"categories":[2814],"tags":[1111,11,1777,674,1011,27,884,39669,12,882,25,10783,104,2803],"class_list":{"0":"post-598539","1":"post","2":"type-post","3":"status-publish","4":"format-standard","5":"has-post-thumbnail","7":"category-marseille","8":"tag-actu","9":"tag-actualites","10":"tag-eu","11":"tag-europe","12":"tag-fr","13":"tag-france","14":"tag-marseille","15":"tag-metro-de-marseille","16":"tag-news","17":"tag-provence-alpes-cote-dazur","18":"tag-republique-francaise","19":"tag-rtm","20":"tag-societe","21":"tag-transport"},"share_on_mastodon":{"url":"https:\/\/pubeurope.com\/@fr\/115717590499489134","error":""},"_links":{"self":[{"href":"https:\/\/www.europesays.com\/fr\/wp-json\/wp\/v2\/posts\/598539","targetHints":{"allow":["GET"]}}],"collection":[{"href":"https:\/\/www.europesays.com\/fr\/wp-json\/wp\/v2\/posts"}],"about":[{"href":"https:\/\/www.europesays.com\/fr\/wp-json\/wp\/v2\/types\/post"}],"author":[{"embeddable":true,"href":"https:\/\/www.europesays.com\/fr\/wp-json\/wp\/v2\/users\/2"}],"replies":[{"embeddable":true,"href":"https:\/\/www.europesays.com\/fr\/wp-json\/wp\/v2\/comments?post=598539"}],"version-history":[{"count":0,"href":"https:\/\/www.europesays.com\/fr\/wp-json\/wp\/v2\/posts\/598539\/revisions"}],"wp:featuredmedia":[{"embeddable":true,"href":"https:\/\/www.europesays.com\/fr\/wp-json\/wp\/v2\/media\/598540"}],"wp:attachment":[{"href":"https:\/\/www.europesays.com\/fr\/wp-json\/wp\/v2\/media?parent=598539"}],"wp:term":[{"taxonomy":"category","embeddable":true,"href":"https:\/\/www.europesays.com\/fr\/wp-json\/wp\/v2\/categories?post=598539"},{"taxonomy":"post_tag","embeddable":true,"href":"https:\/\/www.europesays.com\/fr\/wp-json\/wp\/v2\/tags?post=598539"}],"curies":[{"name":"wp","href":"https:\/\/api.w.org\/{rel}","templated":true}]}}