{"id":598549,"date":"2025-12-14T11:09:13","date_gmt":"2025-12-14T11:09:13","guid":{"rendered":"https:\/\/www.europesays.com\/fr\/598549\/"},"modified":"2025-12-14T11:09:13","modified_gmt":"2025-12-14T11:09:13","slug":"je-vais-devenir-sdf-a-paris-ces-gardiens-dimmeuble-ne-peuvent-pas-prendre-leur-retraite-faute-de-logement","status":"publish","type":"post","link":"https:\/\/www.europesays.com\/fr\/598549\/","title":{"rendered":"\u00ab\u00a0Je vais devenir SDF\u00a0\u00bb\u00a0: \u00e0 Paris, ces gardiens d\u2019immeuble ne peuvent pas prendre leur retraite faute de logement"},"content":{"rendered":"<p class=\"paragraph text_align_left lp-f-body-02\">\u00c0 l\u2019int\u00e9rieur de la petite loge o\u00f9 Radhia Ben Rabah vit depuis 25 ans, tout est soigneusement rang\u00e9. Une seule pi\u00e8ce qui accueille un canap\u00e9, un lit, une t\u00e9l\u00e9vision et une table \u00e0 manger. Pas de d\u00e9coration, <a href=\"https:\/\/www.leparisien.fr\/immobilier\/gardien-d-immeuble-un-metier-en-voie-de-disparation-en-ile-de-france-06-01-2020-8229618.php\" target=\"_self\" rel=\"noopener\">la gardienne<\/a> n\u2019aime pas quand c\u2019est trop \u00ab charg\u00e9 \u00bb. \u00ab Et c\u2019est d\u00e9j\u00e0 petit, ici \u00bb, ajoute-t-elle d\u2019une voix douce avant de nous proposer un caf\u00e9.<\/p>\n<p class=\"\">Elle n\u2019en prendra pas, elle ne peut plus en boire depuis qu\u2019elle est tomb\u00e9e malade. Un go\u00fbt \u00e2cre lui reste en bouche. Radhia a aussi sorti quelques p\u00e2tisseries, joliment pos\u00e9es dans une petite assiette. Elle n\u2019y touchera pas non plus, la faute au cancer contre lequel elle se bat depuis quelques ann\u00e9es d\u00e9j\u00e0.<\/p>\n","protected":false},"excerpt":{"rendered":"\u00c0 l\u2019int\u00e9rieur de la petite loge o\u00f9 Radhia Ben Rabah vit depuis 25 ans, tout est soigneusement rang\u00e9.&hellip;\n","protected":false},"author":2,"featured_media":598550,"comment_status":"","ping_status":"","sticky":false,"template":"","format":"standard","meta":{"footnotes":""},"categories":[1888],"tags":[1111,1928,11,1927,1777,674,1011,27,1944,12,1926,626,1925,25],"class_list":{"0":"post-598549","1":"post","2":"type-post","3":"status-publish","4":"format-standard","5":"has-post-thumbnail","7":"category-paris","8":"tag-actu","9":"tag-actu-paris","10":"tag-actualites","11":"tag-actualites-paris","12":"tag-eu","13":"tag-europe","14":"tag-fr","15":"tag-france","16":"tag-ma-ville","17":"tag-news","18":"tag-news-paris","19":"tag-paris","20":"tag-paris-news","21":"tag-republique-francaise"},"share_on_mastodon":{"url":"https:\/\/pubeurope.com\/@fr\/115717614086272667","error":""},"_links":{"self":[{"href":"https:\/\/www.europesays.com\/fr\/wp-json\/wp\/v2\/posts\/598549","targetHints":{"allow":["GET"]}}],"collection":[{"href":"https:\/\/www.europesays.com\/fr\/wp-json\/wp\/v2\/posts"}],"about":[{"href":"https:\/\/www.europesays.com\/fr\/wp-json\/wp\/v2\/types\/post"}],"author":[{"embeddable":true,"href":"https:\/\/www.europesays.com\/fr\/wp-json\/wp\/v2\/users\/2"}],"replies":[{"embeddable":true,"href":"https:\/\/www.europesays.com\/fr\/wp-json\/wp\/v2\/comments?post=598549"}],"version-history":[{"count":0,"href":"https:\/\/www.europesays.com\/fr\/wp-json\/wp\/v2\/posts\/598549\/revisions"}],"wp:featuredmedia":[{"embeddable":true,"href":"https:\/\/www.europesays.com\/fr\/wp-json\/wp\/v2\/media\/598550"}],"wp:attachment":[{"href":"https:\/\/www.europesays.com\/fr\/wp-json\/wp\/v2\/media?parent=598549"}],"wp:term":[{"taxonomy":"category","embeddable":true,"href":"https:\/\/www.europesays.com\/fr\/wp-json\/wp\/v2\/categories?post=598549"},{"taxonomy":"post_tag","embeddable":true,"href":"https:\/\/www.europesays.com\/fr\/wp-json\/wp\/v2\/tags?post=598549"}],"curies":[{"name":"wp","href":"https:\/\/api.w.org\/{rel}","templated":true}]}}