{"id":598553,"date":"2025-12-14T11:11:14","date_gmt":"2025-12-14T11:11:14","guid":{"rendered":"https:\/\/www.europesays.com\/fr\/598553\/"},"modified":"2025-12-14T11:11:14","modified_gmt":"2025-12-14T11:11:14","slug":"des-billets-contre-les-dechets-a-paris-la-lutte-sans-fin-contre-la-corruption-generalisee-dans-les-dechetteries","status":"publish","type":"post","link":"https:\/\/www.europesays.com\/fr\/598553\/","title":{"rendered":"Des billets contre les d\u00e9chets\u00a0: \u00e0 Paris, la lutte sans fin contre la corruption g\u00e9n\u00e9ralis\u00e9e dans les d\u00e9chetteries"},"content":{"rendered":"<p class=\"paragraph text_align_left lp-f-body-02\">Un, deux, trois\u2026 puis jusqu\u2019\u00e0 quarante sacs blancs de gravats. En moins de trois minutes, en ce d\u00e9but d\u00e9cembre, Sergue\u00ef (tous les pr\u00e9noms ont \u00e9t\u00e9 chang\u00e9s) a vid\u00e9 son camion \u00e0 la d\u00e9chetterie de la Poterne des Peupliers (XIIIe arrondissement), l\u2019un des douze sites de collecte implant\u00e9s, souvent \u00e0 proximit\u00e9 du p\u00e9riph\u00e9rique, <a href=\"https:\/\/www.leparisien.fr\/paris-75\/ampoules-grille-pain-vetements-a-paris-une-mini-dechetterie-avale-vos-petits-encombrants-06-03-2025-LNDZXBIDJRB7ZO4P2ZGFHKIAQ4.php\" target=\"_blank\" rel=\"noreferrer nofollow noopener\">\u00e0 Paris.<\/a><\/p>\n<p class=\"\">Cet artisan qui travaille dans le BTP vient tout juste de finir un chantier. Et plut\u00f4t que d\u2019aller, comme l\u2019exige la loi, <a href=\"https:\/\/www.leparisien.fr\/essonne-91\/dechets-du-btp-une-nouvelle-plate-forme-geante-de-recyclage-ouverte-en-essonne-13-10-2025-HPWZB7IDOZHYTCIF26THZCHZXI.php\" target=\"_blank\" rel=\"noreferrer nofollow noopener\">faire traiter ses d\u00e9chets chez un collecteur priv\u00e9<\/a> o\u00f9 il aurait d\u00fb d\u00e9bourser plusieurs centaines d\u2019euros, le professionnel a tent\u00e9 sa chance dans les d\u00e9chetteries de la Ville de Paris\u2026 pourtant exclusivement r\u00e9serv\u00e9es aux particuliers.<\/p>\n","protected":false},"excerpt":{"rendered":"Un, deux, trois\u2026 puis jusqu\u2019\u00e0 quarante sacs blancs de gravats. En moins de trois minutes, en ce d\u00e9but&hellip;\n","protected":false},"author":2,"featured_media":598554,"comment_status":"","ping_status":"","sticky":false,"template":"","format":"standard","meta":{"footnotes":""},"categories":[1888],"tags":[11,1777,674,1011,27,1944,12,626,25],"class_list":{"0":"post-598553","1":"post","2":"type-post","3":"status-publish","4":"format-standard","5":"has-post-thumbnail","7":"category-paris","8":"tag-actualites","9":"tag-eu","10":"tag-europe","11":"tag-fr","12":"tag-france","13":"tag-ma-ville","14":"tag-news","15":"tag-paris","16":"tag-republique-francaise"},"share_on_mastodon":{"url":"https:\/\/pubeurope.com\/@fr\/115717622004336583","error":""},"_links":{"self":[{"href":"https:\/\/www.europesays.com\/fr\/wp-json\/wp\/v2\/posts\/598553","targetHints":{"allow":["GET"]}}],"collection":[{"href":"https:\/\/www.europesays.com\/fr\/wp-json\/wp\/v2\/posts"}],"about":[{"href":"https:\/\/www.europesays.com\/fr\/wp-json\/wp\/v2\/types\/post"}],"author":[{"embeddable":true,"href":"https:\/\/www.europesays.com\/fr\/wp-json\/wp\/v2\/users\/2"}],"replies":[{"embeddable":true,"href":"https:\/\/www.europesays.com\/fr\/wp-json\/wp\/v2\/comments?post=598553"}],"version-history":[{"count":0,"href":"https:\/\/www.europesays.com\/fr\/wp-json\/wp\/v2\/posts\/598553\/revisions"}],"wp:featuredmedia":[{"embeddable":true,"href":"https:\/\/www.europesays.com\/fr\/wp-json\/wp\/v2\/media\/598554"}],"wp:attachment":[{"href":"https:\/\/www.europesays.com\/fr\/wp-json\/wp\/v2\/media?parent=598553"}],"wp:term":[{"taxonomy":"category","embeddable":true,"href":"https:\/\/www.europesays.com\/fr\/wp-json\/wp\/v2\/categories?post=598553"},{"taxonomy":"post_tag","embeddable":true,"href":"https:\/\/www.europesays.com\/fr\/wp-json\/wp\/v2\/tags?post=598553"}],"curies":[{"name":"wp","href":"https:\/\/api.w.org\/{rel}","templated":true}]}}