{"id":598555,"date":"2025-12-14T11:12:18","date_gmt":"2025-12-14T11:12:18","guid":{"rendered":"https:\/\/www.europesays.com\/fr\/598555\/"},"modified":"2025-12-14T11:12:18","modified_gmt":"2025-12-14T11:12:18","slug":"un-sondage-donne-la-gauche-unie-sans-lfi-en-tete-au-premier-tour-devant-dati","status":"publish","type":"post","link":"https:\/\/www.europesays.com\/fr\/598555\/","title":{"rendered":"un sondage donne la gauche unie (sans LFI) en t\u00eate au premier tour, devant Dati"},"content":{"rendered":"<p>                    Par<br \/>\n        <strong><br \/>\n            <a href=\"https:\/\/actu.fr\/auteur\/glenn-gillet\" title=\"Consulter tous les articles de Glenn Gillet\" rel=\"nofollow noopener\" target=\"_blank\">Glenn Gillet<\/a><br \/>\n                    <\/strong><\/p>\n<p>        Publi\u00e9 le<\/p>\n<p>            14 d\u00e9c. 2025 \u00e0 11h07        <\/p>\n<p>La gauche favorite, mais gare \u00e0 la <strong>division<\/strong>. C\u2019est le principal enseignement d\u2019un <a href=\"https:\/\/actu.fr\/ile-de-france\/gentilly_94037\/la-justice-saisie-apres-un-sondage-electoral-realise-a-gentilly-et-paye-par-des-fonds-publics_63454799.html\" rel=\"nofollow noopener\" target=\"_blank\">sondage<\/a> r\u00e9alis\u00e9 pour les <a href=\"https:\/\/actu.fr\/ile-de-france\/paris_75056\/paris-gros-coup-d-arret-pour-anne-hidalgo-pour-sa-reconversion-apres-les-municipales-de-2026_63573312.html\" rel=\"nofollow noopener\" target=\"_blank\">\u00e9lections municipales du 15 et 22\u00a0mars 2026<\/a> \u00e0 Paris par Ipsos-BVA pour Le Parisien-Aujourd\u2019hui en France et publi\u00e9 samedi. Le candidat d\u2019une alliance de gauche PS-PCF-Ecologistes est <strong>en t\u00eate au premier tour<\/strong>, devant <a href=\"https:\/\/actu.fr\/ile-de-france\/paris_75056\/rachida-dati-reine-du-buzz-ces-videos-qui-bousculent-la-campagne-des-municipales-a-paris_63573797.html\" rel=\"nofollow noopener\" target=\"_blank\">Rachida Dati<\/a>, et le sc\u00e9nario d\u2019une <strong>quadrangulaire <\/strong>au second tour n\u2019est pas \u00e0 exclure.<\/p>\n<p>Gr\u00e9goire ou Belliard en t\u00eate avec une liste d\u2019union, derri\u00e8re Dati en cas de division<\/p>\n<p class=\" wall-content\">La premi\u00e8re question pos\u00e9e aux sond\u00e9s (849 Parisiens interrog\u00e9s la semaine pass\u00e9e) \u00e9tait\u2009: \u00ab\u2009si le second tour avait lieu dimanche prochain et si vous aviez le choix entre les listes suivantes, quelle serait celle pour laquelle il y aurait le plus de chance que vous votiez\u2009?\u2009\u00bb<\/p>\n<p class=\" wall-content\">Dans l\u2019hypoth\u00e8se d\u2019une union PS-PCF-Ecologistes d\u00e8s le premier tour, <strong>David Belliard<\/strong> (\u00c9cologistes) ou <strong>Emmanuel Gr\u00e9goire<\/strong> (PS) font jeu \u00e9gal comme t\u00eate de liste \u00e0 32\u2009%, alors qu\u2019ils sont estim\u00e9s \u00e0 respectivement 14 et 20\u2009% s\u2019ils partaient chacun de leur c\u00f4t\u00e9. Ian Brossat, candidat pour le PCF, n\u2019est pas repr\u00e9sent\u00e9 dans l\u2019\u00e9tude. On retrouve ensuite <strong>Rachida Dati<\/strong> (LR-UDI et, depuis ce samedi, Modem) qui serait \u00e0 27\u2009% devant le candidat de centre-droite <strong>Pierre-Yves Bournazel<\/strong> (Horizons et Renaissance) \u00e0 13 ou 14\u2009% et ensuite <strong>Sophia Chikirou<\/strong> (LFI) \u00e0 12 ou 13\u2009%.<\/p>\n<p class=\" wall-content\">Autant de candidats qui pourraient donc se retrouver ensemble au second tour, puisqu\u2019ils d\u00e9passeraient les 10\u2009% n\u00e9cessaires pour qualifier leur liste. En dessous de ce seuil figurent deux personnalit\u00e9s d\u2019extr\u00eame droite, toutes deux cr\u00e9dit\u00e9es de 7\u2009% d\u2019intentions de vote\u2009: le candidat d\u00e9clar\u00e9 <strong>Thierry Mariani<\/strong> (RN) et la candidate pressentie <strong>Sarah Knafo<\/strong> (Reconqu\u00eate).<\/p>\n<p>Rachida Dati per\u00e7ue comme la plus capable d\u2019\u00eatre une \u00ab\u2009bonne maire de Paris\u2009\u00bb<\/p>\n<p class=\" wall-content\">Il s\u2019agit seulement d\u2019intentions de vote d\u00e9clar\u00e9es, trois mois avant le scrutin, et certains candidats pourraient faire l\u2019objet de <strong>dynamiques<\/strong> d\u2019ici au scrutin. C\u2019est le cas du candidat unique d\u2019une potentielle alliance PS-PCF-Ecologistes qui, s\u2019il est d\u00e9sign\u00e9, pourra faire campagne au nom de cette d\u00e9marche d\u2019union ch\u00e8re aux \u00e9lecteurs de gauche et ainsi lancer une dynamique. C\u2019est aussi le cas de candidats m\u00e9diatiques comme Rachida Dati, la plus identifi\u00e9e des candidates parisiennes\u2009: 94\u2009% des personnes interrog\u00e9es la connaissent, loin devant Sarah Knafo, Sophia Chikirou et Emmanuel Gr\u00e9goire (entre 65 et 63\u2009%) et Pierre-Yves Bournazel, toujours assez mal identifi\u00e9 (47\u2009%).<\/p>\n<p class=\" wall-content\">La question se pose aussi de savoir si les \u00e9lecteurs se rangeront derri\u00e8re un candidat par adh\u00e9sion, ce qui signifie souvent une base \u00e9lectorale plus forte que les candidats qui b\u00e9n\u00e9ficient plut\u00f4t du rejet de leurs adversaires par les \u00e9lecteurs. \u00c0 ce compte, les Parisiens interrog\u00e9s sont 41\u2009% \u00e0 r\u00e9pondre \u00ab\u2009oui, tout \u00e0 fait\u2009\u00bb ou \u00ab\u2009oui, plut\u00f4t\u2009\u00bb \u00e0 la question\u2009: \u00ab\u2009diriez-vous que Rachida Dati ferait une bonne maire de Paris\u2009\u00bb. 30\u2009% r\u00e9pondent de cette mani\u00e8re pour Emmanuel Gr\u00e9goire, 24\u2009% pour David Belliard, 23\u2009% pour Pierre-Yves Bournazel, 22\u2009% pour Sarah Knafo, 18\u2009% pour Sophia Chikirou et 16\u2009% pour Thierry Mariani.<\/p>\n<p class=\" wall-content\">\u00c0 noter que les mesures et les th\u00e8mes port\u00e9s par les candidats pendant la campagne influeront n\u00e9cessairement, de m\u00eame que la perception du <strong>bilan d\u2019Anne Hidalgo<\/strong>. Les personnes interrog\u00e9es sont 58\u2009% \u00e0 se dire satisfaits du passage \u00e0 30\u00a0km\/h dans la majorit\u00e9 de la ville, 52\u2009% sur les mesures li\u00e9es \u00e0 l\u2019environnement. Ils sont partag\u00e9s sur la limitation \u00e0 50\u00a0km\/h sur le p\u00e9riph\u00e9rique (49\u2009% satisfaits, 51\u2009% insatisfaits) mais sont une majorit\u00e9 \u00e0 se dire insatisfaits du bilan de la maire de Paris sur la propret\u00e9 (71\u2009%), sur la circulation (69\u2009%), sur les imp\u00f4ts locaux (66\u2009%), le stationnement (65\u2009%) et la s\u00e9curit\u00e9 (61\u2009%).<\/p>\n<p class=\" wall-content\">Personnalisez votre actualit\u00e9 en ajoutant vos villes et m\u00e9dias en favori avec <a href=\"https:\/\/moncompte.actu.fr\" title=\"D\u00e9couvez Mon Actu\" rel=\"nofollow noopener\" data-trk=\"{&quot;cta&quot;:{&quot;action&quot;:&quot;https:\\\/\\\/moncompte.actu.fr&quot;,&quot;category&quot;:&quot;mon compte&quot;,&quot;from&quot;:&quot;article footer&quot;,&quot;name&quot;:&quot;Mon actu&quot;,&quot;type&quot;:&quot;cta&quot;}}\" target=\"_blank\">Mon Actu<\/a>.<\/p>\n","protected":false},"excerpt":{"rendered":"Par Glenn Gillet Publi\u00e9 le 14 d\u00e9c. 2025 \u00e0 11h07 La gauche favorite, mais gare \u00e0 la division.&hellip;\n","protected":false},"author":2,"featured_media":598556,"comment_status":"","ping_status":"","sticky":false,"template":"","format":"standard","meta":{"footnotes":""},"categories":[1888],"tags":[11,4188,1777,674,1011,27,2381,3434,12,626,316,25],"class_list":{"0":"post-598555","1":"post","2":"type-post","3":"status-publish","4":"format-standard","5":"has-post-thumbnail","7":"category-paris","8":"tag-actualites","9":"tag-elections-municipales","10":"tag-eu","11":"tag-europe","12":"tag-fr","13":"tag-france","14":"tag-mairie-de-paris","15":"tag-municipales-2026","16":"tag-news","17":"tag-paris","18":"tag-politique","19":"tag-republique-francaise"},"share_on_mastodon":{"url":"https:\/\/pubeurope.com\/@fr\/115717626033504952","error":""},"_links":{"self":[{"href":"https:\/\/www.europesays.com\/fr\/wp-json\/wp\/v2\/posts\/598555","targetHints":{"allow":["GET"]}}],"collection":[{"href":"https:\/\/www.europesays.com\/fr\/wp-json\/wp\/v2\/posts"}],"about":[{"href":"https:\/\/www.europesays.com\/fr\/wp-json\/wp\/v2\/types\/post"}],"author":[{"embeddable":true,"href":"https:\/\/www.europesays.com\/fr\/wp-json\/wp\/v2\/users\/2"}],"replies":[{"embeddable":true,"href":"https:\/\/www.europesays.com\/fr\/wp-json\/wp\/v2\/comments?post=598555"}],"version-history":[{"count":0,"href":"https:\/\/www.europesays.com\/fr\/wp-json\/wp\/v2\/posts\/598555\/revisions"}],"wp:featuredmedia":[{"embeddable":true,"href":"https:\/\/www.europesays.com\/fr\/wp-json\/wp\/v2\/media\/598556"}],"wp:attachment":[{"href":"https:\/\/www.europesays.com\/fr\/wp-json\/wp\/v2\/media?parent=598555"}],"wp:term":[{"taxonomy":"category","embeddable":true,"href":"https:\/\/www.europesays.com\/fr\/wp-json\/wp\/v2\/categories?post=598555"},{"taxonomy":"post_tag","embeddable":true,"href":"https:\/\/www.europesays.com\/fr\/wp-json\/wp\/v2\/tags?post=598555"}],"curies":[{"name":"wp","href":"https:\/\/api.w.org\/{rel}","templated":true}]}}