{"id":598559,"date":"2025-12-14T11:14:16","date_gmt":"2025-12-14T11:14:16","guid":{"rendered":"https:\/\/www.europesays.com\/fr\/598559\/"},"modified":"2025-12-14T11:14:16","modified_gmt":"2025-12-14T11:14:16","slug":"guerre-en-ukraine-une-attaque-de-drone-en-mer-caspienne-comment-kiev-arrive-a-frapper-a-700-km-de-ses-frontieres","status":"publish","type":"post","link":"https:\/\/www.europesays.com\/fr\/598559\/","title":{"rendered":"Guerre en Ukraine\u00a0: une attaque de drone en mer Caspienne\u2026 Comment Kiev arrive \u00e0 frapper \u00e0 700\u00a0km de ses fronti\u00e8res\u00a0?"},"content":{"rendered":"<p>\n                                                                    l&rsquo;essentiel<br \/>\n                                                                Le Service de s\u00e9curit\u00e9 ukrainien (SBU) a men\u00e9 une attaque historique contre deux plateformes p\u00e9troli\u00e8res russes en mer Caspienne, \u00e0 700 kilom\u00e8tres de ses fronti\u00e8res. Ces frappes, qui rappellent l\u2019op\u00e9ration \u00ab\u00a0Toile d\u2019araign\u00e9e\u00a0\u00bb, ont contraint le g\u00e9ant Lukoil \u00e0 suspendre sa production.\n                            <\/p>\n<p>L\u2019Ukraine a revendiqu\u00e9\u00a0une frappe spectaculaire loin de ses fronti\u00e8res. Vendredi 12\u00a0d\u00e9cembre, un responsable du Service de s\u00e9curit\u00e9 ukrainien (SBU), cit\u00e9 par l\u2019agence <a href=\"https:\/\/www.reuters.com\/\" target=\"_blank\" rel=\"noopener\">Reuters<\/a>, a confirm\u00e9 que des drones avaient cibl\u00e9 deux plateformes p\u00e9troli\u00e8res russes situ\u00e9es en mer Caspienne, \u00e0 environ 700 kilom\u00e8tres des fronti\u00e8res ukrainiennes.<\/p>\n<p>Les installations vis\u00e9es sont les plateformes Filanovski et Kortchaguine, toutes deux appartenant au g\u00e9ant p\u00e9trolier russe Lukoil. Cette attaque constitue la premi\u00e8re de ce type depuis le d\u00e9but de l\u2019invasion de l\u2019Ukraine en f\u00e9vrier\u00a02022.<\/p>\n<p>Selon les informations fournies par le responsable du SBU, les drones ont endommag\u00e9 des \u00e9quipements essentiels sur les deux installations, entra\u00eenant une suspension imm\u00e9diate de la production.<\/p>\n<p>Une op\u00e9ration \u00ab\u00a0Toile d\u2019araign\u00e9e\u00a0\u00bb bis\u00a0?<\/p>\n<p>Comment une telle op\u00e9ration \u00e0 tr\u00e8s longue port\u00e9e a-t-elle pu \u00eatre men\u00e9e\u00a0? Pour certains experts militaires, elle fait \u00e9cho \u00e0 l\u2019op\u00e9ration <a href=\"https:\/\/www.ladepeche.fr\/2025\/12\/12\/guerre-en-ukraine-revelations-sur-loperation-ukrainienne-spiderweb-dattaques-de-drones-en-russie-13105253.php\" target=\"_blank\" rel=\"noopener\">\u00ab\u00a0Toile d\u2019araign\u00e9e\u00a0\u00bb<\/a> lanc\u00e9e en juin dernier, lors de laquelle l\u2019Ukraine avait revendiqu\u00e9 avoir touch\u00e9 une quarantaine de bombardiers Tupolev gr\u00e2ce \u00e0 des attaques coordonn\u00e9es de drones en territoire russe.<\/p>\n<p>Le <a href=\"https:\/\/www.wsj.com\/\" target=\"_blank\" rel=\"noopener\">Wall Street Journal <\/a>a r\u00e9v\u00e9l\u00e9 ces derniers jours que cette op\u00e9ration d\u2019envergure avait n\u00e9cessit\u00e9 18 mois de pr\u00e9paration, l\u2019ing\u00e9niosit\u00e9 mat\u00e9rielle et la coordination transfrontali\u00e8re. Ces drones avaient \u00e9t\u00e9 dissimul\u00e9s dans de faux compartiments \u00e0 l\u2019int\u00e9rieur de toits de camions pour \u00eatre introduits clandestinement en Russie. Les secrets militaires entourant ces frappes d\u00e9voileront bient\u00f4t comment l\u2019Ukraine s\u2019organise pour frapper \u00e0 des centaines de kilom\u00e8tres au-del\u00e0 de sa fronti\u00e8re.<\/p>\n<p>Tensions accrues en mer et n\u00e9gociations \u00e0 venir<\/p>\n<p>Ces frappes lointaines s\u2019inscrivent dans un contexte d\u2019escalade des tensions en mer. Samedi 13\u00a0d\u00e9cembre, l\u2019Ukraine a accus\u00e9 le Kremlin d\u2019avoir frapp\u00e9, avec un drone, un cargo turc qui transportait onze citoyens \u00e0 bord, <a href=\"https:\/\/www.ladepeche.fr\/2025\/12\/13\/guerre-en-ukraine-navires-turcs-frappes-moscou-accuse-par-kiev-de-violer-cyniquement-le-droit-maritime-que-se-passe-t-il-en-mer-noire-13109228.php\" target=\"_blank\" rel=\"noopener\">dans la mer Noire<\/a>. Plus t\u00f4t, le pr\u00e9sident turc, Recep Tayyip Erdogan, avait mis en garde contre la transformation de ce territoire en v\u00e9ritable champ de bataille. Les attaques qui visaient essentiellement des navires russes p\u00e9troliers ou de transport pourraient d\u00e9sormais prendre une nouvelle dimension si elles se reproduisent aussi en mer Caspienne.<\/p>\n<p>Pour rappel, des n\u00e9gociations visant \u00e0 mettre fin au conflit sont attendues pour d\u00e9buter ce lundi \u00e0 Berlin.<\/p>\n","protected":false},"excerpt":{"rendered":"l&rsquo;essentiel Le Service de s\u00e9curit\u00e9 ukrainien (SBU) a men\u00e9 une attaque historique contre deux plateformes p\u00e9troli\u00e8res russes en&hellip;\n","protected":false},"author":2,"featured_media":598560,"comment_status":"","ping_status":"","sticky":false,"template":"","format":"standard","meta":{"footnotes":""},"categories":[1590],"tags":[11,1777,674,329,131,14,12,220],"class_list":{"0":"post-598559","1":"post","2":"type-post","3":"status-publish","4":"format-standard","5":"has-post-thumbnail","7":"category-ukraine","8":"tag-actualites","9":"tag-eu","10":"tag-europe","11":"tag-france-monde","12":"tag-guerre-en-ukraine","13":"tag-international","14":"tag-news","15":"tag-ukraine"},"share_on_mastodon":{"url":"https:\/\/pubeurope.com\/@fr\/115717633818823443","error":""},"_links":{"self":[{"href":"https:\/\/www.europesays.com\/fr\/wp-json\/wp\/v2\/posts\/598559","targetHints":{"allow":["GET"]}}],"collection":[{"href":"https:\/\/www.europesays.com\/fr\/wp-json\/wp\/v2\/posts"}],"about":[{"href":"https:\/\/www.europesays.com\/fr\/wp-json\/wp\/v2\/types\/post"}],"author":[{"embeddable":true,"href":"https:\/\/www.europesays.com\/fr\/wp-json\/wp\/v2\/users\/2"}],"replies":[{"embeddable":true,"href":"https:\/\/www.europesays.com\/fr\/wp-json\/wp\/v2\/comments?post=598559"}],"version-history":[{"count":0,"href":"https:\/\/www.europesays.com\/fr\/wp-json\/wp\/v2\/posts\/598559\/revisions"}],"wp:featuredmedia":[{"embeddable":true,"href":"https:\/\/www.europesays.com\/fr\/wp-json\/wp\/v2\/media\/598560"}],"wp:attachment":[{"href":"https:\/\/www.europesays.com\/fr\/wp-json\/wp\/v2\/media?parent=598559"}],"wp:term":[{"taxonomy":"category","embeddable":true,"href":"https:\/\/www.europesays.com\/fr\/wp-json\/wp\/v2\/categories?post=598559"},{"taxonomy":"post_tag","embeddable":true,"href":"https:\/\/www.europesays.com\/fr\/wp-json\/wp\/v2\/tags?post=598559"}],"curies":[{"name":"wp","href":"https:\/\/api.w.org\/{rel}","templated":true}]}}