{"id":598561,"date":"2025-12-14T11:15:26","date_gmt":"2025-12-14T11:15:26","guid":{"rendered":"https:\/\/www.europesays.com\/fr\/598561\/"},"modified":"2025-12-14T11:15:26","modified_gmt":"2025-12-14T11:15:26","slug":"trump-admet-le-risque-dun-revers-aux-legislatives-malgre-ses-succes-economiques-proclames","status":"publish","type":"post","link":"https:\/\/www.europesays.com\/fr\/598561\/","title":{"rendered":"Trump admet le risque d\u2019un revers aux l\u00e9gislatives, malgr\u00e9 ses succ\u00e8s \u00e9conomiques proclam\u00e9s"},"content":{"rendered":"<p>C\u2019est un aveu rare. Donald Trump a reconnu que les r\u00e9publicains pourraient perdre les \u00e9lections l\u00e9gislatives de mi-mandat en 2026, malgr\u00e9 ce qu\u2019il d\u00e9crit comme une r\u00e9ussite \u00e9conomique majeure depuis son retour \u00e0 la Maison Blanche. \u00ab\u00a0Nous devrions gagner. Mais, statistiquement, c\u2019est tr\u00e8s difficile\u00a0\u00bb, a-t-il conc\u00e9d\u00e9 dans un entretien accord\u00e9 au Wall Street Journal, r\u00e9alis\u00e9 dans le Bureau ovale.<\/p>\n<p>Le pr\u00e9sident am\u00e9ricain continue pourtant d\u2019affirmer avoir \u00ab\u00a0cr\u00e9\u00e9 la plus grande \u00e9conomie de l\u2019histoire\u00a0\u00bb, invoquant l\u2019afflux d\u2019investissements dans l\u2019industrie, l\u2019automobile ou l\u2019intelligence artificielle. Mais il admet d\u00e9sormais une limite\u00a0: \u00ab\u00a0Je ne peux pas vous dire comment cela va se traduire pour l\u2019\u00e9lecteur. Tout ce que je peux faire, c\u2019est mon travail.\u00a0\u00bb<\/p>\n<p><strong>Une \u00e9conomie vant\u00e9e, mais peu ressentie<\/strong>&#13;\n<\/p>\n<p>Depuis son retour au pouvoir en janvier, Donald Trump mart\u00e8le que l\u2019\u00e9conomie am\u00e9ricaine est florissante et que la baisse de l\u2019inflation est en cours, rejetant la responsabilit\u00e9 de la flamb\u00e9e des prix sur son pr\u00e9d\u00e9cesseur Joe Biden. Il assure que \u00ab\u00a0le niveau des prix sera bon\u00a0\u00bb d\u2019ici quelques mois, \u00e0 l\u2019approche du scrutin.<\/p>\n<p>Mais le d\u00e9calage entre discours pr\u00e9sidentiel et perception des m\u00e9nages demeure marqu\u00e9. Selon une enqu\u00eate de l\u2019universit\u00e9 de Chicago pour l\u2019Associated Press, publi\u00e9e cette semaine, seuls 31\u00a0% des Am\u00e9ricains se disent satisfaits de sa politique \u00e9conomique. Une donn\u00e9e que le pr\u00e9sident conteste vivement, d\u00e9non\u00e7ant des sondages incapables, selon lui, de refl\u00e9ter \u00ab\u00a0la grandeur de l\u2019Am\u00e9rique\u00a0\u00bb.<\/p>\n<p>Cette dissonance rappelle une situation r\u00e9cente\u00a0: celle de Joe Biden, confront\u00e9 en 2024 \u00e0 des indicateurs macro\u00e9conomiques solides mais \u00e0 une opinion publique sceptique. Ironie de l\u2019histoire, Donald Trump se retrouve d\u00e9sormais expos\u00e9 aux m\u00eames critiques qu\u2019il adressait \u00e0 son rival d\u00e9mocrate, accus\u00e9 \u00e0 l\u2019\u00e9poque de nier la r\u00e9alit\u00e9 v\u00e9cue par les m\u00e9nages.<\/p>\n<p>\u00c0 79 ans, le pr\u00e9sident r\u00e9publicain fait aussi face \u00e0 des interrogations croissantes sur sa sant\u00e9 et son endurance, m\u00eame si celles-ci restent moins structurantes politiquement que celles qui avaient vis\u00e9 Joe Biden. Chaque apparition publique est d\u00e9sormais scrut\u00e9e, alimentant un climat de suspicion que la Maison Blanche tente de d\u00e9samorcer.<\/p>\n<p><strong>L\u2019assurance sant\u00e9, talon d\u2019Achille r\u00e9publicain<\/strong>&#13;\n<\/p>\n<p>Au-del\u00e0 de l\u2019\u00e9conomie, un autre dossier menace la majorit\u00e9\u00a0: celui de l\u2019assurance sant\u00e9. \u00c0 la fin d\u00e9cembre, des subventions cl\u00e9s permettant \u00e0 plus de 20\u00a0millions d\u2019Am\u00e9ricains de financer leur couverture via \u201cObamacare\u201d doivent expirer. Faute d\u2019accord au Congr\u00e8s, les co\u00fbts pourraient plus que doubler pour une partie des classes moyennes et populaires d\u00e8s 2026.<\/p>\n<p>Officiellement, la direction r\u00e9publicaine refuse toute prolongation d\u2019un programme honni depuis son adoption sous Barack Obama. Mais les divisions sont profondes\u00a0: plusieurs \u00e9lus de la majorit\u00e9 ont d\u00e9j\u00e0 d\u00e9fi\u00e9 leur hi\u00e9rarchie, conscients du risque \u00e9lectoral. Donald Trump lui-m\u00eame s\u2019est dit pr\u00eat \u00e0 \u00ab\u00a0travailler avec les d\u00e9mocrates\u00a0\u00bb, sans toutefois trancher.<\/p>\n<p>\u00c0 l\u2019approche des midterms, l\u2019opposition d\u00e9mocrate a d\u00e9j\u00e0 identifi\u00e9 ses angles d\u2019attaque\u00a0: co\u00fbt de la vie, assurance sant\u00e9, inflation persistante. Une explosion des primes d\u2019assurance offrirait un levier redoutable dans une campagne qui s\u2019annonce serr\u00e9e.<\/p>\n","protected":false},"excerpt":{"rendered":"C\u2019est un aveu rare. Donald Trump a reconnu que les r\u00e9publicains pourraient perdre les \u00e9lections l\u00e9gislatives de mi-mandat&hellip;\n","protected":false},"author":2,"featured_media":598562,"comment_status":"","ping_status":"","sticky":false,"template":"","format":"standard","meta":{"footnotes":""},"categories":[1589],"tags":[17,11,71114,2837,33,36729,73,1866,39201,12,71115,31038,4510,6006,467,1864,1865,1863,308],"class_list":{"0":"post-598561","1":"post","2":"type-post","3":"status-publish","4":"format-standard","5":"has-post-thumbnail","7":"category-etats-unis","8":"tag-17","9":"tag-actualites","10":"tag-admet","11":"tag-dun","12":"tag-economie","13":"tag-economiques","14":"tag-etats-unis","15":"tag-etats-unis-damerique","16":"tag-legislatives","17":"tag-news","18":"tag-proclames","19":"tag-revers","20":"tag-risque","21":"tag-succes","22":"tag-trump","23":"tag-united-states","24":"tag-united-states-of-america","25":"tag-us","26":"tag-usa"},"share_on_mastodon":{"url":"https:\/\/pubeurope.com\/@fr\/115717637752760753","error":""},"_links":{"self":[{"href":"https:\/\/www.europesays.com\/fr\/wp-json\/wp\/v2\/posts\/598561","targetHints":{"allow":["GET"]}}],"collection":[{"href":"https:\/\/www.europesays.com\/fr\/wp-json\/wp\/v2\/posts"}],"about":[{"href":"https:\/\/www.europesays.com\/fr\/wp-json\/wp\/v2\/types\/post"}],"author":[{"embeddable":true,"href":"https:\/\/www.europesays.com\/fr\/wp-json\/wp\/v2\/users\/2"}],"replies":[{"embeddable":true,"href":"https:\/\/www.europesays.com\/fr\/wp-json\/wp\/v2\/comments?post=598561"}],"version-history":[{"count":0,"href":"https:\/\/www.europesays.com\/fr\/wp-json\/wp\/v2\/posts\/598561\/revisions"}],"wp:featuredmedia":[{"embeddable":true,"href":"https:\/\/www.europesays.com\/fr\/wp-json\/wp\/v2\/media\/598562"}],"wp:attachment":[{"href":"https:\/\/www.europesays.com\/fr\/wp-json\/wp\/v2\/media?parent=598561"}],"wp:term":[{"taxonomy":"category","embeddable":true,"href":"https:\/\/www.europesays.com\/fr\/wp-json\/wp\/v2\/categories?post=598561"},{"taxonomy":"post_tag","embeddable":true,"href":"https:\/\/www.europesays.com\/fr\/wp-json\/wp\/v2\/tags?post=598561"}],"curies":[{"name":"wp","href":"https:\/\/api.w.org\/{rel}","templated":true}]}}