{"id":598568,"date":"2025-12-14T11:19:17","date_gmt":"2025-12-14T11:19:17","guid":{"rendered":"https:\/\/www.europesays.com\/fr\/598568\/"},"modified":"2025-12-14T11:19:17","modified_gmt":"2025-12-14T11:19:17","slug":"jai-peur-que-lue-ne-disparaisse","status":"publish","type":"post","link":"https:\/\/www.europesays.com\/fr\/598568\/","title":{"rendered":"\u00ab\u202fJ\u2019ai peur que l\u2019UE ne disparaisse\u202f\u00bb"},"content":{"rendered":"<p>Il est une voix qui compte en Europe. Gabrielius Landsbergis revient sur les enjeux du Conseil europ\u00e9en qui se d\u00e9roule la semaine prochaine. Un moment qu\u2019il juge crucial pour <a href=\"https:\/\/www.latribune.fr\/article\/la-tribune-dimanche\/politique\/21215573748591\/ledito-de-bruno-jeudy-zelensky-sur-le-fil-du-rasoir\" target=\"_blank\" rel=\"noopener\">l\u2019avenir de l\u2019Ukraine <\/a>et du Vieux Continent.<\/p>\n<p><strong>LA TRIBUNE DIMANCHE \u2014 Donald Trump veut la paix en Ukraine avant No\u00ebl. Est-ce r\u00e9aliste\u2009?<\/strong><\/p>\n<p><strong>GABRIELIUS LANDSBERGIS \u2014\u00a0<\/strong>Il est tr\u00e8s difficile de croire que cela puisse arriver. Tant de choses tellement \u00e9tranges sont encore en cours dans les discussions, comme l\u2019id\u00e9e que l\u2019Ukraine entre dans l\u2019UE en 2027. Ce serait donc aux <a href=\"https:\/\/www.latribune.fr\/article\/economie\/international\/1619258693214214\/ukraine-trump-preparerait-une-yalta-economique-avec-la-russie-au-grand-dam-de-leurope\" target=\"_blank\" rel=\"noopener\">Am\u00e9ricains<\/a> et aux Russes de d\u00e9cider de la date\u2009? Cela n\u2019a aucun sens.<\/p>\n<p><strong>Un Donbass d\u00e9militaris\u00e9 semble aussi une option discut\u00e9e. Qu\u2019en pensez-vous\u2009?<br \/><\/strong>L\u00e0 encore, c\u2019est tr\u00e8s dur \u00e0 imaginer. Depuis 2014, les soldats ukrainiens fortifient les villes de la r\u00e9gion. Elles constituent leurs derni\u00e8res lignes de d\u00e9fense. Si Kiev laisse les Russes y p\u00e9n\u00e9trer, ce sera une question de jours avant que Moscou ne lance une nouvelle attaque.<strong\/><strong\/><\/p>\n","protected":false},"excerpt":{"rendered":"Il est une voix qui compte en Europe. Gabrielius Landsbergis revient sur les enjeux du Conseil europ\u00e9en qui&hellip;\n","protected":false},"author":2,"featured_media":598569,"comment_status":"","ping_status":"","sticky":false,"template":"","format":"standard","meta":{"footnotes":""},"categories":[1586],"tags":[17,11,3694,4255,71119,29131,1777,674,1779,1011,27,71116,391,1861,3102,71117,71118,3784,12,12819,25,1778,364],"class_list":{"0":"post-598568","1":"post","2":"type-post","3":"status-publish","4":"format-standard","5":"has-post-thumbnail","7":"category-europe","8":"tag-17","9":"tag-actualites","10":"tag-affaires","11":"tag-ancien","12":"tag-disparaisse","13":"tag-etrangeres","14":"tag-eu","15":"tag-europe","16":"tag-european-union","17":"tag-fr","18":"tag-france","19":"tag-gabrielius","20":"tag-jai","21":"tag-lue","22":"tag-la-tribune-dimanche","23":"tag-landsbergis","24":"tag-lituanien","25":"tag-ministre","26":"tag-news","27":"tag-peur","28":"tag-republique-francaise","29":"tag-ue","30":"tag-union-europeenne"},"share_on_mastodon":{"url":"https:\/\/pubeurope.com\/@fr\/115717653423546699","error":""},"_links":{"self":[{"href":"https:\/\/www.europesays.com\/fr\/wp-json\/wp\/v2\/posts\/598568","targetHints":{"allow":["GET"]}}],"collection":[{"href":"https:\/\/www.europesays.com\/fr\/wp-json\/wp\/v2\/posts"}],"about":[{"href":"https:\/\/www.europesays.com\/fr\/wp-json\/wp\/v2\/types\/post"}],"author":[{"embeddable":true,"href":"https:\/\/www.europesays.com\/fr\/wp-json\/wp\/v2\/users\/2"}],"replies":[{"embeddable":true,"href":"https:\/\/www.europesays.com\/fr\/wp-json\/wp\/v2\/comments?post=598568"}],"version-history":[{"count":0,"href":"https:\/\/www.europesays.com\/fr\/wp-json\/wp\/v2\/posts\/598568\/revisions"}],"wp:featuredmedia":[{"embeddable":true,"href":"https:\/\/www.europesays.com\/fr\/wp-json\/wp\/v2\/media\/598569"}],"wp:attachment":[{"href":"https:\/\/www.europesays.com\/fr\/wp-json\/wp\/v2\/media?parent=598568"}],"wp:term":[{"taxonomy":"category","embeddable":true,"href":"https:\/\/www.europesays.com\/fr\/wp-json\/wp\/v2\/categories?post=598568"},{"taxonomy":"post_tag","embeddable":true,"href":"https:\/\/www.europesays.com\/fr\/wp-json\/wp\/v2\/tags?post=598568"}],"curies":[{"name":"wp","href":"https:\/\/api.w.org\/{rel}","templated":true}]}}