{"id":598573,"date":"2025-12-14T11:22:23","date_gmt":"2025-12-14T11:22:23","guid":{"rendered":"https:\/\/www.europesays.com\/fr\/598573\/"},"modified":"2025-12-14T11:22:23","modified_gmt":"2025-12-14T11:22:23","slug":"cc-coupe-de-france-ouistreham-u17-filles-classement-actualite","status":"publish","type":"post","link":"https:\/\/www.europesays.com\/fr\/598573\/","title":{"rendered":"CC &#8211; Coupe de France &#8211; Ouistreham &#8211; U17 Filles : Classement &#8211; Actualit\u00e9"},"content":{"rendered":"<p>                                                                    <img decoding=\"async\" src=\"https:\/\/www.europesays.com\/fr\/wp-content\/uploads\/2025\/12\/693e8883939e8.jpg\" height=\"auto\" loading=\"lazy\"\/><br \/>\n                                                                    Cr\u00e9dit photo Christophe Dague \/ DirectVelo<\/p>\n<p class=\"images-caption\">Cr\u00e9dit photo Christophe Dague \/ DirectVelo<\/p>\n<p class=\"metadata\">\n            Par<br \/>\n        <strong class=\"text-black\">JULES OLIVIER ELIARD<\/strong><br \/>\n                    <br \/>Le<br \/>\n    14 d\u00e9cembre 2025, 10:37<\/p>\n<p style=\"text-align: justify;\">Lana Le Guilloux (OC Locmin\u00e9) a remport\u00e9, ce dimanche, \u00e0 Ouistreham (Calvados), la troisi\u00e8me et derni\u00e8re manche de la Coupe de France de cyclo-cross disput\u00e9e dans la cat\u00e9gorie U17 Filles. Elle a devanc\u00e9 Eva Gras (EC Montgeron Vigneux) et Louison Ohl (VC Eckwersheim).<\/p>\n<p style=\"text-align: justify;\"><strong>Classement :<\/strong><br \/>1. LE GUILLOUX Lana OC LOCMINE en 30&rsquo;54\u00a0\u00bb<br \/>2. GRAS Eva EC MONTGERON VIGNEUX \u00e0 16\u00a0\u00bb<br \/>3. OHL Louison VC ECKWERSHEIM \u00e0 21\u00a0\u00bb<br \/>4. MESNARD Justine AS BIKE \u00e0 01&rsquo;28\u00a0\u00bb<br \/>5. FAMY Louane BOURGOGNE FRANCHE COMTE \u00e0 01&rsquo;56\u00a0\u00bb<br \/>6. DELBARRE Ana\u00efs EC AMBAZAC \u00e0 02&rsquo;00\u00a0\u00bb<br \/>7. BRUYERE JOUMARD Lucile A.S. FONTAINE \u00e0 02&rsquo;20\u00a0\u00bb<br \/>8. MARTIN Emeline BRETAGNE \u00e0 02&rsquo;43\u00a0\u00bb<br \/>9. BARRIER PAIVA Tha\u00efs TEAM U LH \u00e0 03&rsquo;35\u00a0\u00bb<br \/>10. ABASSI ROUAULT Laoza DURTAL VELO SPORT \u00e0 03&rsquo;43\u00a0\u00bb<br \/>11. CROSNIER BOULEAU Andy CD LOIRE-ATLANTIQUE \u00e0 03&rsquo;45\u00a0\u00bb<br \/>12. ROUBOT Enola VELO CLUB LIONNAIS \u00e0 03&rsquo;50\u00a0\u00bb<br \/>13. BEAUCE Elena LAVAL CYCLISME 53 \u00e0 03&rsquo;51\u00a0\u00bb<br \/>14. DESGROUSILLIERS Eva EC CHATEAU THIERRY \u00e0 04&rsquo;09\u00a0\u00bb<br \/>15. DE ZAN Jade UNION SPORTIVE COLOMIERS CYCLISME \u00e0 04&rsquo;15\u00a0\u00bb<br \/>16. KLEINCLAUSS Coline MOELAN CYCLO CLUB \u00a0\u00bb\u00a0<br \/>17. LANGELLA Lea NOUVELLE AQUITAINE \u00e0 04&rsquo;17\u00a0\u00bb<br \/>18. RICHIARDI Ema AUVERGNE-RHONE-ALPES \u00a0\u00bb\u00a0<br \/>19. RICHIARDI Eve A.S. FONTAINE \u00e0 04&rsquo;19\u00a0\u00bb<br \/>20. MATHELIN C\u00e9lia V.C. ROANNAIS \u00e0 04&rsquo;23\u00a0\u00bb<br \/>21. LOHEZIC LE PALLEC L\u00e9a BREIZH.BIKE.KLUB \u00e0 04&rsquo;34\u00a0\u00bb<br \/>22. BEUVE Ma\u00eblys VC DE L&rsquo;EVRON COETMIEUX \u00e0 04&rsquo;42\u00a0\u00bb<br \/>23. BRACHET Jeanne VC NAYAIS \u00a0\u00bb\u00a0<br \/>24. GHENASSIA H\u00e9lo\u00efse VILLENEUVE CYCLISTE \u00e0 04&rsquo;44\u00a0\u00bb<br \/>25. LEHERLE Pauline V.C.DE MONTBELIARD \u00e0 05&rsquo;01\u00a0\u00bb<br \/>26. CHILAUD Manon VILLENEUVE CYCLISTE \u00e0 05&rsquo;26\u00a0\u00bb<br \/>27. CAVEL Jade HAUTS DE FRANCE \u00e0 05&rsquo;39\u00a0\u00bb<br \/>28. ROINARD Jade UNION CYCLISTE SUD 53 \u00e0 05&rsquo;56\u00a0\u00bb<br \/>29. MONTEGUT Koyuki TARBES CYCLISTE \u00a0\u00bb\u00a0<br \/>30. GSELL Mathilde AS LA STEIGEOISE \u00e0 06&rsquo;30\u00a0\u00bb<br \/>31. CHEDALEUX Alana BRETAGNE \u00a0\u00bb\u00a0<br \/>32. GUILMET Lily BRETTE SPORTIF \u00e0 06&rsquo;40\u00a0\u00bb<br \/>33. LEPRESTRE Emma OC CYCL.CESSONNAIS \u00e0 06&rsquo;56\u00a0\u00bb<br \/>34. TETU Pauline HAUTS DE FRANCE \u00a0\u00bb\u00a0<br \/>35. POIRIER Louna EC DU HOUDANAIS \u00e0 07&rsquo;40\u00a0\u00bb<br \/>36. CAVEL Ambre ESPOIR CYCLISTE DE MOREUIL \u00e0 08&rsquo;13\u00a0\u00bb<br \/>37. MONGREVILLE Pauline USSA PAVILLY BARENTIN \u00e0 08&rsquo;18\u00a0\u00bb<br \/>38. PFIRSCH Mailys A.C.T. BELFORT \u00a0\u00bb\u00a0<br \/>39. BABY Louna UNION CYCLISTE DU MORTAINAIS \u00e0 08&rsquo;23\u00a0\u00bb<br \/>40. MARTIN Ad\u00e9lie NORMANDIE \u00a0\u00bb\u00a0<br \/>41. GAUDIN Anaelle VC CHALLANDAIS \u00e0 08&rsquo;31\u00a0\u00bb<br \/>42. ANDRIEUX Malou US ST PIERRE DES CORPS \u00e0 2 Tr<br \/>43. GUY Maureen VC AIGLON \u00e0 2 Tr<br \/>44. LEBOUCHER Louna VC SAINT HILAIRE \u00e0 2 Tr<\/p>\n<p>            En savoir plus : coureurs et \u00e9quipes associ\u00e9s<\/p>\n<p>                Coureurs<\/p>\n<p>                    <img decoding=\"async\" src=\"https:\/\/www.europesays.com\/fr\/wp-content\/uploads\/2025\/12\/64cbf811d739f.jpeg\" height=\"auto\" loading=\"lazy\"\/><\/p>\n<p>                            Portrait de Lana LE GUILLOUX<\/p>\n<p>                \u00c9quipes<\/p>\n","protected":false},"excerpt":{"rendered":"Cr\u00e9dit photo Christophe Dague \/ DirectVelo Cr\u00e9dit photo Christophe Dague \/ DirectVelo Par JULES OLIVIER ELIARD Le 14&hellip;\n","protected":false},"author":2,"featured_media":598574,"comment_status":"","ping_status":"","sticky":false,"template":"","format":"standard","meta":{"footnotes":""},"categories":[4],"tags":[11,834,828,836,829,837,827,83,826,824,823,207,814,817,815,816,822,821,832,211,839,1011,27,820,818,819,12,835,831,830,833,838,25,212,208,825],"class_list":{"0":"post-598573","1":"post","2":"type-post","3":"status-publish","4":"format-standard","5":"has-post-thumbnail","7":"category-france","8":"tag-actualites","9":"tag-attaque","10":"tag-belgique","11":"tag-braquet","12":"tag-bretagne","13":"tag-chute","14":"tag-competition","15":"tag-coupe-de-france","16":"tag-coureur","17":"tag-course-cyclisme","18":"tag-course-cycliste","19":"tag-cyclisme","20":"tag-direct","21":"tag-direct-velo","22":"tag-directvelo","23":"tag-directvelo-com","24":"tag-epreuve","25":"tag-epreuve-cycliste","26":"tag-federation-francaise-de-cyclisme","27":"tag-ffc","28":"tag-flandres","29":"tag-fr","30":"tag-france","31":"tag-live","32":"tag-live-course","33":"tag-live-epreuve","34":"tag-news","35":"tag-peloton","36":"tag-radio-peloton","37":"tag-radio-tour","38":"tag-ravitaillement","39":"tag-relance","40":"tag-republique-francaise","41":"tag-uci","42":"tag-velo","43":"tag-velos"},"share_on_mastodon":{"url":"https:\/\/pubeurope.com\/@fr\/115717667930658463","error":""},"_links":{"self":[{"href":"https:\/\/www.europesays.com\/fr\/wp-json\/wp\/v2\/posts\/598573","targetHints":{"allow":["GET"]}}],"collection":[{"href":"https:\/\/www.europesays.com\/fr\/wp-json\/wp\/v2\/posts"}],"about":[{"href":"https:\/\/www.europesays.com\/fr\/wp-json\/wp\/v2\/types\/post"}],"author":[{"embeddable":true,"href":"https:\/\/www.europesays.com\/fr\/wp-json\/wp\/v2\/users\/2"}],"replies":[{"embeddable":true,"href":"https:\/\/www.europesays.com\/fr\/wp-json\/wp\/v2\/comments?post=598573"}],"version-history":[{"count":0,"href":"https:\/\/www.europesays.com\/fr\/wp-json\/wp\/v2\/posts\/598573\/revisions"}],"wp:featuredmedia":[{"embeddable":true,"href":"https:\/\/www.europesays.com\/fr\/wp-json\/wp\/v2\/media\/598574"}],"wp:attachment":[{"href":"https:\/\/www.europesays.com\/fr\/wp-json\/wp\/v2\/media?parent=598573"}],"wp:term":[{"taxonomy":"category","embeddable":true,"href":"https:\/\/www.europesays.com\/fr\/wp-json\/wp\/v2\/categories?post=598573"},{"taxonomy":"post_tag","embeddable":true,"href":"https:\/\/www.europesays.com\/fr\/wp-json\/wp\/v2\/tags?post=598573"}],"curies":[{"name":"wp","href":"https:\/\/api.w.org\/{rel}","templated":true}]}}