{"id":598577,"date":"2025-12-14T11:30:26","date_gmt":"2025-12-14T11:30:26","guid":{"rendered":"https:\/\/www.europesays.com\/fr\/598577\/"},"modified":"2025-12-14T11:30:26","modified_gmt":"2025-12-14T11:30:26","slug":"cc-coupe-de-france-ouistreham-u19-hommes-classement-actualite","status":"publish","type":"post","link":"https:\/\/www.europesays.com\/fr\/598577\/","title":{"rendered":"CC &#8211; Coupe de France &#8211; Ouistreham &#8211; U19 Hommes : Classement &#8211; Actualit\u00e9"},"content":{"rendered":"<p>                                                                    <img decoding=\"async\" src=\"https:\/\/www.europesays.com\/fr\/wp-content\/uploads\/2025\/12\/693e9902c5c78.jpg\" height=\"auto\" loading=\"lazy\"\/><br \/>\n                                                                    Cr\u00e9dit photo Christophe Dague \/ DirectVelo<\/p>\n<p class=\"images-caption\">Cr\u00e9dit photo Christophe Dague \/ DirectVelo<\/p>\n<p class=\"metadata\">\n            Par<br \/>\n        <strong class=\"text-black\">JULES OLIVIER ELIARD<\/strong><br \/>\n                    <br \/>Le<br \/>\n    14 d\u00e9cembre 2025, 11:58<\/p>\n<p style=\"text-align: justify;\">Victor Devos (Club Neutre Nord-Pas-de-Calais)\u00a0\u00a0s&rsquo;est impos\u00e9, ce dimanche, \u00e0 Ouistreham (Calvados), lors de la cinqui\u00e8me et derni\u00e8re manche de la Coupe de France de cyclo-cross dans la cat\u00e9gorie U19 Hommes. Il a devanc\u00e9\u00a0Soen Le Pann (Bretagne) et Soren Bruy\u00e8re Joumard (Cyclisme Seyssinet-Seyssins).<\/p>\n<p style=\"text-align: justify;\"><strong>Classement :<\/strong><br \/>1. DEVOS Victor CLUB NEUTRE NORD PAS DE CALAIS en 42&rsquo;59\u00a0\u00bb<br \/>2. LE PANN Soen EC PLESTIN PAYS TREGOR \u00e0 26\u00a0\u00bb<br \/>3. BRUYERE JOUMARD Soren CYCL SEYSSINET SEYSSINS \u00e0 52\u00a0\u00bb<br \/>4. VERRIER Leo CA EVRON \u00e0 59\u00a0\u00bb<br \/>5. LE BOURHIS Pierre VC PAYS DE LOUDEAC \u00e0 01&rsquo;10\u00a0\u00bb<br \/>6. FAHY Augustin TEAM CYCLISTE LINAS MONTLHERY \u00e0 01&rsquo;17\u00a0\u00bb<br \/>7. INGELAERE Antoine BAILLEUL VELO CLUB \u00e0 01&rsquo;35\u00a0\u00bb<br \/>8. MARTINEAU Axel DURTAL VELO SPORT \u00e0 01&rsquo;41\u00a0\u00bb<br \/>9. CHAINEL Caliste CLUB CYCLISTE \u00e0 01&rsquo;55\u00a0\u00bb<br \/>10. BOUYSSOU Cl\u00e9ment STADE TOULOUSAIN CYCLISME \u00e0 02&rsquo;04\u00a0\u00bb<br \/>11. CLEMENTE Antoine AC COSNAC \u00e0 02&rsquo;18\u00a0\u00bb<br \/>12. SUIRE Malo UC NANTES ATLANTIQUE \u00e0 02&rsquo;23\u00a0\u00bb<br \/>13. DETRE Maxence PARIS CYCLISTE OLYMPIQUE \u00e0 02&rsquo;26\u00a0\u00bb<br \/>14. BULTEAU Lucas VELO CLUB ESSARTAIS \u00e0 02&rsquo;29\u00a0\u00bb<br \/>15. TARDIEU Cl\u00e9ment MS MANDELIEU \u00e0 02&rsquo;32\u00a0\u00bb<br \/>16. BOVO BIANTO Kylian REGION SUD CYCLING ACADEMY \u00a0\u00bb\u00a0<br \/>17. RAFFO Joseph UNION SPORTIVE COLOMIERS CYCLISME \u00a0\u00bb\u00a0<br \/>18. RAEKELBOOM No\u00e9 TEAM FACTORY 80 \u00e0 02&rsquo;46\u00a0\u00bb<br \/>19. DEBENNE Matis A.PO.GE CYCLISTE \u00e0 02&rsquo;52\u00a0\u00bb<br \/>20. GAILLARD Ewen BRETAGNE \u00e0 02&rsquo;57\u00a0\u00bb<br \/>21. MORINIERE Lilian UC NANTES ATLANTIQUE \u00a0\u00bb\u00a0<br \/>22. BILLET Simon BOURGOGNE FRANCHE COMTE \u00a0\u00bb\u00a0<br \/>23. GENTER Gabriel PARIS CYCLISTE OLYMPIQUE \u00e0 03&rsquo;06\u00a0\u00bb<br \/>24. BRUTIN Alban HEXAGONE \u00e0 03&rsquo;07\u00a0\u00bb<br \/>25. COLOTTE NYS Antoine STADE TOULOUSAIN CYCLISME \u00e0 03&rsquo;11\u00a0\u00bb<br \/>26. LOUISON Tim\u00e9o AMICALE CYCLISTE BISONTINE \u00e0 03&rsquo;18\u00a0\u00bb<br \/>27. BABIN Gabriel UC NANTES ATLANTIQUE \u00e0 03&rsquo;22\u00a0\u00bb<br \/>28. BELLIER Adam CA EVRON \u00e0 03&rsquo;24\u00a0\u00bb<br \/>29. DANIEL Emeric VC ECKWERSHEIM \u00e0 03&rsquo;34\u00a0\u00bb<br \/>30. CHEMILL\u00c9 Nathan BRETAGNE \u00e0 03&rsquo;38\u00a0\u00bb<br \/>31. THOUREAU Lucas TEAM U LH \u00e0 03&rsquo;47\u00a0\u00bb<br \/>32. DUGAY Charlie MOYON PERCY VELO CLUB \u00e0 03&rsquo;56\u00a0\u00bb<br \/>33. GOBILLOT Axel VTT FUN CLUB \u00e0 04&rsquo;00\u00a0\u00bb<br \/>34. DAVID Quentin AMICALE CYCLISTE BISONTINE \u00a0\u00bb\u00a0<br \/>35. NOEL Mattis PARIS CYCLISTE OLYMPIQUE \u00e0 04&rsquo;27\u00a0\u00bb<br \/>36. FERRON Timote UNION CYCLISTE SUD 53 \u00e0 04&rsquo;32\u00a0\u00bb<br \/>37. ROISSE Cl\u00e9ment TEAM VTT JEUMONT \u00e0 04&rsquo;45\u00a0\u00bb<br \/>38. DESTOUCHES Tom C&rsquo;CHARTRES CYCLISME \u00e0 04&rsquo;51\u00a0\u00bb<br \/>39. ANTOINE Louis BRETAGNE \u00a0\u00bb\u00a0<br \/>40. SPARFEL Batiste CC ETUPES LE DOUBS PAYS DE MONTBELIARD \u00a0\u00bb\u00a0<br \/>41. MAGIOGLOU Iraklis OFF ROAD CYCLISTE D&rsquo;EPONE \u00e0 04&rsquo;54\u00a0\u00bb<br \/>42. DURAND Louis REGION SUD CYCLING ACADEMY \u00e0 04&rsquo;57\u00a0\u00bb<br \/>43. COUGOULAT LE STUNFF No\u00e9 BRETAGNE \u00e0 05&rsquo;04\u00a0\u00bb<br \/>44. BOULLE Loris UC NANTES ATLANTIQUE \u00e0 05&rsquo;10\u00a0\u00bb<br \/>45. VANAELST Batiste TEAM U LH \u00e0 05&rsquo;15\u00a0\u00bb<br \/>46. BORNERT Ethan VC ECKWERSHEIM \u00e0 05&rsquo;18\u00a0\u00bb<br \/>47. VAZE Pierrick ORLEANS LOIRET CYCLISME \u00e0 05&rsquo;23\u00a0\u00bb<br \/>48. CALLAMAND Augustin VELO CLUB COURNON D&rsquo;AUVERGNE \u00e0 05&rsquo;36\u00a0\u00bb<br \/>49. CHESNEL Thomas VC BOCAGE VIRE \u00e0 05&rsquo;38\u00a0\u00bb<br \/>50. JOUBARD Maxime DURTAL VELO SPORT \u00e0 05&rsquo;42\u00a0\u00bb<br \/>51. JESTIN Nolan VS DRENNECOIS \u00e0 05&rsquo;47\u00a0\u00bb<br \/>52. GROLLET Na\u00ebl CYCLE GOLBEEN \u00e0 05&rsquo;54\u00a0\u00bb<br \/>53. COUTIN Victor VC COMMUNAUTAIRE HETTANGE \u00e0 06&rsquo;00\u00a0\u00bb<br \/>54. GENTY Mahe VELO CLUB ESSARTAIS \u00e0 06&rsquo;06\u00a0\u00bb<br \/>55. LECUYER Natha\u00ebl LANDIVISIENNE CYCLISTE \u00e0 06&rsquo;14\u00a0\u00bb<br \/>56. LE PALLEC Mathis OC LOCMINE \u00e0 06&rsquo;29\u00a0\u00bb<br \/>57. ORTEGA MARTIN Thibault BRETAGNE \u00a0\u00bb\u00a0<br \/>58. DHONDT Clovis AS TREPORT CYCLISME \u00e0 06&rsquo;31\u00a0\u00bb<br \/>59. LE FOURNIS Kenan TEAM COTE DE GRANIT ROSE \u00e0 06&rsquo;39\u00a0\u00bb<br \/>60. LETOURNEUR Louis UNION CYCLISTE DU MORTAINAIS \u00e0 06&rsquo;43\u00a0\u00bb<br \/>61. ROUANET Liam LA MOTTE SERVOLEX CYCLISM \u00e0 06&rsquo;45\u00a0\u00bb<br \/>62. COURCIER Mael C&rsquo;CHARTRES CYCLISME \u00e0 06&rsquo;53\u00a0\u00bb<br \/>63. MARCHAND Antonin UC ALREENNE \u00e0 07&rsquo;04\u00a0\u00bb<br \/>64. GRONDIN Baptiste VELO CLUB GOMBERTOIS \u00e0 07&rsquo;13\u00a0\u00bb<br \/>65. ALVAREZ Alban TEAM IPARRALDE \u00e0 07&rsquo;17\u00a0\u00bb<br \/>66. CHATONNET James MOYON PERCY VELO CLUB \u00e0 07&rsquo;22\u00a0\u00bb<br \/>67. TRUCHOT Lancelot TEAM CYCLING ROSE BONBON \u00a0\u00bb\u00a0<br \/>68. LUTTIAU Noe CD VEND\u00c9E \u00e0 07&rsquo;24\u00a0\u00bb<br \/>69. GILBERT Antoine \u00e0 07&rsquo;34\u00a0\u00bb<br \/>70. REGOST Louis O GRANDE SYNTHE \u00e0 07&rsquo;40\u00a0\u00bb<br \/>71. LESCANE William LES SABLES VENDEE CYCLISME \u00a0\u00bb\u00a0<br \/>72. VINCENT Elouan UC NANTES ATLANTIQUE \u00e0 07&rsquo;52\u00a0\u00bb<br \/>73. THATCHER Henri UNION SPORTIVE COLOMIERS CYCLISME \u00e0 07&rsquo;56\u00a0\u00bb<br \/>74. GUILMET Amaury BRETTE SPORTIF \u00e0 08&rsquo;04\u00a0\u00bb<br \/>75. BURIDON Robin VC ECKWERSHEIM \u00a0\u00bb\u00a0<br \/>76. CHEVALIER BAILLOU Pierre TEAM U LH \u00e0 08&rsquo;07\u00a0\u00bb<br \/>77. MARY Timoth\u00e9 VC SAINT LO PONT HEBERT \u00e0 08&rsquo;17\u00a0\u00bb<br \/>78. LOIRE Horacio TARBES CYCLISTE COMPETITION \u00e0 08&rsquo;44\u00a0\u00bb<br \/>79. GILLET Ugo US THIERVILLE CYCLISME \u00e0 09&rsquo;27\u00a0\u00bb<br \/>80. BARRIER PAIVA Tiago TEAM U LH \u00e0 1 Tr<br \/>81. TESSIER Cl\u00e9ment VC AVRANCHES \u00e0 1 Tr<br \/>82. DELBOVE Gabriel TEAM CYCLISTE LINAS MONTLHERY \u00e0 1 Tr<br \/>83. PILON Marius CA EVRON \u00e0 1 Tr<br \/>84. GOBARD Louis GUIDON MACHECOULAIS \u00e0 1 Tr<br \/>85. BRICE Alexandre VC SAINT LO PONT HEBERT \u00e0 1 Tr<br \/>86. CROZIER Lo\u00efs E.C. ST ETIENNE &#8211; LOIRE \u00e0 1 Tr<br \/>87. BOUDIER Baptiste VC CHATEAU GONTIER \u00e0 1 Tr<br \/>88. GILBERT Ethan UV LOUVIERS \u00e0 1 Tr<br \/>89. ANDRIEUX Nino US ST PIERRE DES CORPS \u00e0 1 Tr<br \/>90. JEANJEAN Mathis V.C. VILLEFRANCHE BEAUJOLAIS \u00e0 1 Tr<br \/>91. BONNEAU Yllan LES SABLES VENDEE CYCLISME \u00e0 1 Tr<br \/>92. LAMOINE Cl\u00e9ment AL LA CHAPELLE ST URSIN \u00e0 1 Tr<br \/>93. DUC Charles TEAM FACTORY 80 \u00e0 2 Tr<br \/>94. DESCRAINS Nathan A.C.T. BELFORT \u00e0 2 Tr<br \/>95. BROTIN Hugo VC SAINT LO PONT HEBERT \u00e0 2 Tr<br \/>96. BARBEY POINT Samuel V.C. PIERRELATTE \u00e0 2 Tr<br \/>97. BRUNE Mael GUIDON MACHECOULAIS \u00e0 2 Tr<br \/>98. LEMOUTON Noa VC SAINT LO PONT HEBERT \u00e0 2 Tr<br \/>99. LECOLLINET Alexandre VC AVRANCHES \u00e0 2 Tr<br \/>100. SAUVAGE Albin US MAULE CYCLISME \u00e0 2 Tr<br \/>101. BOURDOU Ethan ORLEANS LOIRET CYCLISME \u00e0 2 Tr<br \/>102. SIMON Mathis LANDIVISIENNE CYCLISTE \u00e0 2 Tr<br \/>103. ONFROY Tom VC NONANTAIS \u00e0 2 Tr<br \/>104. MARCONNET Mathys VC PACEEN \u00e0 2 Tr<br \/>105. PERROT Math\u00e9o E.C. ST ETIENNE &#8211; LOIRE \u00e0 2 Tr<br \/>106. FRANCOIS Tanguy FEP MONT SUR MEURTHE \u00e0 2 Tr<br \/>107. LAMBERDIERE Augustin LE MANS SARTHE VELO \u00e0 2 Tr<br \/>108. GUY Rudy VC AIGLON \u00e0 2 Tr<br \/>109. WASSER Maxim UC BRIOCHINE \u00e0 2 Tr<br \/>110. LEWANDOWSKI Maxence A.C.T. BELFORT \u00e0 2 Tr<br \/>111. DEFRANCQ Mael ES ARQUES \u00e0 3 Tr<br \/>\u00a0<br \/><strong>Abandons :\u00a0<\/strong><br \/>NIZET Marceau EC MONTEBOURG\u00a0<br \/>DELAHAIS Lucas VC SAINT LO PONT HEBERT\u00a0<\/p>\n<p>            En savoir plus : coureurs et \u00e9quipes associ\u00e9s<\/p>\n<p>                Coureurs<\/p>\n<p>                    <img decoding=\"async\" src=\"https:\/\/www.europesays.com\/fr\/wp-content\/uploads\/2025\/12\/6704ec5ccc67b.JPG\" height=\"auto\" loading=\"lazy\"\/><\/p>\n<p>                            Portrait de Victor DEVOS<\/p>\n<p>                \u00c9quipes<\/p>\n","protected":false},"excerpt":{"rendered":"Cr\u00e9dit photo Christophe Dague \/ DirectVelo Cr\u00e9dit photo Christophe Dague \/ DirectVelo Par JULES OLIVIER ELIARD Le 14&hellip;\n","protected":false},"author":2,"featured_media":598578,"comment_status":"","ping_status":"","sticky":false,"template":"","format":"standard","meta":{"footnotes":""},"categories":[1411],"tags":[834,828,836,829,837,827,83,826,824,823,1154,207,814,817,815,816,822,821,832,211,839,1011,27,820,818,819,835,831,830,833,838,60,212,208,825],"class_list":{"0":"post-598577","1":"post","2":"type-post","3":"status-publish","4":"format-standard","5":"has-post-thumbnail","7":"category-cyclisme","8":"tag-attaque","9":"tag-belgique","10":"tag-braquet","11":"tag-bretagne","12":"tag-chute","13":"tag-competition","14":"tag-coupe-de-france","15":"tag-coureur","16":"tag-course-cyclisme","17":"tag-course-cycliste","18":"tag-cycling","19":"tag-cyclisme","20":"tag-direct","21":"tag-direct-velo","22":"tag-directvelo","23":"tag-directvelo-com","24":"tag-epreuve","25":"tag-epreuve-cycliste","26":"tag-federation-francaise-de-cyclisme","27":"tag-ffc","28":"tag-flandres","29":"tag-fr","30":"tag-france","31":"tag-live","32":"tag-live-course","33":"tag-live-epreuve","34":"tag-peloton","35":"tag-radio-peloton","36":"tag-radio-tour","37":"tag-ravitaillement","38":"tag-relance","39":"tag-sports","40":"tag-uci","41":"tag-velo","42":"tag-velos"},"share_on_mastodon":{"url":"https:\/\/pubeurope.com\/@fr\/115717697528778293","error":""},"_links":{"self":[{"href":"https:\/\/www.europesays.com\/fr\/wp-json\/wp\/v2\/posts\/598577","targetHints":{"allow":["GET"]}}],"collection":[{"href":"https:\/\/www.europesays.com\/fr\/wp-json\/wp\/v2\/posts"}],"about":[{"href":"https:\/\/www.europesays.com\/fr\/wp-json\/wp\/v2\/types\/post"}],"author":[{"embeddable":true,"href":"https:\/\/www.europesays.com\/fr\/wp-json\/wp\/v2\/users\/2"}],"replies":[{"embeddable":true,"href":"https:\/\/www.europesays.com\/fr\/wp-json\/wp\/v2\/comments?post=598577"}],"version-history":[{"count":0,"href":"https:\/\/www.europesays.com\/fr\/wp-json\/wp\/v2\/posts\/598577\/revisions"}],"wp:featuredmedia":[{"embeddable":true,"href":"https:\/\/www.europesays.com\/fr\/wp-json\/wp\/v2\/media\/598578"}],"wp:attachment":[{"href":"https:\/\/www.europesays.com\/fr\/wp-json\/wp\/v2\/media?parent=598577"}],"wp:term":[{"taxonomy":"category","embeddable":true,"href":"https:\/\/www.europesays.com\/fr\/wp-json\/wp\/v2\/categories?post=598577"},{"taxonomy":"post_tag","embeddable":true,"href":"https:\/\/www.europesays.com\/fr\/wp-json\/wp\/v2\/tags?post=598577"}],"curies":[{"name":"wp","href":"https:\/\/api.w.org\/{rel}","templated":true}]}}