{"id":598579,"date":"2025-12-14T11:32:14","date_gmt":"2025-12-14T11:32:14","guid":{"rendered":"https:\/\/www.europesays.com\/fr\/598579\/"},"modified":"2025-12-14T11:32:14","modified_gmt":"2025-12-14T11:32:14","slug":"fc-nantes-vers-le-retour-fou-de-ce-crack","status":"publish","type":"post","link":"https:\/\/www.europesays.com\/fr\/598579\/","title":{"rendered":"FC Nantes : Vers le retour fou de ce crack\u00a0"},"content":{"rendered":"<p>Le FC Nantes avance dans le brouillard, et le mercato d\u2019hiver s\u2019annonce br\u00fblant. Dans les bureaux, une id\u00e9e circule et fait lever quelques sourcils.<\/p>\n<p>Seizi\u00e8mes de Ligue 1, les Canaris cherchent de l\u2019air apr\u00e8s le d\u00e9part de Luis Castro et un d\u00e9but de saison \u00e0 l\u2019envers. Le chantier est large, m\u00eame devant, malgr\u00e9 le retour de Ganago. Selon le compte insider @fan_fcnantes_foot, la direction nantaise a pris contact avec Moses Simon, vendu l\u2019\u00e9t\u00e9 dernier au Paris FC pour 7 millions d\u2019euros. L\u2019ailier nig\u00e9rian peine \u00e0 convaincre \u00e0 Paris, trois buts, des bancs r\u00e9p\u00e9t\u00e9s, une forme en pointill\u00e9s. \u00ab Le FC Nantes tente de re-s\u00e9duire Moses Simon ! Pour le mercato hivernal qui arrive, la direction nantaise a contact\u00e9 l\u2019ailier du Paris FC pour lui proposer de revenir en pr\u00eat. \u00c0 l\u2019instant T, Moses Simon ne serait pas forc\u00e9ment tr\u00e8s chaud \u00bb, \u00e9crit le compte sur X.<\/p>\n<p><strong>Une piste connue, mais loin d\u2019\u00eatre simple<\/strong><\/p>\n<p>Le joueur conna\u00eet la maison, les couloirs, l\u2019ambiance parfois lourde. Rien n\u2019est act\u00e9. Nantes pourrait revenir \u00e0 la charge fin janvier.<\/p>\n","protected":false},"excerpt":{"rendered":"Le FC Nantes avance dans le brouillard, et le mercato d\u2019hiver s\u2019annonce br\u00fblant. Dans les bureaux, une id\u00e9e&hellip;\n","protected":false},"author":2,"featured_media":598580,"comment_status":"","ping_status":"","sticky":false,"template":"","format":"standard","meta":{"footnotes":""},"categories":[1410],"tags":[63,1011,27,60],"class_list":{"0":"post-598579","1":"post","2":"type-post","3":"status-publish","4":"format-standard","5":"has-post-thumbnail","7":"category-football","8":"tag-football","9":"tag-fr","10":"tag-france","11":"tag-sports"},"share_on_mastodon":{"url":"https:\/\/pubeurope.com\/@fr\/115717704948809110","error":""},"_links":{"self":[{"href":"https:\/\/www.europesays.com\/fr\/wp-json\/wp\/v2\/posts\/598579","targetHints":{"allow":["GET"]}}],"collection":[{"href":"https:\/\/www.europesays.com\/fr\/wp-json\/wp\/v2\/posts"}],"about":[{"href":"https:\/\/www.europesays.com\/fr\/wp-json\/wp\/v2\/types\/post"}],"author":[{"embeddable":true,"href":"https:\/\/www.europesays.com\/fr\/wp-json\/wp\/v2\/users\/2"}],"replies":[{"embeddable":true,"href":"https:\/\/www.europesays.com\/fr\/wp-json\/wp\/v2\/comments?post=598579"}],"version-history":[{"count":0,"href":"https:\/\/www.europesays.com\/fr\/wp-json\/wp\/v2\/posts\/598579\/revisions"}],"wp:featuredmedia":[{"embeddable":true,"href":"https:\/\/www.europesays.com\/fr\/wp-json\/wp\/v2\/media\/598580"}],"wp:attachment":[{"href":"https:\/\/www.europesays.com\/fr\/wp-json\/wp\/v2\/media?parent=598579"}],"wp:term":[{"taxonomy":"category","embeddable":true,"href":"https:\/\/www.europesays.com\/fr\/wp-json\/wp\/v2\/categories?post=598579"},{"taxonomy":"post_tag","embeddable":true,"href":"https:\/\/www.europesays.com\/fr\/wp-json\/wp\/v2\/tags?post=598579"}],"curies":[{"name":"wp","href":"https:\/\/api.w.org\/{rel}","templated":true}]}}