{"id":598581,"date":"2025-12-14T11:33:16","date_gmt":"2025-12-14T11:33:16","guid":{"rendered":"https:\/\/www.europesays.com\/fr\/598581\/"},"modified":"2025-12-14T11:33:16","modified_gmt":"2025-12-14T11:33:16","slug":"johnny-hallyday-que-devient-la-lorada-sa-villa-de-ramatuelle-nommee-en-lhonneur-de-david-et-laura","status":"publish","type":"post","link":"https:\/\/www.europesays.com\/fr\/598581\/","title":{"rendered":"Johnny Hallyday : que devient La Lorada, sa villa de Ramatuelle nomm\u00e9e en l\u2019honneur de David et Laura ?"},"content":{"rendered":"<p>Johnny Hallyday n\u2019a jamais cach\u00e9 son go\u00fbt pour les belles<br \/>\ndemeures. Parmi toutes <a href=\"https:\/\/www.grazia.fr\/people\/a-21-ans-jade-hallyday-emmenage-dans-un-bungalow-a-1-million-de-dollars-a-santa-monica-1207675.html\" rel=\"nofollow noopener\" target=\"_blank\">les somptueuses propri\u00e9t\u00e9s<\/a> qui ont jalonn\u00e9 la vie<br \/>\nextraordinaire de Johnny Hallyday, une occupe une place \u00e0 part : il<br \/>\ns\u00a0\u00bbagit de La Lorada, l\u2019incroyable hacienda varoise qu\u2019il a fait<br \/>\nconstruire \u00e0 Ramatuelle et qu&rsquo;il a baptis\u00e9e en m\u00ealant les pr\u00e9noms<br \/>\nde <strong>ses deux premiers enfants, Laura (Lora) et David<br \/>\n(Da).<\/strong><\/p>\n<p data-start=\"302\" data-end=\"1039\">\u00c0 la fin des ann\u00e9es 80, lorsque<br \/>\nle mari de Laeticia Hallyday, <a href=\"https:\/\/www.grazia.fr\/people\/laeticia-hallyday-50-ans-a-regle-ses-dettes-voici-de-quoi-vit-la-veuve-de-johnny-hallyday-1207288.html\" rel=\"nofollow noopener\" target=\"_blank\">qui a enfin \u00e9pong\u00e9 ses dettes<\/a>, a d\u00e9cid\u00e9 de s\u2019installer<br \/>\ndans le sud de la France, il a vu les choses en grand. En 1989, il<br \/>\na confi\u00e9 \u00e0 l\u2019architecte Roland Morisse la r\u00e9alisation d\u2019une demeure<br \/>\n\u00ab\u00a0qui fasse r\u00eaver et voyager. Il souhaitait aussi de l\u2019espace,<br \/>\ncar il aimait recevoir\u00a0\u00bb. R\u00e9sultat : au c\u0153ur du prestigieux<br \/>\nquartier de l\u2019Oum\u00e8de, \u00e0 Ramatuelle, est n\u00e9e <strong>une hacienda de<br \/>\nstyle mexicain de pr\u00e8s de 1 000 m\u00b2,<\/strong> dominant les plages de<br \/>\nPampelonne.<\/p>\n<p>La Lorada : une hacienda de style mexicain de pr\u00e8s de 1 000 m\u00b2<br \/>\nsitu\u00e9e \u00e0 Ramatuelle<\/p>\n<p>Jardins m\u00e9diterran\u00e9ens, oliveraie, vignoble, potager,<br \/>\nboulodrome, h\u00e9liport, terrain de tennis, <strong>piscine de 500 m\u00b3<br \/>\navec lagons, cascades artificielles,<\/strong> criques et plages<br \/>\nimmerg\u00e9es\u2026 Tout y a \u00e9t\u00e9 pens\u00e9 pour faire de La Lorada un lieu \u00e0 la<br \/>\nfois spectaculaire et intime.\u00a0\u00c0 l\u2019int\u00e9rieur, cinq chambres, un<br \/>\njacuzzi orn\u00e9 d\u2019un majestueux aigle en mosa\u00efque, un hammam, une<br \/>\nsalle de sport, de vastes terrasses et m\u00eame un studio<br \/>\nd\u2019enregistrement.<\/p>\n<p data-start=\"2724\" data-end=\"3086\">Pourtant, ce paradis n\u2019a pas<br \/>\n\u00e9t\u00e9 simple \u00e0 b\u00e2tir. <strong>Le terrain rocheux a n\u00e9cessit\u00e9<br \/>\nd\u2019importants travaux,<\/strong> dont l\u2019usage de dynamite pour<br \/>\n\u00e9quilibrer les niveaux. \u00ab\u00a0On avait un \u00e9norme trou b\u00e9ant. Lorsque<br \/>\nles gens de Ramatuelle ont vu \u00e7a, ils sont all\u00e9s se plaindre au<br \/>\nmaire. Ils \u00e9taient persuad\u00e9s que je voulais construire un<br \/>\nsupermarch\u00e9\u00a0\u00bb, confiait Johnny Hallyday \u00e0 l&rsquo;\u00e9poque.<\/p>\n<p><img decoding=\"async\" src=\"https:\/\/www.europesays.com\/fr\/wp-content\/uploads\/2025\/12\/1765711996_987_hqdefault.jpg\" width=\"100%\" height=\"auto\"\/><\/p>\n<p>Une villa l\u00e9gendaire, mais dont Johnny<br \/>\na d\u00fb se s\u00e9parer \u00e0 cause de ses dettes<\/p>\n<p>Malgr\u00e9 son attachement profond \u00e0 La Lorada, Johnny Hallyday a<br \/>\nfini par devoir s\u2019en s\u00e9parer. <strong>Accabl\u00e9 par des<br \/>\ndettes<\/strong> et pris dans un conflit avec sa maison de disques,<br \/>\nle p\u00e8re de David et Laura a d\u00fb vendre plusieurs biens embl\u00e9matiques<br \/>\n: la villa Molitor \u00e0 Paris, certaines licences li\u00e9es \u00e0 son nom\u2026 et<br \/>\nLa Lorada. Une perte qu\u2019il a longtemps regrett\u00e9e, tant cette<br \/>\ndemeure repr\u00e9sentait un chapitre important de sa vie.<\/p>\n<p>Selon Closer, <strong data-start=\"3663\" data-end=\"3747\">La Lorada serait aujourd\u2019hui habit\u00e9e<\/strong> par une<br \/>\nfamille originaire d\u2019Europe de l\u2019Est. Le domaine, prot\u00e9g\u00e9 des<br \/>\nregards, reste particuli\u00e8rement discret : aucune image r\u00e9cente ni<br \/>\ntransformation notable n\u2019a filtr\u00e9. La propri\u00e9t\u00e9 conserve ainsi son<br \/>\nmyst\u00e8re, tout en continuant de nourrir l\u2019imaginaire des fans de<br \/>\nJohnny, qui y voient l\u2019un des lieux les plus embl\u00e9matiques de la<br \/>\nvie priv\u00e9e du rockeur.<\/p>\n","protected":false},"excerpt":{"rendered":"Johnny Hallyday n\u2019a jamais cach\u00e9 son go\u00fbt pour les belles demeures. Parmi toutes les somptueuses propri\u00e9t\u00e9s qui ont&hellip;\n","protected":false},"author":2,"featured_media":598582,"comment_status":"","ping_status":"","sticky":false,"template":"","format":"standard","meta":{"footnotes":""},"categories":[1359],"tags":[58,59,1011,27,973,729],"class_list":{"0":"post-598581","1":"post","2":"type-post","3":"status-publish","4":"format-standard","5":"has-post-thumbnail","7":"category-people","8":"tag-divertissement","9":"tag-entertainment","10":"tag-fr","11":"tag-france","12":"tag-people","13":"tag-yout_video"},"share_on_mastodon":{"url":"https:\/\/pubeurope.com\/@fr\/115717709792944208","error":""},"_links":{"self":[{"href":"https:\/\/www.europesays.com\/fr\/wp-json\/wp\/v2\/posts\/598581","targetHints":{"allow":["GET"]}}],"collection":[{"href":"https:\/\/www.europesays.com\/fr\/wp-json\/wp\/v2\/posts"}],"about":[{"href":"https:\/\/www.europesays.com\/fr\/wp-json\/wp\/v2\/types\/post"}],"author":[{"embeddable":true,"href":"https:\/\/www.europesays.com\/fr\/wp-json\/wp\/v2\/users\/2"}],"replies":[{"embeddable":true,"href":"https:\/\/www.europesays.com\/fr\/wp-json\/wp\/v2\/comments?post=598581"}],"version-history":[{"count":0,"href":"https:\/\/www.europesays.com\/fr\/wp-json\/wp\/v2\/posts\/598581\/revisions"}],"wp:featuredmedia":[{"embeddable":true,"href":"https:\/\/www.europesays.com\/fr\/wp-json\/wp\/v2\/media\/598582"}],"wp:attachment":[{"href":"https:\/\/www.europesays.com\/fr\/wp-json\/wp\/v2\/media?parent=598581"}],"wp:term":[{"taxonomy":"category","embeddable":true,"href":"https:\/\/www.europesays.com\/fr\/wp-json\/wp\/v2\/categories?post=598581"},{"taxonomy":"post_tag","embeddable":true,"href":"https:\/\/www.europesays.com\/fr\/wp-json\/wp\/v2\/tags?post=598581"}],"curies":[{"name":"wp","href":"https:\/\/api.w.org\/{rel}","templated":true}]}}