{"id":598585,"date":"2025-12-14T11:36:15","date_gmt":"2025-12-14T11:36:15","guid":{"rendered":"https:\/\/www.europesays.com\/fr\/598585\/"},"modified":"2025-12-14T11:36:15","modified_gmt":"2025-12-14T11:36:15","slug":"natasha-st-pier-inquiete-pour-les-jeunes-candidats-de-la-star-academy-et-la-raison-va-vous-etonner","status":"publish","type":"post","link":"https:\/\/www.europesays.com\/fr\/598585\/","title":{"rendered":"Natasha St-Pier \u00ab\u00a0inqui\u00e8te pour les jeunes\u00a0\u00bb candidats de la Star Academy et la raison va vous \u00e9tonner"},"content":{"rendered":"<p><a href=\"https:\/\/www.telestar.fr\/tele_realite\/dals-2025-natasha-st-pier-incapable-de-remettre-son-trophee-un-chamboulement-a-prevoir-1717527\" target=\"_blank\" rel=\"noopener\"><br \/>\nGrande gagnante de Danse avec les stars en 2024<\/a> sur TF1.<br \/>\nNatasha St-Pier est un visage embl\u00e9matique de la chanson fran\u00e7aise<br \/>\ndepuis d\u00e9j\u00e0 de nombreuses ann\u00e9es. Au d\u00e9but des ann\u00e9es 2000. La<br \/>\nmusicienne avait \u00e9t\u00e9 <strong>choisie pour repr\u00e9senter la France au<br \/>\nconcours de l&rsquo;Eurovision<\/strong>. Elle \u00e9tait alors parvenue \u00e0 se<br \/>\nhisser \u00e0 la quatri\u00e8me place du classement avec son tube intitul\u00e9<br \/>\nJe n\u2019ai que mon \u00e2me\u00a0en 2001.<\/p>\n<p>Malgr\u00e9 ce r\u00e9sultat plus qu&rsquo;honorable, Natasha St-Pier estimait<br \/>\navoir \u00e9chou\u00e9. \u00ab\u00a019 ans, c\u2019est beaucoup trop tard pour apprendre<br \/>\n\u00e0 perdre. C\u2019est la premi\u00e8re fois que je perds. <strong>J\u2019ai<br \/>\nl\u2019impression que je suis une moins que rien<\/strong>\u00ab\u00a0, a ainsi<br \/>\nd\u00e9clar\u00e9 Natasha St-Pier \u00e0 ce sujet lors de son passage dans<br \/>\nl&rsquo;\u00e9mission C \u00e0 vous le samedi 13 d\u00e9cembre 2025 sur France 5. La<br \/>\nchanteuse a ensuite fait un \u00e9tonnant parall\u00e8le avec <a href=\"https:\/\/www.closermag.fr\/tv_tele_realite\/star-academy-2025-lincroyable-et-impressionnante-crise-de-larmes-de-jeanne-apres-le-depart-de-leo-3604556\" target=\"_blank\" rel=\"noopener\"><br \/>\nles candidats de la Star Academy<\/a>.<\/p>\n<p>Natasha St-Pier : \u00ab\u00a0Je pense qu\u2019on n\u2019est pas pr\u00e9par\u00e9 au succ\u00e8s.<br \/>\nEt qu\u2019on n\u2019est pas pr\u00e9par\u00e9 \u00e0 l\u2019\u00e9chec\u00a0\u00bb<\/p>\n<p>\u00ab\u00a0Souvent, je regarde la Star Academy, les \u00e9missions de<br \/>\nt\u00e9l\u00e9-r\u00e9alit\u00e9, et je m\u2019inqui\u00e8te pour ces jeunes-l\u00e0. (&#8230;)<br \/>\nC\u2019est un milieu qui peut \u00eatre dur pour les jeunes. Je pense qu\u2019on<br \/>\nn\u2019est pas pr\u00e9par\u00e9 au succ\u00e8s. Et qu\u2019on n\u2019est pas pr\u00e9par\u00e9 \u00e0 l\u2019\u00e9chec.<br \/>\n<strong>Et les deux peuvent \u00eatre difficiles \u00e0 g\u00e9rer<\/strong>\u00ab\u00a0,<br \/>\na ainsi lanc\u00e9 Natasha St-Pier. Si la musicienne a conserv\u00e9 un<br \/>\nsouvenir plut\u00f4t amer de <a href=\"https:\/\/www.closermag.fr\/tv-tele-realite\/eurovision\/eurovision-2014-natasha-st-pier-remplace-mireille-dumas-aux-commentaires-229328\" target=\"_blank\" rel=\"noopener\"><br \/>\nsa participation \u00e0 l&rsquo;Eurovision<\/a>. Ce n&rsquo;est pas uniquement pour<br \/>\nsa quatri\u00e8me place.<\/p>\n<p>En fait, Natasha St-Pier n&rsquo;avait pas non plus appr\u00e9ci\u00e9 la coupe<br \/>\nde cheveux que la d\u00e9l\u00e9gation fran\u00e7aise lui avait impos\u00e9e en 2001.<br \/>\n\u00ab\u00a0<strong>J\u2019\u00e9tais trop jeune et trop polie.<\/strong> Mes parents<br \/>\nm\u2019avaient appris \u00e0 respecter les adultes. Et je suis arriv\u00e9e dans<br \/>\nun monde d\u2019adultes alors que j\u2019\u00e9tais encore une enfant\u00a0\u00bb, a<br \/>\nnotamment soulign\u00e9 la chanteuse. Qui apprend aujourd&rsquo;hui \u00e0 son<br \/>\njeune fils \u00ab\u00a0\u00e0 perdre et \u00e0 se relever\u00a0\u00bb.<\/p>\n<p>Star Academy 2025 : L\u00e9o a \u00e9t\u00e9 \u00e9limin\u00e9<br \/>\nlors du dernier prime avant la tourn\u00e9e<\/p>\n<p>Pour rappel, le dernier prime en date de la Star Academy s&rsquo;est<br \/>\nd\u00e9roul\u00e9 le samedi 13 d\u00e9cembre 2025 sur TF1. <strong>Il s&rsquo;agissait<br \/>\ndu dernier prime avant la tourn\u00e9e.<\/strong> Par cons\u00e9quent, l&rsquo;enjeu<br \/>\n\u00e9tait de taille pour les candidats en danger ce jour-l\u00e0. En effet,<br \/>\ntous les acad\u00e9miciens qui ont regagn\u00e9 le mythique ch\u00e2teau de<br \/>\nDammarie-les-Lys \u00e0 l&rsquo;issue de ce prime furent assur\u00e9s de participer<br \/>\n\u00e0 la grande tourn\u00e9e du programme pr\u00e9vue en 2026.<\/p>\n<p>Alors que Sarah, Ambre et Bastiaan \u00e9taient d\u00e9j\u00e0 tous les trois<br \/>\nqualifi\u00e9s pour la suite de l&rsquo;aventure. Et donc pour la fameuse<br \/>\ntourn\u00e9e. L&rsquo;\u00e9limination de la semaine s&rsquo;est jou\u00e9e entre Anouk, L\u00e9o,<br \/>\nL\u00e9a, Jeanne, Th\u00e9o P., Victor et M\u00e9lissa. \u00c0 l&rsquo;issue des votes des<br \/>\nt\u00e9l\u00e9spectateurs de TF1. <strong>C&rsquo;est finalement L\u00e9o qui a \u00e9t\u00e9<br \/>\n\u00e9limin\u00e9 de la Star Academy<\/strong> le samedi 13 d\u00e9cembre 2025. Il<br \/>\nne participera donc pas \u00e0 la prochaine tourn\u00e9e du programme avec<br \/>\nses camarades de promotion.<\/p>\n","protected":false},"excerpt":{"rendered":"Grande gagnante de Danse avec les stars en 2024 sur TF1. Natasha St-Pier est un visage embl\u00e9matique de&hellip;\n","protected":false},"author":2,"featured_media":598586,"comment_status":"","ping_status":"","sticky":false,"template":"","format":"standard","meta":{"footnotes":""},"categories":[1356],"tags":[21303,58,59,1011,27,70426,252,1364],"class_list":{"0":"post-598585","1":"post","2":"type-post","3":"status-publish","4":"format-standard","5":"has-post-thumbnail","7":"category-television","8":"tag-buzz_nonli","9":"tag-divertissement","10":"tag-entertainment","11":"tag-fr","12":"tag-france","13":"tag-marfeel_news","14":"tag-television","15":"tag-tv"},"share_on_mastodon":{"url":"https:\/\/pubeurope.com\/@fr\/115717720374946656","error":""},"_links":{"self":[{"href":"https:\/\/www.europesays.com\/fr\/wp-json\/wp\/v2\/posts\/598585","targetHints":{"allow":["GET"]}}],"collection":[{"href":"https:\/\/www.europesays.com\/fr\/wp-json\/wp\/v2\/posts"}],"about":[{"href":"https:\/\/www.europesays.com\/fr\/wp-json\/wp\/v2\/types\/post"}],"author":[{"embeddable":true,"href":"https:\/\/www.europesays.com\/fr\/wp-json\/wp\/v2\/users\/2"}],"replies":[{"embeddable":true,"href":"https:\/\/www.europesays.com\/fr\/wp-json\/wp\/v2\/comments?post=598585"}],"version-history":[{"count":0,"href":"https:\/\/www.europesays.com\/fr\/wp-json\/wp\/v2\/posts\/598585\/revisions"}],"wp:featuredmedia":[{"embeddable":true,"href":"https:\/\/www.europesays.com\/fr\/wp-json\/wp\/v2\/media\/598586"}],"wp:attachment":[{"href":"https:\/\/www.europesays.com\/fr\/wp-json\/wp\/v2\/media?parent=598585"}],"wp:term":[{"taxonomy":"category","embeddable":true,"href":"https:\/\/www.europesays.com\/fr\/wp-json\/wp\/v2\/categories?post=598585"},{"taxonomy":"post_tag","embeddable":true,"href":"https:\/\/www.europesays.com\/fr\/wp-json\/wp\/v2\/tags?post=598585"}],"curies":[{"name":"wp","href":"https:\/\/api.w.org\/{rel}","templated":true}]}}